{"id":6556,"date":"2019-07-22T16:40:46","date_gmt":"2019-07-22T14:40:46","guid":{"rendered":"http:\/\/agora.xtec.cat\/inselcairat\/?p=6556"},"modified":"2019-07-22T16:58:58","modified_gmt":"2019-07-22T14:58:58","slug":"nova-beca-erasmus-per-a-alumnat-i-professorat","status":"publish","type":"post","link":"https:\/\/agora.xtec.cat\/inselcairat\/portada\/nova-beca-erasmus-per-a-alumnat-i-professorat\/","title":{"rendered":"Nova beca Erasmus+ per a alumnat i professorat"},"content":{"rendered":"<p style=\"text-align: justify;\">L&#8217;institut El Cairat ha rebut una beca Erasmus+ KA2 que permetr\u00e0 el curs 2019-2020 les mobilitats d&#8217;alumnat i professorat del projecte identitari &#8220;Gust i Passi\u00f3 per investigar&#8221;. Aquestes mobilitats es faran a Alemanya, Portugal i La Corunya.<\/p>\n<p style=\"text-align: justify;\">El projecte\u00a0<i><b>INVESTEU. Let&#8217;s share our investigation projects with Europe<\/b><\/i> t\u00e9 com a objectius millorar\u00a0 i posar en valor els treballs d&#8217;investigaci\u00f3 amb metodologia cient\u00edfica i generar pr\u00e0ctiques innovadores amb l&#8217;\u00fas de les TIC com a mitj\u00e0 de recerca, gesti\u00f3, creaci\u00f3 i difusi\u00f3 tant d&#8217;informaci\u00f3 com de coneixement.<\/p>\n<p><img loading=\"lazy\" decoding=\"async\" class=\"aligncenter size-medium wp-image-6557\" src=\"https:\/\/agora.xtec.cat\/inselcairat\/wp-content\/uploads\/usu287\/2019\/07\/cofinanciado-1024x249-300x73.png\" alt=\"\" width=\"300\" height=\"73\" srcset=\"https:\/\/agora.xtec.cat\/inselcairat\/wp-content\/uploads\/usu287\/2019\/07\/cofinanciado-1024x249-300x73.png 300w, https:\/\/agora.xtec.cat\/inselcairat\/wp-content\/uploads\/usu287\/2019\/07\/cofinanciado-1024x249-768x187.png 768w, https:\/\/agora.xtec.cat\/inselcairat\/wp-content\/uploads\/usu287\/2019\/07\/cofinanciado-1024x249.png 1024w\" sizes=\"auto, (max-width: 300px) 100vw, 300px\" \/><\/p>\n","protected":false},"excerpt":{"rendered":"<p>L&#8217;institut El Cairat ha rebut una beca Erasmus+ KA2 que permetr\u00e0 el curs 2019-2020 les mobilitats d&#8217;alumnat i professorat del projecte identitari &#8220;Gust i Passi\u00f3 per investigar&#8221;. Aquestes mobilitats es faran a Alemanya, Portugal i La Corunya. El projecte\u00a0INVESTEU. Let&#8217;s share our investigation projects with Europe t\u00e9 com a objectius millorar\u00a0 i posar en valor [&hellip;]<\/p>\n","protected":false},"author":1,"featured_media":0,"comment_status":"open","ping_status":"closed","sticky":false,"template":"","format":"standard","meta":{"_bbp_topic_count":0,"_bbp_reply_count":0,"_bbp_total_topic_count":0,"_bbp_total_reply_count":0,"_bbp_voice_count":0,"_bbp_anonymous_reply_count":0,"_bbp_topic_count_hidden":0,"_bbp_reply_count_hidden":0,"_bbp_forum_subforum_count":0,"site-sidebar-layout":"default","site-content-layout":"","ast-site-content-layout":"","site-content-style":"default","site-sidebar-style":"default","ast-global-header-display":"","ast-banner-title-visibility":"","ast-main-header-display":"","ast-hfb-above-header-display":"","ast-hfb-below-header-display":"","ast-hfb-mobile-header-display":"","site-post-title":"","ast-breadcrumbs-content":"","ast-featured-img":"","footer-sml-layout":"","theme-transparent-header-meta":"","adv-header-id-meta":"","stick-header-meta":"","header-above-stick-meta":"","header-main-stick-meta":"","header-below-stick-meta":"","astra-migrate-meta-layouts":"default","ast-page-background-enabled":"default","ast-page-background-meta":{"desktop":{"background-color":"var(--ast-global-color-4)","background-image":"","background-repeat":"repeat","background-position":"center center","background-size":"auto","background-attachment":"scroll","background-type":"","background-media":"","overlay-type":"","overlay-color":"","overlay-opacity":"","overlay-gradient":""},"tablet":{"background-color":"","background-image":"","background-repeat":"repeat","background-position":"center center","background-size":"auto","background-attachment":"scroll","background-type":"","background-media":"","overlay-type":"","overlay-color":"","overlay-opacity":"","overlay-gradient":""},"mobile":{"background-color":"","background-image":"","background-repeat":"repeat","background-position":"center center","background-size":"auto","background-attachment":"scroll","background-type":"","background-media":"","overlay-type":"","overlay-color":"","overlay-opacity":"","overlay-gradient":""}},"ast-content-background-meta":{"desktop":{"background-color":"var(--ast-global-color-5)","background-image":"","background-repeat":"repeat","background-position":"center center","background-size":"auto","background-attachment":"scroll","background-type":"","background-media":"","overlay-type":"","overlay-color":"","overlay-opacity":"","overlay-gradient":""},"tablet":{"background-color":"var(--ast-global-color-5)","background-image":"","background-repeat":"repeat","background-position":"center center","background-size":"auto","background-attachment":"scroll","background-type":"","background-media":"","overlay-type":"","overlay-color":"","overlay-opacity":"","overlay-gradient":""},"mobile":{"background-color":"var(--ast-global-color-5)","background-image":"","background-repeat":"repeat","background-position":"center center","background-size":"auto","background-attachment":"scroll","background-type":"","background-media":"","overlay-type":"","overlay-color":"","overlay-opacity":"","overlay-gradient":""}},"footnotes":""},"categories":[120,64,29],"tags":[],"class_list":["post-6556","post","type-post","status-publish","format-standard","hentry","category-erasmus","category-espai-plurilingue","category-portada"],"post_mailing_queue_ids":[],"_links":{"self":[{"href":"https:\/\/agora.xtec.cat\/inselcairat\/wp-json\/wp\/v2\/posts\/6556","targetHints":{"allow":["GET"]}}],"collection":[{"href":"https:\/\/agora.xtec.cat\/inselcairat\/wp-json\/wp\/v2\/posts"}],"about":[{"href":"https:\/\/agora.xtec.cat\/inselcairat\/wp-json\/wp\/v2\/types\/post"}],"author":[{"embeddable":true,"href":"https:\/\/agora.xtec.cat\/inselcairat\/wp-json\/wp\/v2\/users\/1"}],"replies":[{"embeddable":true,"href":"https:\/\/agora.xtec.cat\/inselcairat\/wp-json\/wp\/v2\/comments?post=6556"}],"version-history":[{"count":2,"href":"https:\/\/agora.xtec.cat\/inselcairat\/wp-json\/wp\/v2\/posts\/6556\/revisions"}],"predecessor-version":[{"id":6559,"href":"https:\/\/agora.xtec.cat\/inselcairat\/wp-json\/wp\/v2\/posts\/6556\/revisions\/6559"}],"wp:attachment":[{"href":"https:\/\/agora.xtec.cat\/inselcairat\/wp-json\/wp\/v2\/media?parent=6556"}],"wp:term":[{"taxonomy":"category","embeddable":true,"href":"https:\/\/agora.xtec.cat\/inselcairat\/wp-json\/wp\/v2\/categories?post=6556"},{"taxonomy":"post_tag","embeddable":true,"href":"https:\/\/agora.xtec.cat\/inselcairat\/wp-json\/wp\/v2\/tags?post=6556"}],"curies":[{"name":"wp","href":"https:\/\/api.w.org\/{rel}","templated":true}]}}