{"id":6273,"date":"2019-06-05T10:16:18","date_gmt":"2019-06-05T08:16:18","guid":{"rendered":"http:\/\/agora.xtec.cat\/inselcairat\/?p=6273"},"modified":"2019-06-05T10:16:36","modified_gmt":"2019-06-05T08:16:36","slug":"esdelibro-tres-mencions-extraordinaries","status":"publish","type":"post","link":"https:\/\/agora.xtec.cat\/inselcairat\/general\/esdelibro-tres-mencions-extraordinaries\/","title":{"rendered":"ESDELIBRO. Tres mencions extraordin\u00e0ries"},"content":{"rendered":"<div class=\"gs\">\n<div class=\"\">\n<div id=\":y2\" class=\"ii gt\">\n<div id=\":y1\" class=\"a3s aXjCH \">\n<div dir=\"ltr\">\n<p class=\"m_8526866044766784522gmail-western\" lang=\"ca-ES\" style=\"text-align: justify;\">Han guanyat tres mencions extraordin\u00e0ries al al concurs ESDELIBRO pels seus blogs sobre treballs d&#8217;investigaci\u00f3 els seg\u00fcents alumnes:<\/p>\n<ul style=\"text-align: justify;\">\n<li>Sara L\u00f3pez i Asmae El Khoulati (4t d\u2019ESO) amb el seu treball\u00a0<i>Estudi de la vida dels nens que es van quedar a Esparreguera durant la guerra civil<\/i><\/li>\n<li>Eire Torras, Berta Hortig\u00fcela i Airadna Cabezas (2n d\u2019ESO) amb\u00a0<i>Estudi de les causes de la por en adolescents i adults<\/i><\/li>\n<li>\u00a0Ada Mart\u00edn, \u00c9lia Cercuns, Berta Rius i Jan Torrado (2n d&#8217;ESO)\u00a0 amb\u00a0<i>El vi rom\u00e0 a la Laiet\u00e0nia<\/i><\/li>\n<\/ul>\n<p class=\"m_8526866044766784522gmail-western\" lang=\"ca-ES\" style=\"text-align: justify;\">En aquest concurs a nivell estatal\u00a0 han participat\u00a0<span style=\"color: #000000;\"><span lang=\"es-ES\">1.872 estudiants i 628 equips.<\/span><\/span><\/p>\n<p lang=\"ca-ES\">\r\n\t<div class=\"slideshow_container slideshow_container_style-light\" style=\"height: 300px; \" data-slideshow-id=\"6274\" data-style-name=\"style-light\" data-style-version=\"2.3.1\" >\r\n\r\n\t\t\t\t\t<div class=\"slideshow_loading_icon\"><\/div>\r\n\t\t\r\n\t\t<div class=\"slideshow_content\" style=\"display: none;\">\r\n\r\n\t\t\t<div class=\"slideshow_view\">\r\n\t\t\t\t<div class=\"slideshow_slide slideshow_slide_image\">\r\n\t\t\t\t\t\t\t\t\t\t\t<img src=\"https:\/\/agora.xtec.cat\/inselcairat\/wp-content\/uploads\/usu287\/2019\/06\/Blog-el-vi-a-la-Laieta\u0300nia.jpg\" alt=\"Blog el vi a la Laieta\u0300nia\" width=\"1000\" height=\"456\" \/>\r\n\t\t\t\t\t\t\t\t\t\t<div class=\"slideshow_description_box slideshow_transparent\">\r\n\t\t\t\t\t\t<div class=\"slideshow_title\">Blog el vi a la Laieta\u0300nia<\/div>\t\t\t\t\t\t\t\t\t\t\t<\/div>\r\n\t\t\t\t<\/div>\r\n\r\n\t\t\t\t\t\t<div style=\"clear: both;\"><\/div><\/div><div class=\"slideshow_view\">\r\n\t\t\t\t<div class=\"slideshow_slide slideshow_slide_image\">\r\n\t\t\t\t\t\t\t\t\t\t\t<img src=\"https:\/\/agora.xtec.cat\/inselcairat\/wp-content\/uploads\/usu287\/2019\/06\/Ada-Berta-e\u0300lia-i-Jan.-el-vi-a-la-Laietania.jpg\" alt=\"Ada, Berta e\u0300lia i Jan. el vi a la Laietania\" width=\"1500\" height=\"1046\" \/>\r\n\t\t\t\t\t\t\t\t\t\t<div class=\"slideshow_description_box slideshow_transparent\">\r\n\t\t\t\t\t\t<div class=\"slideshow_title\">Ada, Berta e\u0300lia i Jan. el vi a la Laietania<\/div>\t\t\t\t\t\t\t\t\t\t\t<\/div>\r\n\t\t\t\t<\/div>\r\n\r\n\t\t\t\t\t\t<div style=\"clear: both;\"><\/div><\/div><div class=\"slideshow_view\">\r\n\t\t\t\t<div class=\"slideshow_slide slideshow_slide_image\">\r\n\t\t\t\t\t\t\t\t\t\t\t<img src=\"https:\/\/agora.xtec.cat\/inselcairat\/wp-content\/uploads\/usu287\/2019\/06\/La-por.-Berta-Eire-i-Ariadna-1.jpg\" alt=\"La por. Berta, Eire i Ariadna (1)\" width=\"1500\" height=\"1022\" \/>\r\n\t\t\t\t\t\t\t\t\t\t<div class=\"slideshow_description_box slideshow_transparent\">\r\n\t\t\t\t\t\t<div class=\"slideshow_title\">La por. Berta, Eire i Ariadna (1)<\/div>\t\t\t\t\t\t\t\t\t\t\t<\/div>\r\n\t\t\t\t<\/div>\r\n\r\n\t\t\t\t\t\t<div style=\"clear: both;\"><\/div><\/div>\r\n\t\t<\/div>\r\n\r\n\t\t<div class=\"slideshow_controlPanel slideshow_transparent\" style=\"display: none;\"><ul><li class=\"slideshow_togglePlay\" data-play-text=\"Visualitza\" data-pause-text=\"Pausa\"><\/li><\/ul><\/div>\r\n\r\n\t\t<div class=\"slideshow_button slideshow_previous slideshow_transparent\" role=\"button\" data-previous-text=\"Anterior\" style=\"display: none;\"><\/div>\r\n\t\t<div class=\"slideshow_button slideshow_next slideshow_transparent\" role=\"button\" data-next-text=\"Seg\u00fcent\" style=\"display: none;\"><\/div>\r\n\r\n\t\t<div class=\"slideshow_pagination\" style=\"display: none;\" data-go-to-text=\"V\u00e9s a la diapositiva\"><div class=\"slideshow_pagination_center\"><\/div><\/div>\r\n\r\n\t\t<!-- WordPress Slideshow Version 2.3.1 -->\r\n\r\n\t\t\t<\/div>\r\n\r\n<\/p>\n<p lang=\"ca-ES\">\n<\/div>\n<div class=\"yj6qo\"><\/div>\n<div class=\"adL\"><\/div>\n<\/div>\n<\/div>\n<div class=\"hi\"><\/div>\n<\/div>\n<\/div>\n","protected":false},"excerpt":{"rendered":"<p>Han guanyat tres mencions extraordin\u00e0ries al al concurs ESDELIBRO pels seus blogs sobre treballs d&#8217;investigaci\u00f3 els seg\u00fcents alumnes: Sara L\u00f3pez i Asmae El Khoulati (4t d\u2019ESO) amb el seu treball\u00a0Estudi de la vida dels nens que es van quedar a Esparreguera durant la guerra civil Eire Torras, Berta Hortig\u00fcela i Airadna Cabezas (2n d\u2019ESO) amb\u00a0Estudi [&hellip;]<\/p>\n","protected":false},"author":1,"featured_media":6277,"comment_status":"open","ping_status":"closed","sticky":false,"template":"","format":"standard","meta":{"_bbp_topic_count":0,"_bbp_reply_count":0,"_bbp_total_topic_count":0,"_bbp_total_reply_count":0,"_bbp_voice_count":0,"_bbp_anonymous_reply_count":0,"_bbp_topic_count_hidden":0,"_bbp_reply_count_hidden":0,"_bbp_forum_subforum_count":0,"site-sidebar-layout":"default","site-content-layout":"","ast-site-content-layout":"","site-content-style":"default","site-sidebar-style":"default","ast-global-header-display":"","ast-banner-title-visibility":"","ast-main-header-display":"","ast-hfb-above-header-display":"","ast-hfb-below-header-display":"","ast-hfb-mobile-header-display":"","site-post-title":"","ast-breadcrumbs-content":"","ast-featured-img":"","footer-sml-layout":"","theme-transparent-header-meta":"","adv-header-id-meta":"","stick-header-meta":"","header-above-stick-meta":"","header-main-stick-meta":"","header-below-stick-meta":"","astra-migrate-meta-layouts":"default","ast-page-background-enabled":"default","ast-page-background-meta":{"desktop":{"background-color":"var(--ast-global-color-4)","background-image":"","background-repeat":"repeat","background-position":"center center","background-size":"auto","background-attachment":"scroll","background-type":"","background-media":"","overlay-type":"","overlay-color":"","overlay-opacity":"","overlay-gradient":""},"tablet":{"background-color":"","background-image":"","background-repeat":"repeat","background-position":"center center","background-size":"auto","background-attachment":"scroll","background-type":"","background-media":"","overlay-type":"","overlay-color":"","overlay-opacity":"","overlay-gradient":""},"mobile":{"background-color":"","background-image":"","background-repeat":"repeat","background-position":"center center","background-size":"auto","background-attachment":"scroll","background-type":"","background-media":"","overlay-type":"","overlay-color":"","overlay-opacity":"","overlay-gradient":""}},"ast-content-background-meta":{"desktop":{"background-color":"var(--ast-global-color-5)","background-image":"","background-repeat":"repeat","background-position":"center center","background-size":"auto","background-attachment":"scroll","background-type":"","background-media":"","overlay-type":"","overlay-color":"","overlay-opacity":"","overlay-gradient":""},"tablet":{"background-color":"var(--ast-global-color-5)","background-image":"","background-repeat":"repeat","background-position":"center center","background-size":"auto","background-attachment":"scroll","background-type":"","background-media":"","overlay-type":"","overlay-color":"","overlay-opacity":"","overlay-gradient":""},"mobile":{"background-color":"var(--ast-global-color-5)","background-image":"","background-repeat":"repeat","background-position":"center center","background-size":"auto","background-attachment":"scroll","background-type":"","background-media":"","overlay-type":"","overlay-color":"","overlay-opacity":"","overlay-gradient":""}},"footnotes":""},"categories":[115,1,29],"tags":[],"class_list":["post-6273","post","type-post","status-publish","format-standard","has-post-thumbnail","hentry","category-concursos_i_premis","category-general","category-portada"],"post_mailing_queue_ids":[],"_links":{"self":[{"href":"https:\/\/agora.xtec.cat\/inselcairat\/wp-json\/wp\/v2\/posts\/6273","targetHints":{"allow":["GET"]}}],"collection":[{"href":"https:\/\/agora.xtec.cat\/inselcairat\/wp-json\/wp\/v2\/posts"}],"about":[{"href":"https:\/\/agora.xtec.cat\/inselcairat\/wp-json\/wp\/v2\/types\/post"}],"author":[{"embeddable":true,"href":"https:\/\/agora.xtec.cat\/inselcairat\/wp-json\/wp\/v2\/users\/1"}],"replies":[{"embeddable":true,"href":"https:\/\/agora.xtec.cat\/inselcairat\/wp-json\/wp\/v2\/comments?post=6273"}],"version-history":[{"count":2,"href":"https:\/\/agora.xtec.cat\/inselcairat\/wp-json\/wp\/v2\/posts\/6273\/revisions"}],"predecessor-version":[{"id":6279,"href":"https:\/\/agora.xtec.cat\/inselcairat\/wp-json\/wp\/v2\/posts\/6273\/revisions\/6279"}],"wp:featuredmedia":[{"embeddable":true,"href":"https:\/\/agora.xtec.cat\/inselcairat\/wp-json\/wp\/v2\/media\/6277"}],"wp:attachment":[{"href":"https:\/\/agora.xtec.cat\/inselcairat\/wp-json\/wp\/v2\/media?parent=6273"}],"wp:term":[{"taxonomy":"category","embeddable":true,"href":"https:\/\/agora.xtec.cat\/inselcairat\/wp-json\/wp\/v2\/categories?post=6273"},{"taxonomy":"post_tag","embeddable":true,"href":"https:\/\/agora.xtec.cat\/inselcairat\/wp-json\/wp\/v2\/tags?post=6273"}],"curies":[{"name":"wp","href":"https:\/\/api.w.org\/{rel}","templated":true}]}}