{"id":4481,"date":"2018-04-04T22:35:49","date_gmt":"2018-04-04T20:35:49","guid":{"rendered":"http:\/\/agora.xtec.cat\/inselcairat\/?p=4481"},"modified":"2018-04-07T21:51:07","modified_gmt":"2018-04-07T19:51:07","slug":"concurs-literari-i-matematic-sant-jordi-2018","status":"publish","type":"post","link":"https:\/\/agora.xtec.cat\/inselcairat\/portada\/concurs-literari-i-matematic-sant-jordi-2018\/","title":{"rendered":"Concurs literari i fotogr\u00e0fic Sant Jordi 2018"},"content":{"rendered":"<div><span style=\"color: #087eb6; font-family: verdana;\"><span style=\"color: #087eb6; font-family: verdana;\"> <b>Concurs literari i fotogr\u00e0fic Sant Jordi 2018<br \/>\nParticipa amb les teves creacions.<\/b><\/span><\/span><\/div>\n<div><\/div>\n<div>\n<p>Recordeu que aquest divendres\u00a0<b>6 d&#8217;abril<\/b>\u00a0\u00e9s el darrer dia per a presentar les vostres creacions liter\u00e0ries (en catal\u00e0, castell\u00e0, angl\u00e8s o franc\u00e8s), o b\u00e9 amb les fotografies matem\u00e0tiques.<\/p>\n<p>Tamb\u00e9 podeu presentar els vostres relats hist\u00f2rics o fotografies hist\u00f2riques fins el 13 d&#8217;abril.<\/p>\n<div><span style=\"color: #0eb1ff; font-family: verdana;\"> <strong>Animeu-vos a participar-hi!<\/strong> <\/span><\/div>\n<p><strong>Cliqueu en les seg\u00fcents imatges per llegir les bases:<\/strong><\/p>\n<table>\n<tbody>\n<tr>\n<td><a href=\"http:\/\/agora.xtec.cat\/inselcairat\/wp-content\/uploads\/usu287\/2018\/04\/Concurs-Literari-Sant-Jordi-2018.pdf\" target=\"_blank\" rel=\"noopener noreferrer\"><img loading=\"lazy\" decoding=\"async\" class=\"alignnone size-full wp-image-4483\" src=\"http:\/\/agora.xtec.cat\/inselcairat\/wp-content\/uploads\/usu287\/2018\/04\/concursLiterari.jpg\" alt=\"\" width=\"302\" height=\"167\" srcset=\"https:\/\/agora.xtec.cat\/inselcairat\/wp-content\/uploads\/usu287\/2018\/04\/concursLiterari.jpg 302w, https:\/\/agora.xtec.cat\/inselcairat\/wp-content\/uploads\/usu287\/2018\/04\/concursLiterari-300x167.jpg 300w\" sizes=\"auto, (max-width: 302px) 100vw, 302px\" \/><\/a><\/td>\n<td><a href=\"http:\/\/agora.xtec.cat\/inselcairat\/wp-content\/uploads\/usu287\/2018\/04\/fotografiaMatematica_2018.pdf\" target=\"_blank\" rel=\"noopener noreferrer\"><img loading=\"lazy\" decoding=\"async\" class=\"alignnone size-full wp-image-4484\" src=\"http:\/\/agora.xtec.cat\/inselcairat\/wp-content\/uploads\/usu287\/2018\/04\/fotoMatem\u00e0tica.jpg\" alt=\"\" width=\"267\" height=\"189\" \/><\/a><\/td>\n<\/tr>\n<tr>\n<td><a href=\"http:\/\/agora.xtec.cat\/inselcairat\/wp-content\/uploads\/usu287\/2018\/04\/CONCURS-HISTOFOTO.pdf\"><img loading=\"lazy\" decoding=\"async\" class=\"wp-image-4507 aligncenter\" src=\"http:\/\/agora.xtec.cat\/inselcairat\/wp-content\/uploads\/usu287\/2018\/04\/retol-histofoto.png\" alt=\"\" width=\"175\" height=\"245\" srcset=\"https:\/\/agora.xtec.cat\/inselcairat\/wp-content\/uploads\/usu287\/2018\/04\/retol-histofoto.png 1648w, https:\/\/agora.xtec.cat\/inselcairat\/wp-content\/uploads\/usu287\/2018\/04\/retol-histofoto-213x300.png 213w, https:\/\/agora.xtec.cat\/inselcairat\/wp-content\/uploads\/usu287\/2018\/04\/retol-histofoto-768x1079.png 768w, https:\/\/agora.xtec.cat\/inselcairat\/wp-content\/uploads\/usu287\/2018\/04\/retol-histofoto-729x1024.png 729w\" sizes=\"auto, (max-width: 175px) 100vw, 175px\" \/><\/a><\/td>\n<td><a href=\"http:\/\/agora.xtec.cat\/inselcairat\/wp-content\/uploads\/usu287\/2018\/04\/CONCURS-RELATS.pdf\"><img loading=\"lazy\" decoding=\"async\" class=\"wp-image-4510 aligncenter\" src=\"http:\/\/agora.xtec.cat\/inselcairat\/wp-content\/uploads\/usu287\/2018\/04\/retol-relats.png\" alt=\"\" width=\"171\" height=\"240\" srcset=\"https:\/\/agora.xtec.cat\/inselcairat\/wp-content\/uploads\/usu287\/2018\/04\/retol-relats.png 1648w, https:\/\/agora.xtec.cat\/inselcairat\/wp-content\/uploads\/usu287\/2018\/04\/retol-relats-213x300.png 213w, https:\/\/agora.xtec.cat\/inselcairat\/wp-content\/uploads\/usu287\/2018\/04\/retol-relats-768x1079.png 768w, https:\/\/agora.xtec.cat\/inselcairat\/wp-content\/uploads\/usu287\/2018\/04\/retol-relats-729x1024.png 729w\" sizes=\"auto, (max-width: 171px) 100vw, 171px\" \/><\/a><\/td>\n<\/tr>\n<\/tbody>\n<\/table>\n<p>&nbsp;<\/p>\n<\/div>\n","protected":false},"excerpt":{"rendered":"<p>Concurs literari i fotogr\u00e0fic Sant Jordi 2018 Participa amb les teves creacions. Recordeu que aquest divendres\u00a06 d&#8217;abril\u00a0\u00e9s el darrer dia per a presentar les vostres creacions liter\u00e0ries (en catal\u00e0, castell\u00e0, angl\u00e8s o franc\u00e8s), o b\u00e9 amb les fotografies matem\u00e0tiques. Tamb\u00e9 podeu presentar els vostres relats hist\u00f2rics o fotografies hist\u00f2riques fins el 13 d&#8217;abril. Animeu-vos a [&hellip;]<\/p>\n","protected":false},"author":1,"featured_media":0,"comment_status":"open","ping_status":"closed","sticky":false,"template":"","format":"standard","meta":{"_bbp_topic_count":0,"_bbp_reply_count":0,"_bbp_total_topic_count":0,"_bbp_total_reply_count":0,"_bbp_voice_count":0,"_bbp_anonymous_reply_count":0,"_bbp_topic_count_hidden":0,"_bbp_reply_count_hidden":0,"_bbp_forum_subforum_count":0,"site-sidebar-layout":"default","site-content-layout":"","ast-site-content-layout":"","site-content-style":"default","site-sidebar-style":"default","ast-global-header-display":"","ast-banner-title-visibility":"","ast-main-header-display":"","ast-hfb-above-header-display":"","ast-hfb-below-header-display":"","ast-hfb-mobile-header-display":"","site-post-title":"","ast-breadcrumbs-content":"","ast-featured-img":"","footer-sml-layout":"","theme-transparent-header-meta":"","adv-header-id-meta":"","stick-header-meta":"","header-above-stick-meta":"","header-main-stick-meta":"","header-below-stick-meta":"","astra-migrate-meta-layouts":"default","ast-page-background-enabled":"default","ast-page-background-meta":{"desktop":{"background-color":"var(--ast-global-color-4)","background-image":"","background-repeat":"repeat","background-position":"center center","background-size":"auto","background-attachment":"scroll","background-type":"","background-media":"","overlay-type":"","overlay-color":"","overlay-opacity":"","overlay-gradient":""},"tablet":{"background-color":"","background-image":"","background-repeat":"repeat","background-position":"center center","background-size":"auto","background-attachment":"scroll","background-type":"","background-media":"","overlay-type":"","overlay-color":"","overlay-opacity":"","overlay-gradient":""},"mobile":{"background-color":"","background-image":"","background-repeat":"repeat","background-position":"center center","background-size":"auto","background-attachment":"scroll","background-type":"","background-media":"","overlay-type":"","overlay-color":"","overlay-opacity":"","overlay-gradient":""}},"ast-content-background-meta":{"desktop":{"background-color":"var(--ast-global-color-5)","background-image":"","background-repeat":"repeat","background-position":"center center","background-size":"auto","background-attachment":"scroll","background-type":"","background-media":"","overlay-type":"","overlay-color":"","overlay-opacity":"","overlay-gradient":""},"tablet":{"background-color":"var(--ast-global-color-5)","background-image":"","background-repeat":"repeat","background-position":"center center","background-size":"auto","background-attachment":"scroll","background-type":"","background-media":"","overlay-type":"","overlay-color":"","overlay-opacity":"","overlay-gradient":""},"mobile":{"background-color":"var(--ast-global-color-5)","background-image":"","background-repeat":"repeat","background-position":"center center","background-size":"auto","background-attachment":"scroll","background-type":"","background-media":"","overlay-type":"","overlay-color":"","overlay-opacity":"","overlay-gradient":""}},"footnotes":""},"categories":[64,29],"tags":[],"class_list":["post-4481","post","type-post","status-publish","format-standard","hentry","category-espai-plurilingue","category-portada"],"post_mailing_queue_ids":[],"_links":{"self":[{"href":"https:\/\/agora.xtec.cat\/inselcairat\/wp-json\/wp\/v2\/posts\/4481","targetHints":{"allow":["GET"]}}],"collection":[{"href":"https:\/\/agora.xtec.cat\/inselcairat\/wp-json\/wp\/v2\/posts"}],"about":[{"href":"https:\/\/agora.xtec.cat\/inselcairat\/wp-json\/wp\/v2\/types\/post"}],"author":[{"embeddable":true,"href":"https:\/\/agora.xtec.cat\/inselcairat\/wp-json\/wp\/v2\/users\/1"}],"replies":[{"embeddable":true,"href":"https:\/\/agora.xtec.cat\/inselcairat\/wp-json\/wp\/v2\/comments?post=4481"}],"version-history":[{"count":3,"href":"https:\/\/agora.xtec.cat\/inselcairat\/wp-json\/wp\/v2\/posts\/4481\/revisions"}],"predecessor-version":[{"id":4514,"href":"https:\/\/agora.xtec.cat\/inselcairat\/wp-json\/wp\/v2\/posts\/4481\/revisions\/4514"}],"wp:attachment":[{"href":"https:\/\/agora.xtec.cat\/inselcairat\/wp-json\/wp\/v2\/media?parent=4481"}],"wp:term":[{"taxonomy":"category","embeddable":true,"href":"https:\/\/agora.xtec.cat\/inselcairat\/wp-json\/wp\/v2\/categories?post=4481"},{"taxonomy":"post_tag","embeddable":true,"href":"https:\/\/agora.xtec.cat\/inselcairat\/wp-json\/wp\/v2\/tags?post=4481"}],"curies":[{"name":"wp","href":"https:\/\/api.w.org\/{rel}","templated":true}]}}