{"id":360,"date":"2016-03-13T00:38:34","date_gmt":"2016-03-12T23:38:34","guid":{"rendered":"http:\/\/agora.xtec.cat\/inselcairat\/?p=360"},"modified":"2016-03-18T23:09:58","modified_gmt":"2016-03-18T22:09:58","slug":"participacio-als-actes-del-dia-de-la-dona-treballadora","status":"publish","type":"post","link":"https:\/\/agora.xtec.cat\/inselcairat\/eso\/participacio-als-actes-del-dia-de-la-dona-treballadora\/","title":{"rendered":"Participaci\u00f3 als actes del Dia de la Dona Treballadora"},"content":{"rendered":"<p><strong>Participaci\u00f3 als actes del Dia de la Dona Treballadora<\/strong><\/p>\n<p>L&#8217;alumnat del centre participa amb una lectura de poemes sobre la reivindicaci\u00f3 dels somnis i desitjos de les dones i amb l&#8217;actuaci\u00f3 musical amb can\u00e7ons de dones defensant la seva igualtat. Tamb\u00e9 es reflexiona aquesta desigualtat que es troba present encara en les can\u00e7ons, a partir del treball de recerca sobre la viol\u00e8ncia de g\u00e8nere a l&#8217;\u00e0mbit musical, o b\u00e9 en el nostre llenguatge.<\/p>\n<p style=\"text-align: center;\"><a href=\"http:\/\/agora.xtec.cat\/inselcairat\/wp-content\/uploads\/usu287\/2016\/03\/dia-de-la-dona.jpg\"><img loading=\"lazy\" decoding=\"async\" class=\"alignnone size-large wp-image-364\" src=\"http:\/\/agora.xtec.cat\/inselcairat\/wp-content\/uploads\/usu287\/2016\/03\/dia-de-la-dona-1024x768.jpg\" alt=\"dia de la dona\" width=\"1024\" height=\"768\" srcset=\"https:\/\/agora.xtec.cat\/inselcairat\/wp-content\/uploads\/usu287\/2016\/03\/dia-de-la-dona-1024x768.jpg 1024w, https:\/\/agora.xtec.cat\/inselcairat\/wp-content\/uploads\/usu287\/2016\/03\/dia-de-la-dona-300x225.jpg 300w, https:\/\/agora.xtec.cat\/inselcairat\/wp-content\/uploads\/usu287\/2016\/03\/dia-de-la-dona-200x150.jpg 200w, https:\/\/agora.xtec.cat\/inselcairat\/wp-content\/uploads\/usu287\/2016\/03\/dia-de-la-dona.jpg 1058w\" sizes=\"auto, (max-width: 1024px) 100vw, 1024px\" \/><\/a><\/p>\n","protected":false},"excerpt":{"rendered":"<p>Participaci\u00f3 als actes del Dia de la Dona Treballadora L&#8217;alumnat del centre participa amb una lectura de poemes sobre la reivindicaci\u00f3 dels somnis i desitjos de les dones i amb l&#8217;actuaci\u00f3 musical amb can\u00e7ons de dones defensant la seva igualtat. Tamb\u00e9 es reflexiona aquesta desigualtat que es troba present encara en les can\u00e7ons, a partir [&hellip;]<\/p>\n","protected":false},"author":1,"featured_media":364,"comment_status":"open","ping_status":"open","sticky":false,"template":"","format":"standard","meta":{"_bbp_topic_count":0,"_bbp_reply_count":0,"_bbp_total_topic_count":0,"_bbp_total_reply_count":0,"_bbp_voice_count":0,"_bbp_anonymous_reply_count":0,"_bbp_topic_count_hidden":0,"_bbp_reply_count_hidden":0,"_bbp_forum_subforum_count":0,"site-sidebar-layout":"default","site-content-layout":"","ast-site-content-layout":"","site-content-style":"default","site-sidebar-style":"default","ast-global-header-display":"","ast-banner-title-visibility":"","ast-main-header-display":"","ast-hfb-above-header-display":"","ast-hfb-below-header-display":"","ast-hfb-mobile-header-display":"","site-post-title":"","ast-breadcrumbs-content":"","ast-featured-img":"","footer-sml-layout":"","theme-transparent-header-meta":"","adv-header-id-meta":"","stick-header-meta":"","header-above-stick-meta":"","header-main-stick-meta":"","header-below-stick-meta":"","astra-migrate-meta-layouts":"default","ast-page-background-enabled":"default","ast-page-background-meta":{"desktop":{"background-color":"var(--ast-global-color-4)","background-image":"","background-repeat":"repeat","background-position":"center center","background-size":"auto","background-attachment":"scroll","background-type":"","background-media":"","overlay-type":"","overlay-color":"","overlay-opacity":"","overlay-gradient":""},"tablet":{"background-color":"","background-image":"","background-repeat":"repeat","background-position":"center center","background-size":"auto","background-attachment":"scroll","background-type":"","background-media":"","overlay-type":"","overlay-color":"","overlay-opacity":"","overlay-gradient":""},"mobile":{"background-color":"","background-image":"","background-repeat":"repeat","background-position":"center center","background-size":"auto","background-attachment":"scroll","background-type":"","background-media":"","overlay-type":"","overlay-color":"","overlay-opacity":"","overlay-gradient":""}},"ast-content-background-meta":{"desktop":{"background-color":"var(--ast-global-color-5)","background-image":"","background-repeat":"repeat","background-position":"center center","background-size":"auto","background-attachment":"scroll","background-type":"","background-media":"","overlay-type":"","overlay-color":"","overlay-opacity":"","overlay-gradient":""},"tablet":{"background-color":"var(--ast-global-color-5)","background-image":"","background-repeat":"repeat","background-position":"center center","background-size":"auto","background-attachment":"scroll","background-type":"","background-media":"","overlay-type":"","overlay-color":"","overlay-opacity":"","overlay-gradient":""},"mobile":{"background-color":"var(--ast-global-color-5)","background-image":"","background-repeat":"repeat","background-position":"center center","background-size":"auto","background-attachment":"scroll","background-type":"","background-media":"","overlay-type":"","overlay-color":"","overlay-opacity":"","overlay-gradient":""}},"footnotes":""},"categories":[8,3,29],"tags":[],"class_list":["post-360","post","type-post","status-publish","format-standard","has-post-thumbnail","hentry","category-batxillerat","category-eso","category-portada"],"post_mailing_queue_ids":[],"_links":{"self":[{"href":"https:\/\/agora.xtec.cat\/inselcairat\/wp-json\/wp\/v2\/posts\/360","targetHints":{"allow":["GET"]}}],"collection":[{"href":"https:\/\/agora.xtec.cat\/inselcairat\/wp-json\/wp\/v2\/posts"}],"about":[{"href":"https:\/\/agora.xtec.cat\/inselcairat\/wp-json\/wp\/v2\/types\/post"}],"author":[{"embeddable":true,"href":"https:\/\/agora.xtec.cat\/inselcairat\/wp-json\/wp\/v2\/users\/1"}],"replies":[{"embeddable":true,"href":"https:\/\/agora.xtec.cat\/inselcairat\/wp-json\/wp\/v2\/comments?post=360"}],"version-history":[{"count":2,"href":"https:\/\/agora.xtec.cat\/inselcairat\/wp-json\/wp\/v2\/posts\/360\/revisions"}],"predecessor-version":[{"id":523,"href":"https:\/\/agora.xtec.cat\/inselcairat\/wp-json\/wp\/v2\/posts\/360\/revisions\/523"}],"wp:featuredmedia":[{"embeddable":true,"href":"https:\/\/agora.xtec.cat\/inselcairat\/wp-json\/wp\/v2\/media\/364"}],"wp:attachment":[{"href":"https:\/\/agora.xtec.cat\/inselcairat\/wp-json\/wp\/v2\/media?parent=360"}],"wp:term":[{"taxonomy":"category","embeddable":true,"href":"https:\/\/agora.xtec.cat\/inselcairat\/wp-json\/wp\/v2\/categories?post=360"},{"taxonomy":"post_tag","embeddable":true,"href":"https:\/\/agora.xtec.cat\/inselcairat\/wp-json\/wp\/v2\/tags?post=360"}],"curies":[{"name":"wp","href":"https:\/\/api.w.org\/{rel}","templated":true}]}}