{"id":2467,"date":"2017-05-15T19:00:30","date_gmt":"2017-05-15T17:00:30","guid":{"rendered":"http:\/\/agora.xtec.cat\/inselcairat\/?p=2467"},"modified":"2018-06-10T23:28:34","modified_gmt":"2018-06-10T21:28:34","slug":"premi-baldiri-reixac-per-a-dos-alumnes-de-linstitut-el-cairat","status":"publish","type":"post","link":"https:\/\/agora.xtec.cat\/inselcairat\/general\/premi-baldiri-reixac-per-a-dos-alumnes-de-linstitut-el-cairat\/","title":{"rendered":"Premi Baldiri Reixac per a dos alumnes de l&#8217;institut El Cairat"},"content":{"rendered":"<p style=\"text-align: justify;\">El jurat dels <a href=\"http:\/\/www.fundaciocarulla.cat\/ca\/noticies\/guardonats-dels-xxxix-premis-baldiri-reixac\"><strong>39ns Premis Baldiri Reixac<\/strong><\/a> ha atorgat un dels 50 premis de 900 euros pel treball presentat en la modalitat alumnes amb el t\u00edtol:<\/p>\n<p style=\"text-align: justify;\"><strong>Estudi sobre el patrimoni industrial, cient\u00edfic i tecnol\u00f2gic d&#8217;Esparreguera i la seva difusi\u00f3 i coneixement entre la ciutadania de la vila \u00a0 \u00a0<\/strong><\/p>\n<p style=\"text-align: justify;\">Marc F\u00e9lez i Gemma Serrano, alumnes de 4t d\u2019ESO.<\/p>\n<p style=\"text-align: justify;\">Professores: Carme Piqu\u00e9 i Marisa Salgado<\/p>\n<div class=\"ast-oembed-container \" style=\"height: 100%;\"><iframe loading=\"lazy\" title=\"Presentaci\u00f3 EDULOC\" width=\"500\" height=\"281\" src=\"https:\/\/www.youtube.com\/embed\/M5sC5SjQHxw?feature=oembed\" frameborder=\"0\" allow=\"accelerometer; autoplay; clipboard-write; encrypted-media; gyroscope; picture-in-picture; web-share\" referrerpolicy=\"strict-origin-when-cross-origin\" allowfullscreen><\/iframe><\/div>\n","protected":false},"excerpt":{"rendered":"<p>El jurat dels 39ns Premis Baldiri Reixac ha atorgat un dels 50 premis de 900 euros pel treball presentat en la modalitat alumnes amb el t\u00edtol: Estudi sobre el patrimoni industrial, cient\u00edfic i tecnol\u00f2gic d&#8217;Esparreguera i la seva difusi\u00f3 i coneixement entre la ciutadania de la vila \u00a0 \u00a0 Marc F\u00e9lez i Gemma Serrano, alumnes [&hellip;]<\/p>\n","protected":false},"author":1,"featured_media":2469,"comment_status":"open","ping_status":"closed","sticky":false,"template":"","format":"standard","meta":{"_bbp_topic_count":0,"_bbp_reply_count":0,"_bbp_total_topic_count":0,"_bbp_total_reply_count":0,"_bbp_voice_count":0,"_bbp_anonymous_reply_count":0,"_bbp_topic_count_hidden":0,"_bbp_reply_count_hidden":0,"_bbp_forum_subforum_count":0,"site-sidebar-layout":"default","site-content-layout":"","ast-site-content-layout":"","site-content-style":"default","site-sidebar-style":"default","ast-global-header-display":"","ast-banner-title-visibility":"","ast-main-header-display":"","ast-hfb-above-header-display":"","ast-hfb-below-header-display":"","ast-hfb-mobile-header-display":"","site-post-title":"","ast-breadcrumbs-content":"","ast-featured-img":"","footer-sml-layout":"","theme-transparent-header-meta":"","adv-header-id-meta":"","stick-header-meta":"","header-above-stick-meta":"","header-main-stick-meta":"","header-below-stick-meta":"","astra-migrate-meta-layouts":"default","ast-page-background-enabled":"default","ast-page-background-meta":{"desktop":{"background-color":"var(--ast-global-color-4)","background-image":"","background-repeat":"repeat","background-position":"center center","background-size":"auto","background-attachment":"scroll","background-type":"","background-media":"","overlay-type":"","overlay-color":"","overlay-opacity":"","overlay-gradient":""},"tablet":{"background-color":"","background-image":"","background-repeat":"repeat","background-position":"center center","background-size":"auto","background-attachment":"scroll","background-type":"","background-media":"","overlay-type":"","overlay-color":"","overlay-opacity":"","overlay-gradient":""},"mobile":{"background-color":"","background-image":"","background-repeat":"repeat","background-position":"center center","background-size":"auto","background-attachment":"scroll","background-type":"","background-media":"","overlay-type":"","overlay-color":"","overlay-opacity":"","overlay-gradient":""}},"ast-content-background-meta":{"desktop":{"background-color":"var(--ast-global-color-5)","background-image":"","background-repeat":"repeat","background-position":"center center","background-size":"auto","background-attachment":"scroll","background-type":"","background-media":"","overlay-type":"","overlay-color":"","overlay-opacity":"","overlay-gradient":""},"tablet":{"background-color":"var(--ast-global-color-5)","background-image":"","background-repeat":"repeat","background-position":"center center","background-size":"auto","background-attachment":"scroll","background-type":"","background-media":"","overlay-type":"","overlay-color":"","overlay-opacity":"","overlay-gradient":""},"mobile":{"background-color":"var(--ast-global-color-5)","background-image":"","background-repeat":"repeat","background-position":"center center","background-size":"auto","background-attachment":"scroll","background-type":"","background-media":"","overlay-type":"","overlay-color":"","overlay-opacity":"","overlay-gradient":""}},"footnotes":""},"categories":[115,1,118,29],"tags":[],"class_list":["post-2467","post","type-post","status-publish","format-standard","has-post-thumbnail","hentry","category-concursos_i_premis","category-general","category-gust-i-passio","category-portada"],"post_mailing_queue_ids":[],"_links":{"self":[{"href":"https:\/\/agora.xtec.cat\/inselcairat\/wp-json\/wp\/v2\/posts\/2467","targetHints":{"allow":["GET"]}}],"collection":[{"href":"https:\/\/agora.xtec.cat\/inselcairat\/wp-json\/wp\/v2\/posts"}],"about":[{"href":"https:\/\/agora.xtec.cat\/inselcairat\/wp-json\/wp\/v2\/types\/post"}],"author":[{"embeddable":true,"href":"https:\/\/agora.xtec.cat\/inselcairat\/wp-json\/wp\/v2\/users\/1"}],"replies":[{"embeddable":true,"href":"https:\/\/agora.xtec.cat\/inselcairat\/wp-json\/wp\/v2\/comments?post=2467"}],"version-history":[{"count":2,"href":"https:\/\/agora.xtec.cat\/inselcairat\/wp-json\/wp\/v2\/posts\/2467\/revisions"}],"predecessor-version":[{"id":2470,"href":"https:\/\/agora.xtec.cat\/inselcairat\/wp-json\/wp\/v2\/posts\/2467\/revisions\/2470"}],"wp:featuredmedia":[{"embeddable":true,"href":"https:\/\/agora.xtec.cat\/inselcairat\/wp-json\/wp\/v2\/media\/2469"}],"wp:attachment":[{"href":"https:\/\/agora.xtec.cat\/inselcairat\/wp-json\/wp\/v2\/media?parent=2467"}],"wp:term":[{"taxonomy":"category","embeddable":true,"href":"https:\/\/agora.xtec.cat\/inselcairat\/wp-json\/wp\/v2\/categories?post=2467"},{"taxonomy":"post_tag","embeddable":true,"href":"https:\/\/agora.xtec.cat\/inselcairat\/wp-json\/wp\/v2\/tags?post=2467"}],"curies":[{"name":"wp","href":"https:\/\/api.w.org\/{rel}","templated":true}]}}