{"id":17146,"date":"2026-04-27T09:22:00","date_gmt":"2026-04-27T07:22:00","guid":{"rendered":"https:\/\/agora.xtec.cat\/inselcairat\/?p=17146"},"modified":"2026-04-23T12:24:23","modified_gmt":"2026-04-23T10:24:23","slug":"el-pfi-participa-en-una-jornada-dorientacio-professional-amb-la-fundacio-fil","status":"publish","type":"post","link":"https:\/\/agora.xtec.cat\/inselcairat\/portada\/el-pfi-participa-en-una-jornada-dorientacio-professional-amb-la-fundacio-fil\/","title":{"rendered":"El PFI participa en una jornada d\u2019orientaci\u00f3 professional amb la Fundaci\u00f3 FIL"},"content":{"rendered":"\n<p>L\u2019alumnat del PFI d&#8217;El Cairat, juntament amb el PFI d\u2019El Castell d\u2019Esparreguera, han participat en una activitat d\u2019orientaci\u00f3 organitzada amb la referent del programa Ocell de foc, i amb la col\u00b7laboraci\u00f3 de la Fundaci\u00f3 FIL. La proposta ha combinat una visita a les instal\u00b7lacions amb una simulaci\u00f3 d\u2019entrevistes de feina, amb l\u2019objectiu d\u2019acostar els joves a situacions reals de selecci\u00f3 i inserci\u00f3 laboral.<\/p>\n\n\n\n<p>Per organitzar millor la sessi\u00f3, el grup s\u2019ha dividit en dos subgrups i ha anat alternant les diferents parts de l\u2019activitat. Mentre un grup feia la visita, l\u2019altre participava en les entrevistes, i despr\u00e9s canviaven els rols perqu\u00e8 tothom pogu\u00e9s viure l\u2019experi\u00e8ncia completa. Aquesta organitzaci\u00f3 ha perm\u00e8s treballar amb m\u00e9s calma i oferir una atenci\u00f3 m\u00e9s personalitzada.<\/p>\n\n\n\n<p>La part d\u2019entrevistes ha reprodu\u00eft un proc\u00e9s de selecci\u00f3 real amb tres candidatures vinculades a serveis de la Fundaci\u00f3 FIL: atenci\u00f3 al p\u00fablic, jardineria i industrial. Cada alumne\/a podia inscriure\u2019s a un m\u00e0xim de dues candidatures i havia de portar el seu curr\u00edculum preparat per al dia de l\u2019activitat.<\/p>\n\n\n\n<p>Durant la jornada, les entrevistes s\u2019han fet en tres espais diferents i amb una durada aproximada de 5 minuts per alumne\/a, mentre la resta de participants esperaven a una sala habilitada per a l\u2019ocasi\u00f3. Despr\u00e9s, cada jove ha rebut una graella d\u2019avaluaci\u00f3 individual amb puntuaci\u00f3 de l\u20191 al 5 per obtenir feedback sobre les seves respostes i compet\u00e8ncies.<\/p>\n\n\n\n<p>Aquesta activitat ha estat una oportunitat molt valuosa perqu\u00e8 l\u2019alumnat practiqui habilitats comunicatives, entengui millor com funciona una entrevista de feina i continu\u00ef avan\u00e7ant en el seu proc\u00e9s d\u2019orientaci\u00f3 acad\u00e8mica i professional.<\/p>\n\n\n\n<figure class=\"wp-block-gallery has-nested-images columns-default is-cropped wp-block-gallery-1 is-layout-flex wp-block-gallery-is-layout-flex\">\n<figure class=\"wp-block-image size-large\"><a href=\"https:\/\/agora.xtec.cat\/inselcairat\/wp-content\/uploads\/usu287\/2026\/04\/FundacioFIL1.jpg\"><img loading=\"lazy\" decoding=\"async\" width=\"480\" height=\"640\" data-id=\"17147\" src=\"https:\/\/agora.xtec.cat\/inselcairat\/wp-content\/uploads\/usu287\/2026\/04\/FundacioFIL1.jpg\" alt=\"\" class=\"wp-image-17147\" srcset=\"https:\/\/agora.xtec.cat\/inselcairat\/wp-content\/uploads\/usu287\/2026\/04\/FundacioFIL1.jpg 480w, https:\/\/agora.xtec.cat\/inselcairat\/wp-content\/uploads\/usu287\/2026\/04\/FundacioFIL1-225x300.jpg 225w\" sizes=\"auto, (max-width: 480px) 100vw, 480px\" \/><\/a><\/figure>\n\n\n\n<figure class=\"wp-block-image size-large\"><a href=\"https:\/\/agora.xtec.cat\/inselcairat\/wp-content\/uploads\/usu287\/2026\/04\/FundacioFIL2.jpg\"><img loading=\"lazy\" decoding=\"async\" width=\"480\" height=\"640\" data-id=\"17148\" src=\"https:\/\/agora.xtec.cat\/inselcairat\/wp-content\/uploads\/usu287\/2026\/04\/FundacioFIL2.jpg\" alt=\"\" class=\"wp-image-17148\" srcset=\"https:\/\/agora.xtec.cat\/inselcairat\/wp-content\/uploads\/usu287\/2026\/04\/FundacioFIL2.jpg 480w, https:\/\/agora.xtec.cat\/inselcairat\/wp-content\/uploads\/usu287\/2026\/04\/FundacioFIL2-225x300.jpg 225w\" sizes=\"auto, (max-width: 480px) 100vw, 480px\" \/><\/a><\/figure>\n<\/figure>\n","protected":false},"excerpt":{"rendered":"<p>L\u2019alumnat del PFI d&#8217;El Cairat, juntament amb el PFI d\u2019El Castell d\u2019Esparreguera, han participat en una activitat d\u2019orientaci\u00f3 organitzada amb la referent del programa Ocell de foc, i amb la col\u00b7laboraci\u00f3 de la Fundaci\u00f3 FIL. La proposta ha combinat una visita a les instal\u00b7lacions amb una simulaci\u00f3 d\u2019entrevistes de feina, amb l\u2019objectiu d\u2019acostar els joves [&hellip;]<\/p>\n","protected":false},"author":1,"featured_media":17148,"comment_status":"closed","ping_status":"open","sticky":false,"template":"","format":"standard","meta":{"_bbp_topic_count":0,"_bbp_reply_count":0,"_bbp_total_topic_count":0,"_bbp_total_reply_count":0,"_bbp_voice_count":0,"_bbp_anonymous_reply_count":0,"_bbp_topic_count_hidden":0,"_bbp_reply_count_hidden":0,"_bbp_forum_subforum_count":0,"site-sidebar-layout":"default","site-content-layout":"","ast-site-content-layout":"default","site-content-style":"default","site-sidebar-style":"default","ast-global-header-display":"","ast-banner-title-visibility":"","ast-main-header-display":"","ast-hfb-above-header-display":"","ast-hfb-below-header-display":"","ast-hfb-mobile-header-display":"","site-post-title":"","ast-breadcrumbs-content":"","ast-featured-img":"","footer-sml-layout":"","theme-transparent-header-meta":"","adv-header-id-meta":"","stick-header-meta":"","header-above-stick-meta":"","header-main-stick-meta":"","header-below-stick-meta":"","astra-migrate-meta-layouts":"set","ast-page-background-enabled":"default","ast-page-background-meta":{"desktop":{"background-color":"var(--ast-global-color-4)","background-image":"","background-repeat":"repeat","background-position":"center center","background-size":"auto","background-attachment":"scroll","background-type":"","background-media":"","overlay-type":"","overlay-color":"","overlay-opacity":"","overlay-gradient":""},"tablet":{"background-color":"","background-image":"","background-repeat":"repeat","background-position":"center center","background-size":"auto","background-attachment":"scroll","background-type":"","background-media":"","overlay-type":"","overlay-color":"","overlay-opacity":"","overlay-gradient":""},"mobile":{"background-color":"","background-image":"","background-repeat":"repeat","background-position":"center center","background-size":"auto","background-attachment":"scroll","background-type":"","background-media":"","overlay-type":"","overlay-color":"","overlay-opacity":"","overlay-gradient":""}},"ast-content-background-meta":{"desktop":{"background-color":"var(--ast-global-color-5)","background-image":"","background-repeat":"repeat","background-position":"center center","background-size":"auto","background-attachment":"scroll","background-type":"","background-media":"","overlay-type":"","overlay-color":"","overlay-opacity":"","overlay-gradient":""},"tablet":{"background-color":"var(--ast-global-color-5)","background-image":"","background-repeat":"repeat","background-position":"center center","background-size":"auto","background-attachment":"scroll","background-type":"","background-media":"","overlay-type":"","overlay-color":"","overlay-opacity":"","overlay-gradient":""},"mobile":{"background-color":"var(--ast-global-color-5)","background-image":"","background-repeat":"repeat","background-position":"center center","background-size":"auto","background-attachment":"scroll","background-type":"","background-media":"","overlay-type":"","overlay-color":"","overlay-opacity":"","overlay-gradient":""}},"footnotes":""},"categories":[174,29],"tags":[],"class_list":["post-17146","post","type-post","status-publish","format-standard","has-post-thumbnail","hentry","category-pfi-depdid","category-portada"],"post_mailing_queue_ids":[],"_links":{"self":[{"href":"https:\/\/agora.xtec.cat\/inselcairat\/wp-json\/wp\/v2\/posts\/17146","targetHints":{"allow":["GET"]}}],"collection":[{"href":"https:\/\/agora.xtec.cat\/inselcairat\/wp-json\/wp\/v2\/posts"}],"about":[{"href":"https:\/\/agora.xtec.cat\/inselcairat\/wp-json\/wp\/v2\/types\/post"}],"author":[{"embeddable":true,"href":"https:\/\/agora.xtec.cat\/inselcairat\/wp-json\/wp\/v2\/users\/1"}],"replies":[{"embeddable":true,"href":"https:\/\/agora.xtec.cat\/inselcairat\/wp-json\/wp\/v2\/comments?post=17146"}],"version-history":[{"count":1,"href":"https:\/\/agora.xtec.cat\/inselcairat\/wp-json\/wp\/v2\/posts\/17146\/revisions"}],"predecessor-version":[{"id":17149,"href":"https:\/\/agora.xtec.cat\/inselcairat\/wp-json\/wp\/v2\/posts\/17146\/revisions\/17149"}],"wp:featuredmedia":[{"embeddable":true,"href":"https:\/\/agora.xtec.cat\/inselcairat\/wp-json\/wp\/v2\/media\/17148"}],"wp:attachment":[{"href":"https:\/\/agora.xtec.cat\/inselcairat\/wp-json\/wp\/v2\/media?parent=17146"}],"wp:term":[{"taxonomy":"category","embeddable":true,"href":"https:\/\/agora.xtec.cat\/inselcairat\/wp-json\/wp\/v2\/categories?post=17146"},{"taxonomy":"post_tag","embeddable":true,"href":"https:\/\/agora.xtec.cat\/inselcairat\/wp-json\/wp\/v2\/tags?post=17146"}],"curies":[{"name":"wp","href":"https:\/\/api.w.org\/{rel}","templated":true}]}}