{"id":12922,"date":"2024-02-06T13:09:17","date_gmt":"2024-02-06T12:09:17","guid":{"rendered":"https:\/\/agora.xtec.cat\/inselcairat\/?p=12922"},"modified":"2024-02-29T12:38:15","modified_gmt":"2024-02-29T11:38:15","slug":"radio-escairats-esquiada-de-batxillerat","status":"publish","type":"post","link":"https:\/\/agora.xtec.cat\/inselcairat\/eso\/eso-3\/radio-escairats-esquiada-de-batxillerat\/","title":{"rendered":"R\u00e0dio Escairats: Esquiada de Batxillerat"},"content":{"rendered":"<p>El dijous passat, <strong>dijous dia 1 de febrer<\/strong> es va emetre el<strong> 4t programa d&#8217;aquesta temporada<\/strong> de <a href=\"https:\/\/agora.xtec.cat\/inselcairat\/categoria\/projectes\/radio-escarirats\/\">R\u00e0dio Escairats<\/a>.<\/p>\n<p>En aquesta ocasi\u00f3, podreu escoltar <strong>tres alumnes de batxillerat<\/strong> a la secci\u00f3 de l&#8217;<strong>entrevista<\/strong> per parlar de l&#8217;<strong>esquiada<\/strong> que es fa a <strong>1r de batxillerat<\/strong>. Ells s\u00f3n el<strong> Nil Armengol, l&#8217;Oriol Lorenzo i l&#8217;Olga Quintanilla<\/strong>.<\/p>\n<p><strong>Gr\u00e0cies per venir i col\u00b7laborar<\/strong> amb aquest projecte de l&#8217;institut!<\/p>\n<p>Com sempre, us <a href=\"https:\/\/www.radioesparreguera.cat\/embed\/podcast?id=radioesparreguera_podcast_21585\">compartim el programa 1\/2\/2024<\/a> perqu\u00e8 el pogueu gaudir!<\/p>\n<p>Endavant, R\u00e0dio Escairats!<\/p>\n<p><img loading=\"lazy\" decoding=\"async\" class=\"aligncenter wp-image-12923 size-full\" src=\"https:\/\/agora.xtec.cat\/inselcairat\/wp-content\/uploads\/usu287\/2024\/02\/IMG-20240205-WA0002.jpg\" alt=\"\" width=\"961\" height=\"1280\" srcset=\"https:\/\/agora.xtec.cat\/inselcairat\/wp-content\/uploads\/usu287\/2024\/02\/IMG-20240205-WA0002.jpg 961w, https:\/\/agora.xtec.cat\/inselcairat\/wp-content\/uploads\/usu287\/2024\/02\/IMG-20240205-WA0002-225x300.jpg 225w, https:\/\/agora.xtec.cat\/inselcairat\/wp-content\/uploads\/usu287\/2024\/02\/IMG-20240205-WA0002-769x1024.jpg 769w, https:\/\/agora.xtec.cat\/inselcairat\/wp-content\/uploads\/usu287\/2024\/02\/IMG-20240205-WA0002-768x1023.jpg 768w\" sizes=\"auto, (max-width: 961px) 100vw, 961px\" \/><\/p>\n","protected":false},"excerpt":{"rendered":"<p>El dijous passat, dijous dia 1 de febrer es va emetre el 4t programa d&#8217;aquesta temporada de R\u00e0dio Escairats. En aquesta ocasi\u00f3, podreu escoltar tres alumnes de batxillerat a la secci\u00f3 de l&#8217;entrevista per parlar de l&#8217;esquiada que es fa a 1r de batxillerat. Ells s\u00f3n el Nil Armengol, l&#8217;Oriol Lorenzo i l&#8217;Olga Quintanilla. Gr\u00e0cies [&hellip;]<\/p>\n","protected":false},"author":1,"featured_media":0,"comment_status":"closed","ping_status":"closed","sticky":false,"template":"","format":"standard","meta":{"_bbp_topic_count":0,"_bbp_reply_count":0,"_bbp_total_topic_count":0,"_bbp_total_reply_count":0,"_bbp_voice_count":0,"_bbp_anonymous_reply_count":0,"_bbp_topic_count_hidden":0,"_bbp_reply_count_hidden":0,"_bbp_forum_subforum_count":0,"site-sidebar-layout":"default","site-content-layout":"","ast-site-content-layout":"","site-content-style":"default","site-sidebar-style":"default","ast-global-header-display":"","ast-banner-title-visibility":"","ast-main-header-display":"","ast-hfb-above-header-display":"","ast-hfb-below-header-display":"","ast-hfb-mobile-header-display":"","site-post-title":"","ast-breadcrumbs-content":"","ast-featured-img":"","footer-sml-layout":"","theme-transparent-header-meta":"","adv-header-id-meta":"","stick-header-meta":"","header-above-stick-meta":"","header-main-stick-meta":"","header-below-stick-meta":"","astra-migrate-meta-layouts":"default","ast-page-background-enabled":"default","ast-page-background-meta":{"desktop":{"background-color":"var(--ast-global-color-4)","background-image":"","background-repeat":"repeat","background-position":"center center","background-size":"auto","background-attachment":"scroll","background-type":"","background-media":"","overlay-type":"","overlay-color":"","overlay-opacity":"","overlay-gradient":""},"tablet":{"background-color":"","background-image":"","background-repeat":"repeat","background-position":"center center","background-size":"auto","background-attachment":"scroll","background-type":"","background-media":"","overlay-type":"","overlay-color":"","overlay-opacity":"","overlay-gradient":""},"mobile":{"background-color":"","background-image":"","background-repeat":"repeat","background-position":"center center","background-size":"auto","background-attachment":"scroll","background-type":"","background-media":"","overlay-type":"","overlay-color":"","overlay-opacity":"","overlay-gradient":""}},"ast-content-background-meta":{"desktop":{"background-color":"var(--ast-global-color-5)","background-image":"","background-repeat":"repeat","background-position":"center center","background-size":"auto","background-attachment":"scroll","background-type":"","background-media":"","overlay-type":"","overlay-color":"","overlay-opacity":"","overlay-gradient":""},"tablet":{"background-color":"var(--ast-global-color-5)","background-image":"","background-repeat":"repeat","background-position":"center center","background-size":"auto","background-attachment":"scroll","background-type":"","background-media":"","overlay-type":"","overlay-color":"","overlay-opacity":"","overlay-gradient":""},"mobile":{"background-color":"var(--ast-global-color-5)","background-image":"","background-repeat":"repeat","background-position":"center center","background-size":"auto","background-attachment":"scroll","background-type":"","background-media":"","overlay-type":"","overlay-color":"","overlay-opacity":"","overlay-gradient":""}},"footnotes":""},"categories":[8,171,6,29,144],"tags":[],"class_list":["post-12922","post","type-post","status-publish","format-standard","hentry","category-batxillerat","category-llengues","category-eso-3","category-portada","category-radio-escarirats"],"post_mailing_queue_ids":[],"_links":{"self":[{"href":"https:\/\/agora.xtec.cat\/inselcairat\/wp-json\/wp\/v2\/posts\/12922","targetHints":{"allow":["GET"]}}],"collection":[{"href":"https:\/\/agora.xtec.cat\/inselcairat\/wp-json\/wp\/v2\/posts"}],"about":[{"href":"https:\/\/agora.xtec.cat\/inselcairat\/wp-json\/wp\/v2\/types\/post"}],"author":[{"embeddable":true,"href":"https:\/\/agora.xtec.cat\/inselcairat\/wp-json\/wp\/v2\/users\/1"}],"replies":[{"embeddable":true,"href":"https:\/\/agora.xtec.cat\/inselcairat\/wp-json\/wp\/v2\/comments?post=12922"}],"version-history":[{"count":2,"href":"https:\/\/agora.xtec.cat\/inselcairat\/wp-json\/wp\/v2\/posts\/12922\/revisions"}],"predecessor-version":[{"id":13078,"href":"https:\/\/agora.xtec.cat\/inselcairat\/wp-json\/wp\/v2\/posts\/12922\/revisions\/13078"}],"wp:attachment":[{"href":"https:\/\/agora.xtec.cat\/inselcairat\/wp-json\/wp\/v2\/media?parent=12922"}],"wp:term":[{"taxonomy":"category","embeddable":true,"href":"https:\/\/agora.xtec.cat\/inselcairat\/wp-json\/wp\/v2\/categories?post=12922"},{"taxonomy":"post_tag","embeddable":true,"href":"https:\/\/agora.xtec.cat\/inselcairat\/wp-json\/wp\/v2\/tags?post=12922"}],"curies":[{"name":"wp","href":"https:\/\/api.w.org\/{rel}","templated":true}]}}