{"id":11401,"date":"2023-02-03T09:33:39","date_gmt":"2023-02-03T08:33:39","guid":{"rendered":"https:\/\/agora.xtec.cat\/inselcairat\/?p=11401"},"modified":"2026-04-14T08:26:20","modified_gmt":"2026-04-14T06:26:20","slug":"dia-internacional-escolar-de-la-no-violencia-i-la-pau","status":"publish","type":"post","link":"https:\/\/agora.xtec.cat\/inselcairat\/portada\/dia-internacional-escolar-de-la-no-violencia-i-la-pau\/","title":{"rendered":"Dia Internacional Escolar de la No Viol\u00e8ncia i la Pau"},"content":{"rendered":"<p dir=\"ltr\">El 30 de gener, Dia Internacional Escolar de la No Viol\u00e8ncia i la Pau, es va realitzar l&#8217;acte <i>Camins de Pau <\/i> proposat des del <a href=\"https:\/\/www.esparreguera.cat\/educacio\/projecte-educatiu-de-ciutat\/coneix-el-pec\/\" target=\"_blank\" rel=\"noopener\" data-saferedirecturl=\"https:\/\/www.google.com\/url?q=https:\/\/www.esparreguera.cat\/educacio\/projecte-educatiu-de-ciutat\/coneix-el-pec\/&amp;source=gmail&amp;ust=1675494262975000&amp;usg=AOvVaw2mKnwIygnggNCNSJ_Ed-Jm\">Projecte Educatiu de Ciutat (PEC)<\/a>.<\/p>\n<p dir=\"ltr\">L\u2019Institut va participar al mat\u00ed, amb alguns alumnes de 4t d&#8217;ESO, que des de l\u2019\u00e0rea de ci\u00e8ncies socials van preparar unes caixes del temps que van compartir i intercanviar amb la resta de centres de secund\u00e0ria del municipi.<\/p>\n<p dir=\"ltr\">A la tarda, l\u2019alumnat de 4t d\u2019ESO i 1r de batxillerat d\u2019Arts Esc\u00e8niques va participar en la performance d\u2019homenatge als refugiats i a favor de la pau al m\u00f3n.<\/p>\n<p dir=\"ltr\"><img loading=\"lazy\" decoding=\"async\" class=\"aligncenter size-full wp-image-11402\" src=\"https:\/\/agora.xtec.cat\/inselcairat\/wp-content\/uploads\/usu287\/2023\/02\/Dia-Internacional-Escolar-de-la-No-Violencia-i-la-Pau-scaled.jpg\" alt=\"\" width=\"2560\" height=\"2560\" srcset=\"https:\/\/agora.xtec.cat\/inselcairat\/wp-content\/uploads\/usu287\/2023\/02\/Dia-Internacional-Escolar-de-la-No-Violencia-i-la-Pau-scaled.jpg 2560w, https:\/\/agora.xtec.cat\/inselcairat\/wp-content\/uploads\/usu287\/2023\/02\/Dia-Internacional-Escolar-de-la-No-Violencia-i-la-Pau-300x300.jpg 300w, https:\/\/agora.xtec.cat\/inselcairat\/wp-content\/uploads\/usu287\/2023\/02\/Dia-Internacional-Escolar-de-la-No-Violencia-i-la-Pau-1024x1024.jpg 1024w, https:\/\/agora.xtec.cat\/inselcairat\/wp-content\/uploads\/usu287\/2023\/02\/Dia-Internacional-Escolar-de-la-No-Violencia-i-la-Pau-150x150.jpg 150w, https:\/\/agora.xtec.cat\/inselcairat\/wp-content\/uploads\/usu287\/2023\/02\/Dia-Internacional-Escolar-de-la-No-Violencia-i-la-Pau-768x768.jpg 768w, https:\/\/agora.xtec.cat\/inselcairat\/wp-content\/uploads\/usu287\/2023\/02\/Dia-Internacional-Escolar-de-la-No-Violencia-i-la-Pau-1536x1536.jpg 1536w, https:\/\/agora.xtec.cat\/inselcairat\/wp-content\/uploads\/usu287\/2023\/02\/Dia-Internacional-Escolar-de-la-No-Violencia-i-la-Pau-2048x2048.jpg 2048w\" sizes=\"auto, (max-width: 2560px) 100vw, 2560px\" \/><\/p>\n","protected":false},"excerpt":{"rendered":"<p>El 30 de gener, Dia Internacional Escolar de la No Viol\u00e8ncia i la Pau, es va realitzar l&#8217;acte Camins de Pau proposat des del Projecte Educatiu de Ciutat (PEC). L\u2019Institut va participar al mat\u00ed, amb alguns alumnes de 4t d&#8217;ESO, que des de l\u2019\u00e0rea de ci\u00e8ncies socials van preparar unes caixes del temps que van [&hellip;]<\/p>\n","protected":false},"author":1,"featured_media":0,"comment_status":"closed","ping_status":"closed","sticky":false,"template":"","format":"standard","meta":{"_bbp_topic_count":0,"_bbp_reply_count":0,"_bbp_total_topic_count":0,"_bbp_total_reply_count":0,"_bbp_voice_count":0,"_bbp_anonymous_reply_count":0,"_bbp_topic_count_hidden":0,"_bbp_reply_count_hidden":0,"_bbp_forum_subforum_count":0,"site-sidebar-layout":"default","site-content-layout":"","ast-site-content-layout":"","site-content-style":"default","site-sidebar-style":"default","ast-global-header-display":"","ast-banner-title-visibility":"","ast-main-header-display":"","ast-hfb-above-header-display":"","ast-hfb-below-header-display":"","ast-hfb-mobile-header-display":"","site-post-title":"","ast-breadcrumbs-content":"","ast-featured-img":"","footer-sml-layout":"","theme-transparent-header-meta":"","adv-header-id-meta":"","stick-header-meta":"","header-above-stick-meta":"","header-main-stick-meta":"","header-below-stick-meta":"","astra-migrate-meta-layouts":"default","ast-page-background-enabled":"default","ast-page-background-meta":{"desktop":{"background-color":"var(--ast-global-color-4)","background-image":"","background-repeat":"repeat","background-position":"center center","background-size":"auto","background-attachment":"scroll","background-type":"","background-media":"","overlay-type":"","overlay-color":"","overlay-opacity":"","overlay-gradient":""},"tablet":{"background-color":"","background-image":"","background-repeat":"repeat","background-position":"center center","background-size":"auto","background-attachment":"scroll","background-type":"","background-media":"","overlay-type":"","overlay-color":"","overlay-opacity":"","overlay-gradient":""},"mobile":{"background-color":"","background-image":"","background-repeat":"repeat","background-position":"center center","background-size":"auto","background-attachment":"scroll","background-type":"","background-media":"","overlay-type":"","overlay-color":"","overlay-opacity":"","overlay-gradient":""}},"ast-content-background-meta":{"desktop":{"background-color":"var(--ast-global-color-5)","background-image":"","background-repeat":"repeat","background-position":"center center","background-size":"auto","background-attachment":"scroll","background-type":"","background-media":"","overlay-type":"","overlay-color":"","overlay-opacity":"","overlay-gradient":""},"tablet":{"background-color":"var(--ast-global-color-5)","background-image":"","background-repeat":"repeat","background-position":"center center","background-size":"auto","background-attachment":"scroll","background-type":"","background-media":"","overlay-type":"","overlay-color":"","overlay-opacity":"","overlay-gradient":""},"mobile":{"background-color":"var(--ast-global-color-5)","background-image":"","background-repeat":"repeat","background-position":"center center","background-size":"auto","background-attachment":"scroll","background-type":"","background-media":"","overlay-type":"","overlay-color":"","overlay-opacity":"","overlay-gradient":""}},"footnotes":""},"categories":[106,290,29],"tags":[267],"class_list":["post-11401","post","type-post","status-publish","format-standard","hentry","category-celebracions","category-arts-esceniques","category-portada","tag-dia-internacional-escolar-de-la-no-violencia-i-la-pau"],"post_mailing_queue_ids":[],"_links":{"self":[{"href":"https:\/\/agora.xtec.cat\/inselcairat\/wp-json\/wp\/v2\/posts\/11401","targetHints":{"allow":["GET"]}}],"collection":[{"href":"https:\/\/agora.xtec.cat\/inselcairat\/wp-json\/wp\/v2\/posts"}],"about":[{"href":"https:\/\/agora.xtec.cat\/inselcairat\/wp-json\/wp\/v2\/types\/post"}],"author":[{"embeddable":true,"href":"https:\/\/agora.xtec.cat\/inselcairat\/wp-json\/wp\/v2\/users\/1"}],"replies":[{"embeddable":true,"href":"https:\/\/agora.xtec.cat\/inselcairat\/wp-json\/wp\/v2\/comments?post=11401"}],"version-history":[{"count":1,"href":"https:\/\/agora.xtec.cat\/inselcairat\/wp-json\/wp\/v2\/posts\/11401\/revisions"}],"predecessor-version":[{"id":11403,"href":"https:\/\/agora.xtec.cat\/inselcairat\/wp-json\/wp\/v2\/posts\/11401\/revisions\/11403"}],"wp:attachment":[{"href":"https:\/\/agora.xtec.cat\/inselcairat\/wp-json\/wp\/v2\/media?parent=11401"}],"wp:term":[{"taxonomy":"category","embeddable":true,"href":"https:\/\/agora.xtec.cat\/inselcairat\/wp-json\/wp\/v2\/categories?post=11401"},{"taxonomy":"post_tag","embeddable":true,"href":"https:\/\/agora.xtec.cat\/inselcairat\/wp-json\/wp\/v2\/tags?post=11401"}],"curies":[{"name":"wp","href":"https:\/\/api.w.org\/{rel}","templated":true}]}}