{"id":1278,"date":"2017-10-22T14:15:00","date_gmt":"2017-10-22T12:15:00","guid":{"rendered":"http:\/\/agora.xtec.cat\/insdetordera\/?p=1278"},"modified":"2017-12-18T16:59:04","modified_gmt":"2017-12-18T15:59:04","slug":"visitem-la-deixalleria-de-tordera","status":"publish","type":"post","link":"https:\/\/agora.xtec.cat\/insdetordera\/general\/visitem-la-deixalleria-de-tordera\/","title":{"rendered":"Visitem la Deixalleria de Tordera!"},"content":{"rendered":"<p>En el marc del Projecte de 3r d&#8217;ESO\u00a0<i>UP2U<\/i>, de Sostenibilitat i Reciclatge, el passat dilluns 2 d&#8217;octubre els alumnes de 3r d&#8217;ESO van anar a visitar la Deixalleria Municipal. Els va sorprendre que fos tan petita; tots s&#8217;imaginaven una instal\u00b7laci\u00f3 m\u00e9s gran. De fet, \u00e9s massa petita tenint en compte la poblaci\u00f3 de Tordera. Van tenir l&#8217;oportunitat de con\u00e8ixer com es gestionen els residus. Com que ja ens havien vingut a fer una xerrada de la Recollida Selectiva des de l&#8217;Ajuntament, aquesta visita va servir per consolidar el que ja havien apr\u00e8s i per veure realment tot el proc\u00e9s de tractament de residus (la poda, la ferralla, els olis, la roba, el paper i cartr\u00f3, els envasos, etc). Aquest projecte ens est\u00e0 ajudant a conscienciar-nos ambientalment a tots.<\/p>\n<p><a href=\"http:\/\/agora.xtec.cat\/insdetordera\/wp-content\/uploads\/usu282\/2017\/10\/deixalleria-Tordera.jpg\"><img loading=\"lazy\" decoding=\"async\" class=\"alignnone size-large wp-image-1279\" src=\"http:\/\/agora.xtec.cat\/insdetordera\/wp-content\/uploads\/usu282\/2017\/10\/deixalleria-Tordera-1024x576.jpg\" alt=\"\" width=\"1024\" height=\"576\" srcset=\"https:\/\/agora.xtec.cat\/insdetordera\/wp-content\/uploads\/usu282\/2017\/10\/deixalleria-Tordera-1024x576.jpg 1024w, https:\/\/agora.xtec.cat\/insdetordera\/wp-content\/uploads\/usu282\/2017\/10\/deixalleria-Tordera-300x169.jpg 300w, https:\/\/agora.xtec.cat\/insdetordera\/wp-content\/uploads\/usu282\/2017\/10\/deixalleria-Tordera-768x432.jpg 768w, https:\/\/agora.xtec.cat\/insdetordera\/wp-content\/uploads\/usu282\/2017\/10\/deixalleria-Tordera.jpg 1417w\" sizes=\"auto, (max-width: 1024px) 100vw, 1024px\" \/><\/a><\/p>\n<p>A la foto, un dels grups de 3r d&#8217;ESO.<\/p>\n","protected":false},"excerpt":{"rendered":"<p>En el marc del Projecte de 3r d&#8217;ESO\u00a0UP2U, de Sostenibilitat i Reciclatge, el passat dilluns 2 d&#8217;octubre els alumnes de 3r d&#8217;ESO van anar a visitar la Deixalleria Municipal. Els va sorprendre que fos tan petita; tots s&#8217;imaginaven una instal\u00b7laci\u00f3 m\u00e9s gran. De fet, \u00e9s&hellip;  <a href=\"https:\/\/agora.xtec.cat\/insdetordera\/general\/visitem-la-deixalleria-de-tordera\/\" title=\"Read Visitem la Deixalleria de Tordera!\">Llegeix m\u00e9s\u00bb<\/a><\/p>\n","protected":false},"author":20,"featured_media":1279,"comment_status":"open","ping_status":"closed","sticky":false,"template":"","format":"standard","meta":{"_bbp_topic_count":0,"_bbp_reply_count":0,"_bbp_total_topic_count":0,"_bbp_total_reply_count":0,"_bbp_voice_count":0,"_bbp_anonymous_reply_count":0,"_bbp_topic_count_hidden":0,"_bbp_reply_count_hidden":0,"_bbp_forum_subforum_count":0,"footnotes":""},"categories":[1,29],"tags":[],"class_list":["post-1278","post","type-post","status-publish","format-standard","has-post-thumbnail","hentry","category-general","category-portada"],"post_mailing_queue_ids":[],"_links":{"self":[{"href":"https:\/\/agora.xtec.cat\/insdetordera\/wp-json\/wp\/v2\/posts\/1278","targetHints":{"allow":["GET"]}}],"collection":[{"href":"https:\/\/agora.xtec.cat\/insdetordera\/wp-json\/wp\/v2\/posts"}],"about":[{"href":"https:\/\/agora.xtec.cat\/insdetordera\/wp-json\/wp\/v2\/types\/post"}],"author":[{"embeddable":true,"href":"https:\/\/agora.xtec.cat\/insdetordera\/wp-json\/wp\/v2\/users\/20"}],"replies":[{"embeddable":true,"href":"https:\/\/agora.xtec.cat\/insdetordera\/wp-json\/wp\/v2\/comments?post=1278"}],"version-history":[{"count":1,"href":"https:\/\/agora.xtec.cat\/insdetordera\/wp-json\/wp\/v2\/posts\/1278\/revisions"}],"predecessor-version":[{"id":1280,"href":"https:\/\/agora.xtec.cat\/insdetordera\/wp-json\/wp\/v2\/posts\/1278\/revisions\/1280"}],"wp:featuredmedia":[{"embeddable":true,"href":"https:\/\/agora.xtec.cat\/insdetordera\/wp-json\/wp\/v2\/media\/1279"}],"wp:attachment":[{"href":"https:\/\/agora.xtec.cat\/insdetordera\/wp-json\/wp\/v2\/media?parent=1278"}],"wp:term":[{"taxonomy":"category","embeddable":true,"href":"https:\/\/agora.xtec.cat\/insdetordera\/wp-json\/wp\/v2\/categories?post=1278"},{"taxonomy":"post_tag","embeddable":true,"href":"https:\/\/agora.xtec.cat\/insdetordera\/wp-json\/wp\/v2\/tags?post=1278"}],"curies":[{"name":"wp","href":"https:\/\/api.w.org\/{rel}","templated":true}]}}