{"id":9945,"date":"2017-10-19T19:01:46","date_gmt":"2017-10-19T17:01:46","guid":{"rendered":"http:\/\/agora.xtec.cat\/insdespuig\/?p=9945"},"modified":"2017-10-30T08:31:31","modified_gmt":"2017-10-30T07:31:31","slug":"convocatoria-del-viii-concurs-de-microrelats-de-terror","status":"publish","type":"post","link":"https:\/\/agora.xtec.cat\/insdespuig\/actualitat\/convocatoria-del-viii-concurs-de-microrelats-de-terror\/","title":{"rendered":"Convocat\u00f2ria del VIII concurs de microrelats de terror"},"content":{"rendered":"<div style=\"line-height: 100%; margin-bottom: 0cm; orphans: 1;\" align=\"justify\"><span style=\"font-family: Helvetica Neue, Arial, Helvetica, sans-serif;\">S&#8217;acosta el dia de la Castanyada i, una vegada m\u00e9s, la biblioteca de l&#8217;Institut Crist\u00f2fol Despuig de Tortosa et proposa la lectura de novel\u00b7les i contes de terror perqu\u00e8 et vages ambientant.<\/span><\/div>\n<div style=\"line-height: 100%; margin-bottom: 0cm; orphans: 1;\" align=\"justify\"><span style=\"font-family: Helvetica Neue, Arial, Helvetica, sans-serif;\">\u00a0<\/span><\/div>\n<div style=\"line-height: 100%; margin-bottom: 0cm; orphans: 1; text-align: left;\" align=\"justify\"><a href=\"http:\/\/agora.xtec.cat\/insdespuig\/expoterror17\/\"><img loading=\"lazy\" decoding=\"async\" class=\"size-medium wp-image-9951 aligncenter\" src=\"http:\/\/agora.xtec.cat\/insdespuig\/wp-content\/uploads\/usu921\/2017\/10\/expoterror17-300x300.jpg\" alt=\"\" width=\"300\" height=\"300\" srcset=\"https:\/\/agora.xtec.cat\/insdespuig\/wp-content\/uploads\/usu921\/2017\/10\/expoterror17-300x300.jpg 300w, https:\/\/agora.xtec.cat\/insdespuig\/wp-content\/uploads\/usu921\/2017\/10\/expoterror17-150x150.jpg 150w, https:\/\/agora.xtec.cat\/insdespuig\/wp-content\/uploads\/usu921\/2017\/10\/expoterror17.jpg 500w\" sizes=\"auto, (max-width: 300px) 100vw, 300px\" \/><\/a><\/div>\n<div style=\"line-height: 100%; margin-bottom: 0cm; orphans: 1; text-align: left;\" align=\"justify\">\u00a0<\/div>\n<div style=\"line-height: 100%; margin-bottom: 0cm; orphans: 1;\" align=\"justify\"><span style=\"font-family: Helvetica Neue, Arial, Helvetica, sans-serif;\">Per celebrar-ho ha muntat un expositor amb una selecci\u00f3 de llibres perqu\u00e8 no hages buscar-los i convoca el <b>VI<\/b><b>II\u00a0<\/b><b>Concurs de microrelats de terror<\/b>, un concurs literari obert totes els centres educatius de prim\u00e0ria, secund\u00e0ria i cicles formatius de les nostres comarques.\u00a0<\/span><\/div>\n<div style=\"line-height: 100%; margin-bottom: 0cm; orphans: 1;\" align=\"justify\"><span style=\"font-family: Helvetica Neue, Arial, Helvetica, sans-serif;\">\u00a0<\/span><\/div>\n<div style=\"line-height: 100%; margin-bottom: 0.5cm; orphans: 1;\" align=\"justify\"><span style=\"font-family: Helvetica Neue, Arial, Helvetica, sans-serif;\"><span style=\"font-family: Arial, Helvetica, sans-serif;\">Si t&#8217;agrada llegir, vine a la biblioteca i end\u00fas-te els llibres que vulgues. Si vols, consulta la\u00a0<\/span><span style=\"text-decoration: underline;\"><a href=\"https:\/\/aplicacions.gestioeducativa.gencat.cat\/epergam\/web\/infoGuiaweb.jsp?id=1017622&amp;idBiblio=1012866&amp;titolGuia=Terror%20d%27%20avui%20per%20joves\"><span style=\"color: #993222;\"><span style=\"font-family: Arial, Helvetica, sans-serif;\">guia de lectura<\/span><\/span><\/a><\/span><span style=\"font-family: Arial, Helvetica, sans-serif;\"><a href=\"http:\/\/aplitic.xtec.cat\/epergam\/utils\/infoGuia.jsp?idBiblio=1012866&amp;id=1017622&amp;titolguia=Terror%20d%27%20avui%20per%20joves\">\u00a0<\/a>o el nostre tauler a\u00a0<span style=\"text-decoration: underline;\"><a href=\"https:\/\/www.pinterest.com\/biblioteca0732\/guia-de-lectura-novelles-de-terror-i-misteri\/\">Pinterest<\/a><\/span>.\u00a0I si t&#8217;agrada explicar hist\u00f2ries de temor, anima&#8217;t i participa en el concurs!\u00a0<\/span><\/span><\/div>\n<div style=\"line-height: 0.53cm; margin-bottom: 0cm; orphans: 1;\" align=\"justify\"><span style=\"font-family: Helvetica Neue, Arial, Helvetica, sans-serif;\">\u00a0<\/span><\/div>\n<div style=\"margin-bottom: 0cm; orphans: 1;\" align=\"center\"><span style=\"font-family: Helvetica Neue, Arial, Helvetica, sans-serif;\">Envia el teu relat a\u00a0<b>biblioteca@insdespuig.cat<\/b><\/span><span style=\"font-family: Helvetica Neue, Arial, Helvetica, sans-serif;\">\u00a0<\/span><\/div>\n<div style=\"margin-bottom: 0cm; orphans: 1;\" align=\"center\"><span style=\"font-family: Helvetica Neue, Arial, Helvetica, sans-serif;\"><br \/>Tens temps fins al\u00a0<b>20<\/b><b>\u00a0de novembre\u00a0de 2017<\/b>.\u00a0<\/span><\/div>\n<div style=\"margin-bottom: 0cm; orphans: 1;\" align=\"center\">\u00a0<\/div>\n<div style=\"margin-bottom: 0cm; orphans: 1;\" align=\"center\"><span style=\"background-attachment: initial; background-clip: initial; background-image: initial; background-origin: initial; background-position: initial; background-repeat: initial; background-size: initial; font-family: Helvetica Neue, Arial, Helvetica, sans-serif;\"><span style=\"font-family: Arial, Helvetica, sans-serif;\">No oblides d&#8217;anotar el teu nom complet, el curs i el nom l&#8217;escola o institut on estudies.<\/span>\u00a0<\/span><\/div>\n<div style=\"margin-bottom: 0cm; orphans: 1;\" align=\"center\">\u00a0<\/div>\n<div style=\"font-style: normal; font-variant: normal; font-weight: normal; margin-bottom: 0cm; orphans: 1;\" align=\"center\"><span style=\"background: #ffffff;\">\u00a0<\/span><\/div>\n<div style=\"clear: both; text-align: center;\"><a style=\"margin-left: 1em; margin-right: 1em;\" href=\"https:\/\/1.bp.blogspot.com\/-_syRIPBU8ho\/WAX64HgUiWI\/AAAAAAAAAtw\/I7f6zlGOg-Q221LuxDKSE294OpTy495oACLcB\/s1600\/terror.png\"><img decoding=\"async\" src=\"https:\/\/1.bp.blogspot.com\/-_syRIPBU8ho\/WAX64HgUiWI\/AAAAAAAAAtw\/I7f6zlGOg-Q221LuxDKSE294OpTy495oACLcB\/s1600\/terror.png\" border=\"0\" \/><\/a><\/div>\n<div style=\"font-style: normal; font-variant: normal; font-weight: normal; margin-bottom: 0cm; orphans: 1;\" align=\"center\"><span style=\"background: #ffffff;\">\u00a0<\/span><\/div>\n<div style=\"font-style: normal; font-variant: normal; font-weight: normal; margin-bottom: 0cm; orphans: 1;\" align=\"center\">\n<p>\u00a0<span style=\"font-family: Calibri, sans-serif;\"><span style=\"font-size: x-large;\">No tingues temor!<\/span><\/span><\/p>\n<div style=\"margin-bottom: 0cm; orphans: 1;\" align=\"center\"><span style=\"font-family: Calibri, sans-serif;\"><span style=\"font-size: 18pt;\">\u00a0<\/span><\/span>\u00a0<\/div>\n<\/div>\n<div style=\"orphans: 1;\">\n<div style=\"font-style: normal; font-variant: normal; line-height: 0.53cm; margin-bottom: 0cm; orphans: 1;\"><span style=\"color: #333333;\"><span style=\"font-family: Arial, sans-serif;\"><span style=\"font-size: small;\"><b><span style=\"background: transparent;\">Les bases del concurs s\u00f3n aquestes:<\/span><\/b><\/span><\/span><\/span><\/div>\n<div style=\"font-style: normal; font-variant: normal; font-weight: normal; line-height: 100%; orphans: 1;\">\u00a0<\/div>\n<div style=\"font-style: normal; font-variant: normal; font-weight: normal; line-height: 100%; orphans: 1;\"><span style=\"font-family: Helvetica Neue, Arial, Helvetica, sans-serif;\"><span style=\"line-height: 100%;\">1. Podr\u00e0 ser presentat qualsevol relat breu, de tem\u00e0tica terror\u00edfica.<\/span><\/span><\/div>\n<div style=\"line-height: 100%; orphans: 1;\"><span style=\"color: black;\"><span style=\"font-family: Helvetica Neue, Arial, Helvetica, sans-serif;\">2. Tots els textos hauran de ser originals i no han de sobrepassar una cara de foli d&#8217;extensi\u00f3.<\/span><\/span><\/div>\n<div style=\"line-height: 100%; orphans: 1;\"><span style=\"color: black;\"><span style=\"font-family: Helvetica Neue, Arial, Helvetica, sans-serif;\">3. Cada alumne podr\u00e0 presentar el seu relat en castell\u00e0, catal\u00e0, angl\u00e8s o franc\u00e8s.<\/span><\/span><\/div>\n<div style=\"line-height: 100%; margin-bottom: 0cm; orphans: 1;\" align=\"left\"><span style=\"color: black;\"><span style=\"font-family: Helvetica Neue, Arial, Helvetica, sans-serif;\">4. Els participants faran constar el seu nom complet, la categoria en la qual concursen (prim\u00e0ria, secund\u00e0ria o batxillerat) i l&#8217;escola o institut on estudien.<\/span><\/span><\/div>\n<div style=\"line-height: 100%; margin-bottom: 0cm; orphans: 1;\" align=\"left\"><span style=\"color: black;\"><span style=\"font-family: Helvetica Neue, Arial, Helvetica, sans-serif;\">5. Els treballs s&#8217;han d&#8217;enviar per correu electr\u00f2nic a l&#8217;adre\u00e7a <b><a href=\"mailto:biblioteca@insdespuig.cat\">biblioteca@insdespuig.cat<\/a>\u00a0<\/b>abans del dia <b>20<\/b><b>\u00a0<\/b><b>de novembre de 2017<\/b>.<\/span><\/span><\/div>\n<div style=\"line-height: 100%; margin-bottom: 0cm; orphans: 1;\" align=\"left\"><span style=\"font-family: Helvetica Neue, Arial, Helvetica, sans-serif;\"><span style=\"color: black;\">6. Els treballs premiats es publicaran al bloc de la biblioteca <\/span><span style=\"text-decoration: underline;\"><a href=\"http:\/\/calaixo-de-sastre.blogspot.com.es\/search\/label\/contes%20de%20terror\">Calaix\u00f3 de sastre<\/a><\/span>\u00a0<span style=\"color: black;\">i tamb\u00e9 a la <span style=\"text-decoration: underline;\"><a href=\"http:\/\/insdespuig-mediateca.blogspot.com.es\/\">Mediateca<\/a><\/span><\/span><span style=\"color: black;\">\u00a0en format de llibre electr\u00f2nic.<\/span><\/span><\/div>\n<div style=\"line-height: 100%; margin-bottom: 0cm; orphans: 1;\" align=\"left\"><span style=\"color: black;\"><span style=\"font-family: Helvetica Neue, Arial, Helvetica, sans-serif;\">7. El jurat es reserva el dret a deixar desert el premi si considera que les obres no tenen\u00a0uns m\u00ednims de qualitat.<\/span><\/span><\/div>\n<p><span style=\"font-family: 'helvetica neue' , 'arial' , 'helvetica' , sans-serif;\">\u00a0<\/span><\/p>\n<p>Descarrega&#8217;t el <span style=\"text-decoration: underline;\"><a href=\"http:\/\/agora.xtec.cat\/insdespuig\/wp-content\/uploads\/usu921\/2017\/10\/cartellbases-concurs-microrelats-terror2017.pdf\">cartell<\/a><\/span> amb les bases del concurs.<\/p>\n<\/div>\n<div style=\"line-height: 0.53cm; margin-bottom: 0cm; orphans: 1;\">\u00a0<\/div>\n<div style=\"font-style: normal; font-variant: normal; line-height: 0.53cm; margin-bottom: 0cm; orphans: 1;\">\u00a0<\/div>\n","protected":false},"excerpt":{"rendered":"<p>La biblioteca de l&#8217;institut convoca el VIII Concurs de microrelats de terror, un concurs literari obert totes els centres educatius de prim\u00e0ria, secund\u00e0ria i cicles formatius de les nostres comarques. <\/p>\n","protected":false},"author":54,"featured_media":722,"comment_status":"closed","ping_status":"closed","sticky":false,"template":"","format":"standard","meta":{"_bbp_topic_count":0,"_bbp_reply_count":0,"_bbp_total_topic_count":0,"_bbp_total_reply_count":0,"_bbp_voice_count":0,"_bbp_anonymous_reply_count":0,"_bbp_topic_count_hidden":0,"_bbp_reply_count_hidden":0,"_bbp_forum_subforum_count":0,"site-sidebar-layout":"default","site-content-layout":"","ast-site-content-layout":"","site-content-style":"default","site-sidebar-style":"default","ast-global-header-display":"","ast-banner-title-visibility":"","ast-main-header-display":"","ast-hfb-above-header-display":"","ast-hfb-below-header-display":"","ast-hfb-mobile-header-display":"","site-post-title":"","ast-breadcrumbs-content":"","ast-featured-img":"","footer-sml-layout":"","theme-transparent-header-meta":"","adv-header-id-meta":"","stick-header-meta":"","header-above-stick-meta":"","header-main-stick-meta":"","header-below-stick-meta":"","astra-migrate-meta-layouts":"default","ast-page-background-enabled":"default","ast-page-background-meta":{"desktop":{"background-color":"var(--ast-global-color-4)","background-image":"","background-repeat":"repeat","background-position":"center center","background-size":"auto","background-attachment":"scroll","background-type":"","background-media":"","overlay-type":"","overlay-color":"","overlay-opacity":"","overlay-gradient":""},"tablet":{"background-color":"","background-image":"","background-repeat":"repeat","background-position":"center center","background-size":"auto","background-attachment":"scroll","background-type":"","background-media":"","overlay-type":"","overlay-color":"","overlay-opacity":"","overlay-gradient":""},"mobile":{"background-color":"","background-image":"","background-repeat":"repeat","background-position":"center center","background-size":"auto","background-attachment":"scroll","background-type":"","background-media":"","overlay-type":"","overlay-color":"","overlay-opacity":"","overlay-gradient":""}},"ast-content-background-meta":{"desktop":{"background-color":"var(--ast-global-color-5)","background-image":"","background-repeat":"repeat","background-position":"center center","background-size":"auto","background-attachment":"scroll","background-type":"","background-media":"","overlay-type":"","overlay-color":"","overlay-opacity":"","overlay-gradient":""},"tablet":{"background-color":"var(--ast-global-color-5)","background-image":"","background-repeat":"repeat","background-position":"center center","background-size":"auto","background-attachment":"scroll","background-type":"","background-media":"","overlay-type":"","overlay-color":"","overlay-opacity":"","overlay-gradient":""},"mobile":{"background-color":"var(--ast-global-color-5)","background-image":"","background-repeat":"repeat","background-position":"center center","background-size":"auto","background-attachment":"scroll","background-type":"","background-media":"","overlay-type":"","overlay-color":"","overlay-opacity":"","overlay-gradient":""}},"footnotes":""},"categories":[1,219,8,477,201,181,3,202,29],"tags":[96,116,148],"class_list":["post-9945","post","type-post","status-publish","format-standard","has-post-thumbnail","hentry","category-actualitat","category-angles","category-batxillerat","category-biblioteca","category-castella","category-catala","category-eso","category-frances","category-portada","tag-concursos","tag-contes","tag-literatura"],"post_mailing_queue_ids":[],"_links":{"self":[{"href":"https:\/\/agora.xtec.cat\/insdespuig\/wp-json\/wp\/v2\/posts\/9945","targetHints":{"allow":["GET"]}}],"collection":[{"href":"https:\/\/agora.xtec.cat\/insdespuig\/wp-json\/wp\/v2\/posts"}],"about":[{"href":"https:\/\/agora.xtec.cat\/insdespuig\/wp-json\/wp\/v2\/types\/post"}],"author":[{"embeddable":true,"href":"https:\/\/agora.xtec.cat\/insdespuig\/wp-json\/wp\/v2\/users\/54"}],"replies":[{"embeddable":true,"href":"https:\/\/agora.xtec.cat\/insdespuig\/wp-json\/wp\/v2\/comments?post=9945"}],"version-history":[{"count":3,"href":"https:\/\/agora.xtec.cat\/insdespuig\/wp-json\/wp\/v2\/posts\/9945\/revisions"}],"predecessor-version":[{"id":10049,"href":"https:\/\/agora.xtec.cat\/insdespuig\/wp-json\/wp\/v2\/posts\/9945\/revisions\/10049"}],"wp:featuredmedia":[{"embeddable":true,"href":"https:\/\/agora.xtec.cat\/insdespuig\/wp-json\/wp\/v2\/media\/722"}],"wp:attachment":[{"href":"https:\/\/agora.xtec.cat\/insdespuig\/wp-json\/wp\/v2\/media?parent=9945"}],"wp:term":[{"taxonomy":"category","embeddable":true,"href":"https:\/\/agora.xtec.cat\/insdespuig\/wp-json\/wp\/v2\/categories?post=9945"},{"taxonomy":"post_tag","embeddable":true,"href":"https:\/\/agora.xtec.cat\/insdespuig\/wp-json\/wp\/v2\/tags?post=9945"}],"curies":[{"name":"wp","href":"https:\/\/api.w.org\/{rel}","templated":true}]}}