{"id":9728,"date":"2017-09-21T01:44:56","date_gmt":"2017-09-20T23:44:56","guid":{"rendered":"http:\/\/agora.xtec.cat\/insdespuig\/?p=9728"},"modified":"2017-09-18T19:45:10","modified_gmt":"2017-09-18T17:45:10","slug":"videos-del-concurs-canta-la-2017","status":"publish","type":"post","link":"https:\/\/agora.xtec.cat\/insdespuig\/actualitat\/videos-del-concurs-canta-la-2017\/","title":{"rendered":"V\u00eddeos del concurs Canta-la 2017"},"content":{"rendered":"<p>Aqu\u00ed teniu els v\u00eddeos de les actuacions de la gala del concurs d\u02bcinterpretaci\u00f3 de can\u00e7ons en catal\u00e0 <strong>Canta-la 2017<\/strong> que es va fer el passat\u00a021 d\u02bcabril al Teatre Auditori Felip Pedrell.<\/p>\n<p><a href=\"http:\/\/agora.xtec.cat\/insdespuig\/actualitat\/cronica-de-la-gala-del-concurs-canta-la-2017-1a-part\/attachment\/canta_la2\/\" rel=\"attachment wp-att-5990\"><img loading=\"lazy\" decoding=\"async\" class=\"alignnone  wp-image-5990\" src=\"http:\/\/agora.xtec.cat\/insdespuig\/wp-content\/uploads\/usu921\/2017\/04\/canta_la2-724x1024.png\" alt=\"canta_la2017\" width=\"352\" height=\"498\" srcset=\"https:\/\/agora.xtec.cat\/insdespuig\/wp-content\/uploads\/usu921\/2017\/04\/canta_la2-724x1024.png 724w, https:\/\/agora.xtec.cat\/insdespuig\/wp-content\/uploads\/usu921\/2017\/04\/canta_la2-212x300.png 212w, https:\/\/agora.xtec.cat\/insdespuig\/wp-content\/uploads\/usu921\/2017\/04\/canta_la2-768x1086.png 768w, https:\/\/agora.xtec.cat\/insdespuig\/wp-content\/uploads\/usu921\/2017\/04\/canta_la2.png 800w\" sizes=\"auto, (max-width: 352px) 100vw, 352px\" \/><\/a><\/p>\n<p>Un fort aplaudiment!<\/p>\n<p>&nbsp;<\/p>\n<p><iframe loading=\"lazy\" src=\"https:\/\/www.youtube.com\/embed\/KzZDkKbIkJw?rel=0\" width=\"560\" height=\"315\" frameborder=\"0\" allowfullscreen=\"allowfullscreen\"><\/iframe><\/p>\n<p>El grup <strong>La Ckikifanda<\/strong>, nom art\u00edstic de Xavi, Iker i \u00c0lex, amb la can\u00e7\u00f3 \u00abSom guerrers\u00bb de Porta. <br \/> Finalista ex aequo de la categoria de 1r d&#8217;ESO.<\/p>\n<p>&nbsp;<\/p>\n<p><iframe loading=\"lazy\" src=\"https:\/\/www.youtube.com\/embed\/YpHFW8Lbtq8?rel=0\" width=\"560\" height=\"315\" frameborder=\"0\" allowfullscreen=\"allowfullscreen\"><\/iframe><\/p>\n<p>El grup <strong>Claia<\/strong>, nom art\u00edstic de Clara i Laia, amb la can\u00e7\u00f3 \u00abRock and roll\u00bb d&#8217;Els Catarres. Finalista ex aequo de la categoria de 1r d&#8217;ESO.<\/p>\n<p>&nbsp;<\/p>\n<p><iframe loading=\"lazy\" src=\"https:\/\/www.youtube.com\/embed\/KS2y9gEWrxk?rel=0\" width=\"560\" height=\"315\" frameborder=\"0\" allowfullscreen=\"allowfullscreen\" data-mce-fragment=\"1\"><\/iframe><\/p>\n<p>El grup <strong>Persones guapes<\/strong>, nom art\u00edstic de Gisela, Maria, Laia i Anna, amb la can\u00e7\u00f3 \u00abVull estar amb tu\u00bb d&#8217;Els Catarres. <br \/> Guanyadors ex aequo de la categoria de 1r d&#8217;ESO.<\/p>\n<p>&nbsp;<\/p>\n<p><iframe loading=\"lazy\" src=\"https:\/\/www.youtube.com\/embed\/biI7eDjqnck?rel=0\" width=\"560\" height=\"315\" frameborder=\"0\" allowfullscreen=\"allowfullscreen\"><\/iframe><\/p>\n<p>El grup <strong>Aqu\u00ed venim<\/strong>, nom art\u00edstic de Kim, J\u00falia, Carla i Aida. amb la can\u00e7\u00f3 \u00abPetit pr\u00edncep\u00bb de Manu Guix i el grup Maced\u00f2nia. <br \/> Guanyador ex aequo de la categoria de 1r d&#8217;ESO.<\/p>\n<p>&nbsp;<\/p>\n<p><iframe loading=\"lazy\" src=\"https:\/\/www.youtube.com\/embed\/Btp3RiH9j34?rel=0\" width=\"560\" height=\"315\" frameborder=\"0\" allowfullscreen=\"allowfullscreen\"><\/iframe><\/p>\n<p><strong>Martha en hache<\/strong>, nom art\u00edstic de Martha amb la can\u00e7\u00f3 \u00abSense tu\u00bb de Ter\u00e0pia de Shock. <br \/> Finalista de la categoria de 2n d&#8217;ESO.<\/p>\n<p>&nbsp;<\/p>\n<p><iframe loading=\"lazy\" src=\"https:\/\/www.youtube.com\/embed\/SjhCfQ3LOYo?rel=0\" width=\"560\" height=\"315\" frameborder=\"0\" allowfullscreen=\"allowfullscreen\"><\/iframe><\/p>\n<p><strong>La solista<\/strong>, nom art\u00edstic d&#8217;Alba, amb la can\u00e7\u00f3 \u00abCreu en tu\u00bb d&#8217;Abraham Mateo. <br \/> Guanyadora de la categoria de 2n d&#8217;ESO.<\/p>\n<p>&nbsp;<\/p>\n<p><iframe loading=\"lazy\" src=\"https:\/\/www.youtube.com\/embed\/io6ieMCUWhw?rel=0\" width=\"560\" height=\"315\" frameborder=\"0\" allowfullscreen=\"allowfullscreen\"><\/iframe><\/p>\n<p>El grup <strong>Black Stars<\/strong>, format per Sanni i Papa Mor, amb la can\u00e7\u00f3 \u00abGat rumberu\u00bb de La Pegatina.<\/p>\n<p>&nbsp;<\/p>\n<p><iframe loading=\"lazy\" src=\"https:\/\/www.youtube.com\/embed\/pv_av6qLSTc?rel=0\" width=\"560\" height=\"315\" frameborder=\"0\" allowfullscreen=\"allowfullscreen\"><\/iframe><\/p>\n<p><strong>Llovy<\/strong>, nom art\u00edstic d&#8217;Aleix, amb la can\u00e7\u00f3 \u00abCendra i poesia\u00bb de Joan Rovira. <br \/> Guanyador de la categoria de 3r d&#8217;ESO.<\/p>\n<p>&nbsp;<\/p>\n<p><iframe loading=\"lazy\" src=\"https:\/\/www.youtube.com\/embed\/8LuRou-R1RE?rel=0\" width=\"560\" height=\"315\" frameborder=\"0\" allowfullscreen=\"allowfullscreen\"><\/iframe><\/p>\n<p>El grup <strong>Les petxuguetes<\/strong>, nom art\u00edstic de David i Mihaela, amb la can\u00e7\u00f3 \u00abLes nits no moren mai\u00bb de Doctor Prats.<\/p>\n<p>&nbsp;<\/p>\n<p><iframe loading=\"lazy\" src=\"https:\/\/www.youtube.com\/embed\/fhasg3Jzlx4?rel=0\" width=\"560\" height=\"315\" frameborder=\"0\" allowfullscreen=\"allowfullscreen\"><\/iframe><\/p>\n<p><strong>Solista<\/strong>, nom art\u00edstic de Mihaela, amb la can\u00e7\u00f3 \u00abQue tinguem sort\u00bb de Llu\u00eds Llach. Guanyadora de la categoria de batxillerat.<\/p>\n<p>&nbsp;<\/p>\n<p><iframe loading=\"lazy\" src=\"https:\/\/www.youtube.com\/embed\/sWg_4_mqM7U?rel=0\" width=\"560\" height=\"315\" frameborder=\"0\" allowfullscreen=\"allowfullscreen\"><\/iframe><\/p>\n<p>\u00c0ngela, Esteve, Maria i Mariona, de 2n de batxillerat, cantant \u00abPa amb oli i sal\u00bb de Blaumut.<\/p>\n<p>&nbsp;<\/p>\n<p><iframe loading=\"lazy\" src=\"https:\/\/www.youtube.com\/embed\/0TYur_KzusI?rel=0\" width=\"560\" height=\"315\" frameborder=\"0\" allowfullscreen=\"allowfullscreen\"><\/iframe><\/p>\n<p><strong>Els Quiquets<\/strong>, nom art\u00edstic del grup format per l&#8217;alumnat de 2n de batxillerat interpretant \u00abLes plegadores d&#8217;olives\u00bb de Quico el C\u00e9lio, el Noi i el Mut de Ferreries, acompanyats per \u00c0ngela i Enric a la guitarra.<\/p>\n<p>&nbsp;<\/p>\n<p><iframe loading=\"lazy\" src=\"https:\/\/www.youtube.com\/embed\/L5ittFjyQIg?rel=0\" width=\"560\" height=\"315\" frameborder=\"0\" allowfullscreen=\"allowfullscreen\"><\/iframe><\/p>\n<p><strong>Roba aixuta<\/strong>, nom art\u00edstic de N\u00faria, Maril\u00f3, Cinta i Maria Josep, amb la can\u00e7\u00f3 \u00abViu viu\u00bb de Roba estesa.<\/p>\n<p>&nbsp;<\/p>\n<p><iframe loading=\"lazy\" src=\"https:\/\/www.youtube.com\/embed\/4i09g1JENwE?rel=0\" width=\"560\" height=\"315\" frameborder=\"0\" allowfullscreen=\"allowfullscreen\"><\/iframe><\/p>\n<p><strong>Enric<\/strong> Carb\u00f3 interpretant \u00abRiu Brugent\u00bb d\u2019Eduard Canimas.<\/p>\n<p>&nbsp;<\/p>\n<p><iframe loading=\"lazy\" src=\"https:\/\/www.youtube.com\/embed\/XWaM_y0C1uA?rel=0\" width=\"560\" height=\"315\" frameborder=\"0\" allowfullscreen=\"allowfullscreen\"><\/iframe><\/p>\n<p><strong>\u00c0ngela<\/strong>\u00a0cantant \u00abCom un puny\u00bb de Raimon.<\/p>\n<p>&nbsp;<\/p>\n<p><iframe loading=\"lazy\" src=\"https:\/\/www.youtube.com\/embed\/czjJf2S2ue4?rel=0\" width=\"560\" height=\"315\" frameborder=\"0\" allowfullscreen=\"allowfullscreen\"><\/iframe><\/p>\n<p><strong>Alumnat de 4t ESO B<\/strong> i Tere, amb la can\u00e7\u00f3 \u00abJunts\u00bb de Jordi Ninus.<\/p>\n<p>&nbsp;<\/p>\n<p><iframe loading=\"lazy\" src=\"https:\/\/www.youtube.com\/embed\/eo9Itdk1mKY?rel=0\" width=\"560\" height=\"315\" frameborder=\"0\" allowfullscreen=\"allowfullscreen\"><\/iframe><\/p>\n<p><strong>Alumnat de 1r ESO C<\/strong> i Begonya, amb la can\u00e7\u00f3 \u00abM\u00fasic de carrer\u00bb de Txarango.<\/p>\n<p>&nbsp;<\/p>\n<p>Fins l&#8217;any que ve!<\/p>\n","protected":false},"excerpt":{"rendered":"<p>Aqu\u00ed teniu els v\u00eddeos de les actuacions de la gala del concurs d\u02bcinterpretaci\u00f3 de can\u00e7ons en catal\u00e0 Canta-la 2017 que es va fer el passat 21 d\u02bcabril al Teatre Auditori Felip Pedrell.<\/p>\n","protected":false},"author":54,"featured_media":5990,"comment_status":"closed","ping_status":"closed","sticky":false,"template":"","format":"standard","meta":{"_bbp_topic_count":0,"_bbp_reply_count":0,"_bbp_total_topic_count":0,"_bbp_total_reply_count":0,"_bbp_voice_count":0,"_bbp_anonymous_reply_count":0,"_bbp_topic_count_hidden":0,"_bbp_reply_count_hidden":0,"_bbp_forum_subforum_count":0,"site-sidebar-layout":"default","site-content-layout":"","ast-site-content-layout":"","site-content-style":"default","site-sidebar-style":"default","ast-global-header-display":"","ast-banner-title-visibility":"","ast-main-header-display":"","ast-hfb-above-header-display":"","ast-hfb-below-header-display":"","ast-hfb-mobile-header-display":"","site-post-title":"","ast-breadcrumbs-content":"","ast-featured-img":"","footer-sml-layout":"","theme-transparent-header-meta":"","adv-header-id-meta":"","stick-header-meta":"","header-above-stick-meta":"","header-main-stick-meta":"","header-below-stick-meta":"","astra-migrate-meta-layouts":"default","ast-page-background-enabled":"default","ast-page-background-meta":{"desktop":{"background-color":"var(--ast-global-color-4)","background-image":"","background-repeat":"repeat","background-position":"center center","background-size":"auto","background-attachment":"scroll","background-type":"","background-media":"","overlay-type":"","overlay-color":"","overlay-opacity":"","overlay-gradient":""},"tablet":{"background-color":"","background-image":"","background-repeat":"repeat","background-position":"center center","background-size":"auto","background-attachment":"scroll","background-type":"","background-media":"","overlay-type":"","overlay-color":"","overlay-opacity":"","overlay-gradient":""},"mobile":{"background-color":"","background-image":"","background-repeat":"repeat","background-position":"center center","background-size":"auto","background-attachment":"scroll","background-type":"","background-media":"","overlay-type":"","overlay-color":"","overlay-opacity":"","overlay-gradient":""}},"ast-content-background-meta":{"desktop":{"background-color":"var(--ast-global-color-5)","background-image":"","background-repeat":"repeat","background-position":"center center","background-size":"auto","background-attachment":"scroll","background-type":"","background-media":"","overlay-type":"","overlay-color":"","overlay-opacity":"","overlay-gradient":""},"tablet":{"background-color":"var(--ast-global-color-5)","background-image":"","background-repeat":"repeat","background-position":"center center","background-size":"auto","background-attachment":"scroll","background-type":"","background-media":"","overlay-type":"","overlay-color":"","overlay-opacity":"","overlay-gradient":""},"mobile":{"background-color":"var(--ast-global-color-5)","background-image":"","background-repeat":"repeat","background-position":"center center","background-size":"auto","background-attachment":"scroll","background-type":"","background-media":"","overlay-type":"","overlay-color":"","overlay-opacity":"","overlay-gradient":""}},"footnotes":""},"categories":[1,8,181,3,305,29],"tags":[135,117,327,96,97,406,103],"class_list":["post-9728","post","type-post","status-publish","format-standard","has-post-thumbnail","hentry","category-actualitat","category-batxillerat","category-catala","category-eso","category-musica","category-portada","tag-alumnat","tag-cancons","tag-canta-la","tag-concursos","tag-premis","tag-professorat","tag-videos"],"post_mailing_queue_ids":[],"_links":{"self":[{"href":"https:\/\/agora.xtec.cat\/insdespuig\/wp-json\/wp\/v2\/posts\/9728","targetHints":{"allow":["GET"]}}],"collection":[{"href":"https:\/\/agora.xtec.cat\/insdespuig\/wp-json\/wp\/v2\/posts"}],"about":[{"href":"https:\/\/agora.xtec.cat\/insdespuig\/wp-json\/wp\/v2\/types\/post"}],"author":[{"embeddable":true,"href":"https:\/\/agora.xtec.cat\/insdespuig\/wp-json\/wp\/v2\/users\/54"}],"replies":[{"embeddable":true,"href":"https:\/\/agora.xtec.cat\/insdespuig\/wp-json\/wp\/v2\/comments?post=9728"}],"version-history":[{"count":4,"href":"https:\/\/agora.xtec.cat\/insdespuig\/wp-json\/wp\/v2\/posts\/9728\/revisions"}],"predecessor-version":[{"id":9736,"href":"https:\/\/agora.xtec.cat\/insdespuig\/wp-json\/wp\/v2\/posts\/9728\/revisions\/9736"}],"wp:featuredmedia":[{"embeddable":true,"href":"https:\/\/agora.xtec.cat\/insdespuig\/wp-json\/wp\/v2\/media\/5990"}],"wp:attachment":[{"href":"https:\/\/agora.xtec.cat\/insdespuig\/wp-json\/wp\/v2\/media?parent=9728"}],"wp:term":[{"taxonomy":"category","embeddable":true,"href":"https:\/\/agora.xtec.cat\/insdespuig\/wp-json\/wp\/v2\/categories?post=9728"},{"taxonomy":"post_tag","embeddable":true,"href":"https:\/\/agora.xtec.cat\/insdespuig\/wp-json\/wp\/v2\/tags?post=9728"}],"curies":[{"name":"wp","href":"https:\/\/api.w.org\/{rel}","templated":true}]}}