{"id":8879,"date":"2017-03-06T12:20:00","date_gmt":"2017-03-06T11:20:00","guid":{"rendered":""},"modified":"2020-04-22T23:17:05","modified_gmt":"2020-04-22T21:17:05","slug":"celebrem-el-dia-internacional-de-les-dones","status":"publish","type":"post","link":"https:\/\/agora.xtec.cat\/insdespuig\/actualitat\/celebrem-el-dia-internacional-de-les-dones\/","title":{"rendered":"Celebrem el Dia internacional de les dones"},"content":{"rendered":"<div dir=\"ltr\" style=\"text-align: left;\">\n<p>Amb motiu de la celebraci\u00f3 del <a href=\"https:\/\/ca.wikipedia.org\/wiki\/Dia_internacional_de_les_dones\" target=\"_blank\" rel=\"noopener noreferrer\"><b>Dia internacional de les dones<\/b><\/a> el dia 8 de mar\u00e7, i per a acompanyar l&#8217;exposici\u00f3 itinerant &#8220;<a href=\"http:\/\/dones.gencat.cat\/ca\/ambits\/exposicions\/simone_beauvoir\/\" target=\"_blank\" rel=\"noopener noreferrer\"><b>Simone de Beauvoir, feminista i escriptora<\/b><\/a>&#8221; que es podr\u00e0 veure\u00a0\u00a0aquests dies al vest\u00edbul de l&#8217;institut, la biblioteca de l&#8217;institut presenta com cada any una mostra de llibres especial.<\/p>\n<div style=\"clear: both; text-align: center;\"><a style=\"margin-left: 1em; margin-right: 1em;\" href=\"http:\/\/agora.xtec.cat\/insdespuig\/wp-content\/uploads\/usu921\/2017\/03\/IMG_3397.jpg\"><img loading=\"lazy\" decoding=\"async\" src=\"http:\/\/agora.xtec.cat\/insdespuig\/wp-content\/uploads\/usu921\/2017\/03\/IMG_3397-300x300.jpg\" width=\"320\" height=\"320\" border=\"0\" \/><\/a><\/div>\n<p>En aquesta mostra trobareu quatre interessants <b>llibres de divulgaci\u00f3 sobre el feminisme<\/b> que hem adquirit recentment per a ampliar el fons relacionat amb la mat\u00e8ria:<\/p>\n<div style=\"clear: both; text-align: center;\"><\/div>\n<p>&nbsp;<\/p>\n<div style=\"clear: both; text-align: center;\"><a style=\"margin-left: 1em; margin-right: 1em;\" href=\"http:\/\/agora.xtec.cat\/insdespuig\/wp-content\/uploads\/usu921\/2017\/03\/Captura45.png\"><img loading=\"lazy\" decoding=\"async\" src=\"http:\/\/agora.xtec.cat\/insdespuig\/wp-content\/uploads\/usu921\/2017\/03\/Captura45-300x98.png\" width=\"400\" height=\"130\" border=\"0\" \/><\/a><\/div>\n<p><a href=\"https:\/\/aplicacions.gestioeducativa.gencat.cat\/epergam\/web\/fitxa.jsp?id=17019221\" target=\"_blank\" rel=\"noopener noreferrer\">Feminismo para principiantes<\/a>, de Nuria Varela Men\u00e9ndez. Ediciones B, 2013.<\/p>\n<p><a href=\"https:\/\/aplicacions.gestioeducativa.gencat.cat\/epergam\/web\/fitxa.jsp?id=17036088\" target=\"_blank\" rel=\"noopener noreferrer\">Todos deber\u00edamos ser feministas<\/a>, de Chimamanda Ngozi Adichie. Literatura Random House, 2015.<\/p>\n<div><\/div>\n<p><a href=\"https:\/\/aplicacions.gestioeducativa.gencat.cat\/epergam\/web\/fitxa.jsp?id=17019313\" target=\"_blank\" rel=\"noopener noreferrer\">Las Chicas son guerreras. 26 rebeldes que cambiaron el mundo<\/a>, d&#8217;Irene C\u00edvico. \u00a0Montena, 2016<\/p>\n<p><a href=\"https:\/\/aplicacions.gestioeducativa.gencat.cat\/epergam\/web\/fitxa.jsp?id=17019266\" target=\"_blank\" rel=\"noopener noreferrer\">Dibujando el g\u00e9nero<\/a>, de Gerard Coll-Planas. Egales, 2016<\/p>\n<div><\/div>\n<div><b>Bona setmana i bona lectura!<\/b><\/div>\n<\/div>\n","protected":false},"excerpt":{"rendered":"<p>Amb motiu de la celebraci\u00f3 del Dia internacional de les dones el dia 8 de mar\u00e7, i per a acompanyar l&#8217;exposici\u00f3 itinerant &#8220;Simone de Beauvoir, feminista i escriptora&#8221; que es podr\u00e0 veure\u00a0\u00a0aquests dies al vest\u00edbul de l&#8217;institut, la biblioteca de l&#8217;institut presenta com cada any una mostra de llibres especial. En aquesta mostra trobareu quatre [&hellip;]<\/p>\n","protected":false},"author":54,"featured_media":9235,"comment_status":"closed","ping_status":"closed","sticky":false,"template":"","format":"standard","meta":{"_bbp_topic_count":0,"_bbp_reply_count":0,"_bbp_total_topic_count":0,"_bbp_total_reply_count":0,"_bbp_voice_count":0,"_bbp_anonymous_reply_count":0,"_bbp_topic_count_hidden":0,"_bbp_reply_count_hidden":0,"_bbp_forum_subforum_count":0,"site-sidebar-layout":"default","site-content-layout":"","ast-site-content-layout":"","site-content-style":"default","site-sidebar-style":"default","ast-global-header-display":"","ast-banner-title-visibility":"","ast-main-header-display":"","ast-hfb-above-header-display":"","ast-hfb-below-header-display":"","ast-hfb-mobile-header-display":"","site-post-title":"","ast-breadcrumbs-content":"","ast-featured-img":"","footer-sml-layout":"","theme-transparent-header-meta":"","adv-header-id-meta":"","stick-header-meta":"","header-above-stick-meta":"","header-main-stick-meta":"","header-below-stick-meta":"","astra-migrate-meta-layouts":"default","ast-page-background-enabled":"default","ast-page-background-meta":{"desktop":{"background-color":"var(--ast-global-color-4)","background-image":"","background-repeat":"repeat","background-position":"center center","background-size":"auto","background-attachment":"scroll","background-type":"","background-media":"","overlay-type":"","overlay-color":"","overlay-opacity":"","overlay-gradient":""},"tablet":{"background-color":"","background-image":"","background-repeat":"repeat","background-position":"center center","background-size":"auto","background-attachment":"scroll","background-type":"","background-media":"","overlay-type":"","overlay-color":"","overlay-opacity":"","overlay-gradient":""},"mobile":{"background-color":"","background-image":"","background-repeat":"repeat","background-position":"center center","background-size":"auto","background-attachment":"scroll","background-type":"","background-media":"","overlay-type":"","overlay-color":"","overlay-opacity":"","overlay-gradient":""}},"ast-content-background-meta":{"desktop":{"background-color":"var(--ast-global-color-5)","background-image":"","background-repeat":"repeat","background-position":"center center","background-size":"auto","background-attachment":"scroll","background-type":"","background-media":"","overlay-type":"","overlay-color":"","overlay-opacity":"","overlay-gradient":""},"tablet":{"background-color":"var(--ast-global-color-5)","background-image":"","background-repeat":"repeat","background-position":"center center","background-size":"auto","background-attachment":"scroll","background-type":"","background-media":"","overlay-type":"","overlay-color":"","overlay-opacity":"","overlay-gradient":""},"mobile":{"background-color":"var(--ast-global-color-5)","background-image":"","background-repeat":"repeat","background-position":"center center","background-size":"auto","background-attachment":"scroll","background-type":"","background-media":"","overlay-type":"","overlay-color":"","overlay-opacity":"","overlay-gradient":""}},"footnotes":""},"categories":[1,477,29],"tags":[90,590,105,148,578],"class_list":["post-8879","post","type-post","status-publish","format-standard","has-post-thumbnail","hentry","category-actualitat","category-biblioteca","category-portada","tag-diades","tag-igualtat","tag-lectura","tag-literatura","tag-llibres"],"post_mailing_queue_ids":[],"_links":{"self":[{"href":"https:\/\/agora.xtec.cat\/insdespuig\/wp-json\/wp\/v2\/posts\/8879","targetHints":{"allow":["GET"]}}],"collection":[{"href":"https:\/\/agora.xtec.cat\/insdespuig\/wp-json\/wp\/v2\/posts"}],"about":[{"href":"https:\/\/agora.xtec.cat\/insdespuig\/wp-json\/wp\/v2\/types\/post"}],"author":[{"embeddable":true,"href":"https:\/\/agora.xtec.cat\/insdespuig\/wp-json\/wp\/v2\/users\/54"}],"replies":[{"embeddable":true,"href":"https:\/\/agora.xtec.cat\/insdespuig\/wp-json\/wp\/v2\/comments?post=8879"}],"version-history":[{"count":3,"href":"https:\/\/agora.xtec.cat\/insdespuig\/wp-json\/wp\/v2\/posts\/8879\/revisions"}],"predecessor-version":[{"id":15944,"href":"https:\/\/agora.xtec.cat\/insdespuig\/wp-json\/wp\/v2\/posts\/8879\/revisions\/15944"}],"wp:featuredmedia":[{"embeddable":true,"href":"https:\/\/agora.xtec.cat\/insdespuig\/wp-json\/wp\/v2\/media\/9235"}],"wp:attachment":[{"href":"https:\/\/agora.xtec.cat\/insdespuig\/wp-json\/wp\/v2\/media?parent=8879"}],"wp:term":[{"taxonomy":"category","embeddable":true,"href":"https:\/\/agora.xtec.cat\/insdespuig\/wp-json\/wp\/v2\/categories?post=8879"},{"taxonomy":"post_tag","embeddable":true,"href":"https:\/\/agora.xtec.cat\/insdespuig\/wp-json\/wp\/v2\/tags?post=8879"}],"curies":[{"name":"wp","href":"https:\/\/api.w.org\/{rel}","templated":true}]}}