{"id":6237,"date":"2017-06-17T11:15:14","date_gmt":"2017-06-17T09:15:14","guid":{"rendered":"http:\/\/agora.xtec.cat\/insdespuig\/?p=6237"},"modified":"2017-09-06T22:06:03","modified_gmt":"2017-09-06T20:06:03","slug":"lliurament-de-premis-del-concurs-de-redaccio-borges-babel","status":"publish","type":"post","link":"https:\/\/agora.xtec.cat\/insdespuig\/actualitat\/lliurament-de-premis-del-concurs-de-redaccio-borges-babel\/","title":{"rendered":"Lliurament de premis del concurs de redacci\u00f3 Borges Babel"},"content":{"rendered":"<p>El dia <strong>31 de maig<\/strong> es va fer el lliurament dels premis als millors relats del concurs de redacci\u00f3 Borges Babel organitzat pel departament de Castell\u00e0, en qu\u00e8 han participat tots els cursos d&#8217;ESO i batxillerat de l&#8217;institut.<\/p>\n<p><a href=\"http:\/\/agora.xtec.cat\/insdespuig\/actualitat\/lliurament-de-premis-del-concurs-de-redaccio-borges-babel\/attachment\/borges-premis-1\/\" rel=\"attachment wp-att-6238\"><img loading=\"lazy\" decoding=\"async\" class=\"alignnone size-full wp-image-6238\" src=\"http:\/\/agora.xtec.cat\/insdespuig\/wp-content\/uploads\/usu921\/2017\/06\/borges-premis-1.jpg\" alt=\"borges-premis-1\" width=\"600\" height=\"450\" srcset=\"https:\/\/agora.xtec.cat\/insdespuig\/wp-content\/uploads\/usu921\/2017\/06\/borges-premis-1.jpg 600w, https:\/\/agora.xtec.cat\/insdespuig\/wp-content\/uploads\/usu921\/2017\/06\/borges-premis-1-300x225.jpg 300w, https:\/\/agora.xtec.cat\/insdespuig\/wp-content\/uploads\/usu921\/2017\/06\/borges-premis-1-200x150.jpg 200w\" sizes=\"auto, (max-width: 600px) 100vw, 600px\" \/><\/a><\/p>\n<p>En l&#8217;acte d&#8217;entrega va participar <strong>Josep Maria Franquet<\/strong>, director del centre associat de la UNED a Tortosa, que va obsequiar els alumnes premiats amb\u00a0el seu llibre <em>L&#8217;immortal i altres poemes<\/em>,\u00a0i Josep Ramon Subirats, director de l&#8217;institut, que va lliurar un altre llibre de lectura\u00a0de premi.<\/p>\n<p><a href=\"http:\/\/agora.xtec.cat\/insdespuig\/actualitat\/lliurament-de-premis-del-concurs-de-redaccio-borges-babel\/attachment\/borges-premis-3\/\" rel=\"attachment wp-att-6239\"><img loading=\"lazy\" decoding=\"async\" class=\"alignnone size-full wp-image-6239\" src=\"http:\/\/agora.xtec.cat\/insdespuig\/wp-content\/uploads\/usu921\/2017\/06\/borges-premis-3.jpg\" alt=\"borges-premis-3\" width=\"600\" height=\"450\" srcset=\"https:\/\/agora.xtec.cat\/insdespuig\/wp-content\/uploads\/usu921\/2017\/06\/borges-premis-3.jpg 600w, https:\/\/agora.xtec.cat\/insdespuig\/wp-content\/uploads\/usu921\/2017\/06\/borges-premis-3-300x225.jpg 300w, https:\/\/agora.xtec.cat\/insdespuig\/wp-content\/uploads\/usu921\/2017\/06\/borges-premis-3-200x150.jpg 200w\" sizes=\"auto, (max-width: 600px) 100vw, 600px\" \/><\/a><\/p>\n<p><a href=\"http:\/\/agora.xtec.cat\/insdespuig\/actualitat\/lliurament-de-premis-del-concurs-de-redaccio-borges-babel\/attachment\/borges-premis-4\/\" rel=\"attachment wp-att-6240\"><img loading=\"lazy\" decoding=\"async\" class=\"alignnone size-large wp-image-6240\" src=\"http:\/\/agora.xtec.cat\/insdespuig\/wp-content\/uploads\/usu921\/2017\/06\/borges-premis-4.jpg\" alt=\"borges-premis-4\" width=\"600\" height=\"450\" srcset=\"https:\/\/agora.xtec.cat\/insdespuig\/wp-content\/uploads\/usu921\/2017\/06\/borges-premis-4.jpg 600w, https:\/\/agora.xtec.cat\/insdespuig\/wp-content\/uploads\/usu921\/2017\/06\/borges-premis-4-300x225.jpg 300w, https:\/\/agora.xtec.cat\/insdespuig\/wp-content\/uploads\/usu921\/2017\/06\/borges-premis-4-200x150.jpg 200w\" sizes=\"auto, (max-width: 600px) 100vw, 600px\" \/><\/a><\/p>\n<p><a href=\"http:\/\/agora.xtec.cat\/insdespuig\/actualitat\/lliurament-de-premis-del-concurs-de-redaccio-borges-babel\/attachment\/borges-premis-5\/\" rel=\"attachment wp-att-6241\"><img loading=\"lazy\" decoding=\"async\" class=\"alignnone size-large wp-image-6241\" src=\"http:\/\/agora.xtec.cat\/insdespuig\/wp-content\/uploads\/usu921\/2017\/06\/borges-premis-5.jpg\" alt=\"borges-premis-5\" width=\"600\" height=\"450\" srcset=\"https:\/\/agora.xtec.cat\/insdespuig\/wp-content\/uploads\/usu921\/2017\/06\/borges-premis-5.jpg 600w, https:\/\/agora.xtec.cat\/insdespuig\/wp-content\/uploads\/usu921\/2017\/06\/borges-premis-5-300x225.jpg 300w, https:\/\/agora.xtec.cat\/insdespuig\/wp-content\/uploads\/usu921\/2017\/06\/borges-premis-5-200x150.jpg 200w\" sizes=\"auto, (max-width: 600px) 100vw, 600px\" \/><\/a><\/p>\n<p><a href=\"http:\/\/agora.xtec.cat\/insdespuig\/actualitat\/lliurament-de-premis-del-concurs-de-redaccio-borges-babel\/attachment\/borges-premis-6\/\" rel=\"attachment wp-att-6242\"><img loading=\"lazy\" decoding=\"async\" class=\"alignnone size-large wp-image-6242\" src=\"http:\/\/agora.xtec.cat\/insdespuig\/wp-content\/uploads\/usu921\/2017\/06\/borges-premis-6.jpg\" alt=\"borges-premis-6\" width=\"600\" height=\"450\" srcset=\"https:\/\/agora.xtec.cat\/insdespuig\/wp-content\/uploads\/usu921\/2017\/06\/borges-premis-6.jpg 600w, https:\/\/agora.xtec.cat\/insdespuig\/wp-content\/uploads\/usu921\/2017\/06\/borges-premis-6-300x225.jpg 300w, https:\/\/agora.xtec.cat\/insdespuig\/wp-content\/uploads\/usu921\/2017\/06\/borges-premis-6-200x150.jpg 200w\" sizes=\"auto, (max-width: 600px) 100vw, 600px\" \/><\/a><\/p>\n<p><a href=\"http:\/\/agora.xtec.cat\/insdespuig\/actualitat\/lliurament-de-premis-del-concurs-de-redaccio-borges-babel\/attachment\/borges-premis-7\/\" rel=\"attachment wp-att-6243\"><img loading=\"lazy\" decoding=\"async\" class=\"alignnone size-large wp-image-6243\" src=\"http:\/\/agora.xtec.cat\/insdespuig\/wp-content\/uploads\/usu921\/2017\/06\/borges-premis-7.jpg\" alt=\"borges-premis-7\" width=\"600\" height=\"450\" srcset=\"https:\/\/agora.xtec.cat\/insdespuig\/wp-content\/uploads\/usu921\/2017\/06\/borges-premis-7.jpg 600w, https:\/\/agora.xtec.cat\/insdespuig\/wp-content\/uploads\/usu921\/2017\/06\/borges-premis-7-300x225.jpg 300w, https:\/\/agora.xtec.cat\/insdespuig\/wp-content\/uploads\/usu921\/2017\/06\/borges-premis-7-200x150.jpg 200w\" sizes=\"auto, (max-width: 600px) 100vw, 600px\" \/><\/a><\/p>\n<p>Tots\u00a0treballs fets s&#8217;han impr\u00e8s amb un toc d&#8217;envelliment han format part de l&#8217;exposici\u00f3 dedicada a Jorge Luis Borges que s&#8217;ha pogut veure els mesos d&#8217;abril i maig al vest\u00edbul del centre. Els relats premiats es podran llegir\u00a0al bloc <strong><a href=\"http:\/\/calaixo-de-sastre.blogspot.com.es\/search\/label\/Borges\"><span style=\"text-decoration: underline;\">Calaix\u00f3 de sastre<\/span><\/a><\/strong> de la biblioteca de l&#8217;institut.<\/p>\n<p><a href=\"http:\/\/agora.xtec.cat\/insdespuig\/actualitat\/lliurament-de-premis-del-concurs-de-redaccio-borges-babel\/attachment\/sony-dsc-297\/\" rel=\"attachment wp-att-6244\"><img loading=\"lazy\" decoding=\"async\" class=\"alignnone size-full wp-image-6244\" src=\"http:\/\/agora.xtec.cat\/insdespuig\/wp-content\/uploads\/usu921\/2017\/06\/borges-escala-1.jpg\" alt=\"borges-expo-contes1\" width=\"600\" height=\"400\" srcset=\"https:\/\/agora.xtec.cat\/insdespuig\/wp-content\/uploads\/usu921\/2017\/06\/borges-escala-1.jpg 600w, https:\/\/agora.xtec.cat\/insdespuig\/wp-content\/uploads\/usu921\/2017\/06\/borges-escala-1-300x200.jpg 300w\" sizes=\"auto, (max-width: 600px) 100vw, 600px\" \/><\/a><\/p>\n<p><a href=\"http:\/\/agora.xtec.cat\/insdespuig\/actualitat\/lliurament-de-premis-del-concurs-de-redaccio-borges-babel\/attachment\/borges-relats1\/\" rel=\"attachment wp-att-6245\"><img loading=\"lazy\" decoding=\"async\" class=\"alignnone size-full wp-image-6245\" src=\"http:\/\/agora.xtec.cat\/insdespuig\/wp-content\/uploads\/usu921\/2017\/06\/borges-relats1.jpg\" alt=\"borges-relats1\" width=\"600\" height=\"800\" srcset=\"https:\/\/agora.xtec.cat\/insdespuig\/wp-content\/uploads\/usu921\/2017\/06\/borges-relats1.jpg 600w, https:\/\/agora.xtec.cat\/insdespuig\/wp-content\/uploads\/usu921\/2017\/06\/borges-relats1-225x300.jpg 225w\" sizes=\"auto, (max-width: 600px) 100vw, 600px\" \/><\/a><\/p>\n<p>&nbsp;<\/p>\n","protected":false},"excerpt":{"rendered":"<p>El dia 31 de maig es va fer el lliurament dels premis als millors relats del concurs de redacci\u00f3 Borges Babel organitzat pel departament de Castell\u00e0, en qu\u00e8 han participat tots els cursos d&#8217;ESO i batxillerat de l&#8217;institut.<\/p>\n","protected":false},"author":54,"featured_media":6238,"comment_status":"closed","ping_status":"closed","sticky":false,"template":"","format":"standard","meta":{"_bbp_topic_count":0,"_bbp_reply_count":0,"_bbp_total_topic_count":0,"_bbp_total_reply_count":0,"_bbp_voice_count":0,"_bbp_anonymous_reply_count":0,"_bbp_topic_count_hidden":0,"_bbp_reply_count_hidden":0,"_bbp_forum_subforum_count":0,"site-sidebar-layout":"default","site-content-layout":"","ast-site-content-layout":"","site-content-style":"default","site-sidebar-style":"default","ast-global-header-display":"","ast-banner-title-visibility":"","ast-main-header-display":"","ast-hfb-above-header-display":"","ast-hfb-below-header-display":"","ast-hfb-mobile-header-display":"","site-post-title":"","ast-breadcrumbs-content":"","ast-featured-img":"","footer-sml-layout":"","theme-transparent-header-meta":"","adv-header-id-meta":"","stick-header-meta":"","header-above-stick-meta":"","header-main-stick-meta":"","header-below-stick-meta":"","astra-migrate-meta-layouts":"default","ast-page-background-enabled":"default","ast-page-background-meta":{"desktop":{"background-color":"var(--ast-global-color-4)","background-image":"","background-repeat":"repeat","background-position":"center center","background-size":"auto","background-attachment":"scroll","background-type":"","background-media":"","overlay-type":"","overlay-color":"","overlay-opacity":"","overlay-gradient":""},"tablet":{"background-color":"","background-image":"","background-repeat":"repeat","background-position":"center center","background-size":"auto","background-attachment":"scroll","background-type":"","background-media":"","overlay-type":"","overlay-color":"","overlay-opacity":"","overlay-gradient":""},"mobile":{"background-color":"","background-image":"","background-repeat":"repeat","background-position":"center center","background-size":"auto","background-attachment":"scroll","background-type":"","background-media":"","overlay-type":"","overlay-color":"","overlay-opacity":"","overlay-gradient":""}},"ast-content-background-meta":{"desktop":{"background-color":"var(--ast-global-color-5)","background-image":"","background-repeat":"repeat","background-position":"center center","background-size":"auto","background-attachment":"scroll","background-type":"","background-media":"","overlay-type":"","overlay-color":"","overlay-opacity":"","overlay-gradient":""},"tablet":{"background-color":"var(--ast-global-color-5)","background-image":"","background-repeat":"repeat","background-position":"center center","background-size":"auto","background-attachment":"scroll","background-type":"","background-media":"","overlay-type":"","overlay-color":"","overlay-opacity":"","overlay-gradient":""},"mobile":{"background-color":"var(--ast-global-color-5)","background-image":"","background-repeat":"repeat","background-position":"center center","background-size":"auto","background-attachment":"scroll","background-type":"","background-media":"","overlay-type":"","overlay-color":"","overlay-opacity":"","overlay-gradient":""}},"footnotes":""},"categories":[1,8,201,3,29],"tags":[135,96,116,105,97],"class_list":["post-6237","post","type-post","status-publish","format-standard","has-post-thumbnail","hentry","category-actualitat","category-batxillerat","category-castella","category-eso","category-portada","tag-alumnat","tag-concursos","tag-contes","tag-lectura","tag-premis"],"post_mailing_queue_ids":[],"_links":{"self":[{"href":"https:\/\/agora.xtec.cat\/insdespuig\/wp-json\/wp\/v2\/posts\/6237","targetHints":{"allow":["GET"]}}],"collection":[{"href":"https:\/\/agora.xtec.cat\/insdespuig\/wp-json\/wp\/v2\/posts"}],"about":[{"href":"https:\/\/agora.xtec.cat\/insdespuig\/wp-json\/wp\/v2\/types\/post"}],"author":[{"embeddable":true,"href":"https:\/\/agora.xtec.cat\/insdespuig\/wp-json\/wp\/v2\/users\/54"}],"replies":[{"embeddable":true,"href":"https:\/\/agora.xtec.cat\/insdespuig\/wp-json\/wp\/v2\/comments?post=6237"}],"version-history":[{"count":3,"href":"https:\/\/agora.xtec.cat\/insdespuig\/wp-json\/wp\/v2\/posts\/6237\/revisions"}],"predecessor-version":[{"id":6249,"href":"https:\/\/agora.xtec.cat\/insdespuig\/wp-json\/wp\/v2\/posts\/6237\/revisions\/6249"}],"wp:featuredmedia":[{"embeddable":true,"href":"https:\/\/agora.xtec.cat\/insdespuig\/wp-json\/wp\/v2\/media\/6238"}],"wp:attachment":[{"href":"https:\/\/agora.xtec.cat\/insdespuig\/wp-json\/wp\/v2\/media?parent=6237"}],"wp:term":[{"taxonomy":"category","embeddable":true,"href":"https:\/\/agora.xtec.cat\/insdespuig\/wp-json\/wp\/v2\/categories?post=6237"},{"taxonomy":"post_tag","embeddable":true,"href":"https:\/\/agora.xtec.cat\/insdespuig\/wp-json\/wp\/v2\/tags?post=6237"}],"curies":[{"name":"wp","href":"https:\/\/api.w.org\/{rel}","templated":true}]}}