{"id":6205,"date":"2017-06-12T20:06:30","date_gmt":"2017-06-12T18:06:30","guid":{"rendered":"http:\/\/agora.xtec.cat\/insdespuig\/?p=6205"},"modified":"2017-06-20T21:21:37","modified_gmt":"2017-06-20T19:21:37","slug":"presentacio-del-numero-6-de-la-revista-quaderns-de-lebre","status":"publish","type":"post","link":"https:\/\/agora.xtec.cat\/insdespuig\/actualitat\/presentacio-del-numero-6-de-la-revista-quaderns-de-lebre\/","title":{"rendered":"Presentaci\u00f3 del n\u00famero 6 de la revista &#8216;Quaderns de l&#8217;Ebre&#8217;"},"content":{"rendered":"<p><strong>Dimarts 20 de juny<\/strong>, a les 19,30 h, es presenta el n\u00famero 6 de la revista d&#8217;educaci\u00f3, ci\u00e8ncia i cultura <strong><em>Quaderns de l&#8217;Ebre<\/em><\/strong>, que\u00a0edita l&#8217;Institut Crist\u00f2fol Despuig.<\/p>\n<p><a href=\"http:\/\/agora.xtec.cat\/insdespuig\/actualitat\/presentacio-del-numero-6-de-la-revista-quaderns-de-lebre\/attachment\/quadernsdelebre_6-800\/\" rel=\"attachment wp-att-6206\"><img loading=\"lazy\" decoding=\"async\" class=\"alignnone  wp-image-6206\" src=\"http:\/\/agora.xtec.cat\/insdespuig\/wp-content\/uploads\/usu921\/2017\/06\/Quadernsdelebre_6-800.png\" alt=\"Quadernsdelebre_6-800\" width=\"530\" height=\"375\" srcset=\"https:\/\/agora.xtec.cat\/insdespuig\/wp-content\/uploads\/usu921\/2017\/06\/Quadernsdelebre_6-800.png 800w, https:\/\/agora.xtec.cat\/insdespuig\/wp-content\/uploads\/usu921\/2017\/06\/Quadernsdelebre_6-800-300x212.png 300w, https:\/\/agora.xtec.cat\/insdespuig\/wp-content\/uploads\/usu921\/2017\/06\/Quadernsdelebre_6-800-768x543.png 768w\" sizes=\"auto, (max-width: 530px) 100vw, 530px\" \/><\/a><\/p>\n<p>La presentaci\u00f3 anir\u00e0 a c\u00e0rrec de <strong>Joan Antoni Gonz\u00e1lez Guti\u00e9rrez<\/strong>, professor de filologia hisp\u00e0nica, a la sala Despuig de l&#8217;Escola Conservatori de M\u00fasica de la Diputaci\u00f3 de Tarragona a Tortosa.\u00a0<\/p>\n<p>La revista inclou articles de Cristina Fav\u00e0, Joan Sabat\u00e9 i Llu\u00eds Montull; un vocabulari de Pili Ib\u00e0\u00f1ez, Tere Izquierdo i Maite Moya; poemes de Carme Cruelles i Miquel Revert\u00e9, i\u00a0una imatge a la portada\u00a0de N\u00faria \u00c0rias, tots ells docents vinculats a les Terres de l&#8217;Ebre.<\/p>\n","protected":false},"excerpt":{"rendered":"<p>Dimarts 20 de juny, a les 19,30 h, es presenta el n\u00famero 6 de la revista d&#8217;educaci\u00f3, ci\u00e8ncia i cultura &#8216;Quaderns de l&#8217;Ebre&#8217;, que edita l&#8217;Institut Crist\u00f2fol Despuig.<\/p>\n","protected":false},"author":54,"featured_media":6206,"comment_status":"closed","ping_status":"closed","sticky":false,"template":"","format":"standard","meta":{"_bbp_topic_count":0,"_bbp_reply_count":0,"_bbp_total_topic_count":0,"_bbp_total_reply_count":0,"_bbp_voice_count":0,"_bbp_anonymous_reply_count":0,"_bbp_topic_count_hidden":0,"_bbp_reply_count_hidden":0,"_bbp_forum_subforum_count":0,"site-sidebar-layout":"default","site-content-layout":"","ast-site-content-layout":"","site-content-style":"default","site-sidebar-style":"default","ast-global-header-display":"","ast-banner-title-visibility":"","ast-main-header-display":"","ast-hfb-above-header-display":"","ast-hfb-below-header-display":"","ast-hfb-mobile-header-display":"","site-post-title":"","ast-breadcrumbs-content":"","ast-featured-img":"","footer-sml-layout":"","theme-transparent-header-meta":"","adv-header-id-meta":"","stick-header-meta":"","header-above-stick-meta":"","header-main-stick-meta":"","header-below-stick-meta":"","astra-migrate-meta-layouts":"default","ast-page-background-enabled":"default","ast-page-background-meta":{"desktop":{"background-color":"var(--ast-global-color-4)","background-image":"","background-repeat":"repeat","background-position":"center center","background-size":"auto","background-attachment":"scroll","background-type":"","background-media":"","overlay-type":"","overlay-color":"","overlay-opacity":"","overlay-gradient":""},"tablet":{"background-color":"","background-image":"","background-repeat":"repeat","background-position":"center center","background-size":"auto","background-attachment":"scroll","background-type":"","background-media":"","overlay-type":"","overlay-color":"","overlay-opacity":"","overlay-gradient":""},"mobile":{"background-color":"","background-image":"","background-repeat":"repeat","background-position":"center center","background-size":"auto","background-attachment":"scroll","background-type":"","background-media":"","overlay-type":"","overlay-color":"","overlay-opacity":"","overlay-gradient":""}},"ast-content-background-meta":{"desktop":{"background-color":"var(--ast-global-color-5)","background-image":"","background-repeat":"repeat","background-position":"center center","background-size":"auto","background-attachment":"scroll","background-type":"","background-media":"","overlay-type":"","overlay-color":"","overlay-opacity":"","overlay-gradient":""},"tablet":{"background-color":"var(--ast-global-color-5)","background-image":"","background-repeat":"repeat","background-position":"center center","background-size":"auto","background-attachment":"scroll","background-type":"","background-media":"","overlay-type":"","overlay-color":"","overlay-opacity":"","overlay-gradient":""},"mobile":{"background-color":"var(--ast-global-color-5)","background-image":"","background-repeat":"repeat","background-position":"center center","background-size":"auto","background-attachment":"scroll","background-type":"","background-media":"","overlay-type":"","overlay-color":"","overlay-opacity":"","overlay-gradient":""}},"footnotes":""},"categories":[1,181,221,29],"tags":[99,406,113],"class_list":["post-6205","post","type-post","status-publish","format-standard","has-post-thumbnail","hentry","category-actualitat","category-catala","category-ciencies-socials","category-portada","tag-presentacions","tag-professorat","tag-revistes"],"post_mailing_queue_ids":[],"_links":{"self":[{"href":"https:\/\/agora.xtec.cat\/insdespuig\/wp-json\/wp\/v2\/posts\/6205","targetHints":{"allow":["GET"]}}],"collection":[{"href":"https:\/\/agora.xtec.cat\/insdespuig\/wp-json\/wp\/v2\/posts"}],"about":[{"href":"https:\/\/agora.xtec.cat\/insdespuig\/wp-json\/wp\/v2\/types\/post"}],"author":[{"embeddable":true,"href":"https:\/\/agora.xtec.cat\/insdespuig\/wp-json\/wp\/v2\/users\/54"}],"replies":[{"embeddable":true,"href":"https:\/\/agora.xtec.cat\/insdespuig\/wp-json\/wp\/v2\/comments?post=6205"}],"version-history":[{"count":3,"href":"https:\/\/agora.xtec.cat\/insdespuig\/wp-json\/wp\/v2\/posts\/6205\/revisions"}],"predecessor-version":[{"id":6280,"href":"https:\/\/agora.xtec.cat\/insdespuig\/wp-json\/wp\/v2\/posts\/6205\/revisions\/6280"}],"wp:featuredmedia":[{"embeddable":true,"href":"https:\/\/agora.xtec.cat\/insdespuig\/wp-json\/wp\/v2\/media\/6206"}],"wp:attachment":[{"href":"https:\/\/agora.xtec.cat\/insdespuig\/wp-json\/wp\/v2\/media?parent=6205"}],"wp:term":[{"taxonomy":"category","embeddable":true,"href":"https:\/\/agora.xtec.cat\/insdespuig\/wp-json\/wp\/v2\/categories?post=6205"},{"taxonomy":"post_tag","embeddable":true,"href":"https:\/\/agora.xtec.cat\/insdespuig\/wp-json\/wp\/v2\/tags?post=6205"}],"curies":[{"name":"wp","href":"https:\/\/api.w.org\/{rel}","templated":true}]}}