{"id":5856,"date":"2017-04-22T00:43:54","date_gmt":"2017-04-21T22:43:54","guid":{"rendered":"http:\/\/agora.xtec.cat\/insdespuig\/?p=5856"},"modified":"2017-09-07T00:10:13","modified_gmt":"2017-09-06T22:10:13","slug":"programa-especial-sant-jordi-de-cadena-ser-ebre-des-de-linstitut","status":"publish","type":"post","link":"https:\/\/agora.xtec.cat\/insdespuig\/actualitat\/programa-especial-sant-jordi-de-cadena-ser-ebre-des-de-linstitut\/","title":{"rendered":"Programa Especial Sant Jordi de Cadena Ser Ebre des de l&#8217;institut"},"content":{"rendered":"<p><strong>Divendres 21 d&#8217;abril<\/strong>, Cadena SER Ebre ha gravat i em\u00e8s el programa Especial Sant Jordi des del vest\u00edbul del nostre institut. El programa presentat per S\u00edlvia Tejedor, ha comptat amb la participaci\u00f3 del director, professors i professores dels departaments de Catal\u00e0 i Castell\u00e0 i els responsables de la biblioteca, tots sempre acompanyats d&#8217;alumnes.<\/p>\n<p>Aqu\u00ed teniu els podcasts perqu\u00e8 pugueu escoltar el programa:<\/p>\n<p><span style=\"text-decoration: underline;\"><strong><a href=\"https:\/\/www.ivoox.com\/programa-especial-sant-jordi-des-l-institut-cristofor-audios-mp3_rf_18265785_1.html\">Programa Especial Sant Jordi des de l&#8217;Institut Crist\u00f2for Despuig<\/a><\/strong><\/span> (1)<br \/>Primera part del programa especial que hem em\u00e8s des de l&#8217;Institut Crist\u00f2fol Despuig de Tortosa amb la participaci\u00f3 musical de\u00a0tres alumnes\u00a0i del director, Josep Ramon Subirats. <\/p>\n<p><a href=\"http:\/\/agora.xtec.cat\/insdespuig\/actualitat\/programa-especial-sant-jordi-de-cadena-ser-ebre-des-de-linstitut\/attachment\/img_4312\/\" rel=\"attachment wp-att-5857\"><img loading=\"lazy\" decoding=\"async\" class=\"alignnone size-full wp-image-5857\" src=\"http:\/\/agora.xtec.cat\/insdespuig\/wp-content\/uploads\/usu921\/2017\/04\/IMG_4312.jpg\" alt=\"cadena-ser1\" width=\"600\" height=\"600\" srcset=\"https:\/\/agora.xtec.cat\/insdespuig\/wp-content\/uploads\/usu921\/2017\/04\/IMG_4312.jpg 600w, https:\/\/agora.xtec.cat\/insdespuig\/wp-content\/uploads\/usu921\/2017\/04\/IMG_4312-150x150.jpg 150w, https:\/\/agora.xtec.cat\/insdespuig\/wp-content\/uploads\/usu921\/2017\/04\/IMG_4312-300x300.jpg 300w\" sizes=\"auto, (max-width: 600px) 100vw, 600px\" \/><\/a><\/p>\n<p><span style=\"text-decoration: underline;\"><strong><a href=\"https:\/\/www.ivoox.com\/programa-sant-jordi-des-l-institut-cristofol-despuig-audios-mp3_rf_18265987_1.html\">Programa Sant Jordi des de l&#8217;Institut Crist\u00f2fol Despuig<\/a><\/strong><\/span> (2)<br \/>Programa especial de Sant Jordi des de l&#8217;Institut Crist\u00f2fol Despuig de Tortosa amb la participaci\u00f3 de la professosa Tere Izquierdo del Departament de Llengua i Literatura Catalana i dos alumnes. <\/p>\n<p><a href=\"http:\/\/agora.xtec.cat\/insdespuig\/actualitat\/programa-especial-sant-jordi-de-cadena-ser-ebre-des-de-linstitut\/attachment\/img_4322\/\" rel=\"attachment wp-att-5858\"><img loading=\"lazy\" decoding=\"async\" class=\"alignnone size-full wp-image-5858\" src=\"http:\/\/agora.xtec.cat\/insdespuig\/wp-content\/uploads\/usu921\/2017\/04\/IMG_4322.jpg\" alt=\"cadena-ser2\" width=\"600\" height=\"600\" srcset=\"https:\/\/agora.xtec.cat\/insdespuig\/wp-content\/uploads\/usu921\/2017\/04\/IMG_4322.jpg 600w, https:\/\/agora.xtec.cat\/insdespuig\/wp-content\/uploads\/usu921\/2017\/04\/IMG_4322-150x150.jpg 150w, https:\/\/agora.xtec.cat\/insdespuig\/wp-content\/uploads\/usu921\/2017\/04\/IMG_4322-300x300.jpg 300w\" sizes=\"auto, (max-width: 600px) 100vw, 600px\" \/><\/a><\/p>\n<p><span style=\"text-decoration: underline;\"><strong><a href=\"https:\/\/www.ivoox.com\/programa-especial-sant-jordi-des-l-institut-cristofor-audios-mp3_rf_18266199_1.html\">Programa Especial Sant Jordi des de l&#8217;Institut Crist\u00f2for Despuig<\/a><\/strong><\/span> (3)<br \/>Programa Especial de Sant Jordi des de l&#8217;Institut Crist\u00f2fol Despuig de Tortosa amb la participaci\u00f3 dels professors del departament de Llengua i Literatura Castellana, Toni Va\u00f1\u00f3 i Pili Andreu i dos alumnes que han treballat l&#8217;obra de Jorge Luis Borges.<\/p>\n<p><a href=\"http:\/\/agora.xtec.cat\/insdespuig\/actualitat\/programa-especial-sant-jordi-de-cadena-ser-ebre-des-de-linstitut\/attachment\/img_4324\/\" rel=\"attachment wp-att-5859\"><img loading=\"lazy\" decoding=\"async\" class=\"alignnone size-full wp-image-5859\" src=\"http:\/\/agora.xtec.cat\/insdespuig\/wp-content\/uploads\/usu921\/2017\/04\/IMG_4324.jpg\" alt=\"cadena-ser3\" width=\"600\" height=\"600\" srcset=\"https:\/\/agora.xtec.cat\/insdespuig\/wp-content\/uploads\/usu921\/2017\/04\/IMG_4324.jpg 600w, https:\/\/agora.xtec.cat\/insdespuig\/wp-content\/uploads\/usu921\/2017\/04\/IMG_4324-150x150.jpg 150w, https:\/\/agora.xtec.cat\/insdespuig\/wp-content\/uploads\/usu921\/2017\/04\/IMG_4324-300x300.jpg 300w\" sizes=\"auto, (max-width: 600px) 100vw, 600px\" \/><\/a><\/p>\n<p><span style=\"text-decoration: underline;\"><strong><a href=\"https:\/\/www.ivoox.com\/programa-especial-sant-jordi-des-l-institut-cristofol-audios-mp3_rf_18268207_1.html\">Programa Especial Sant Jordi des de l&#8217;Institut Crist\u00f2fol Despuig<\/a><\/strong><\/span> (4)<br \/>Programa especial des de l&#8217;Institut Crist\u00f2fol Despuig amb motiu de la celebraci\u00f3 de Sant Jordi. Els professors Albert Aragon\u00e9s i Cinta Cabrera, juntament amb dos alumnes, ens han parlat del pla de lectura del centre.<\/p>\n<p><a href=\"http:\/\/agora.xtec.cat\/insdespuig\/actualitat\/programa-especial-sant-jordi-de-cadena-ser-ebre-des-de-linstitut\/attachment\/sony-dsc-245\/\" rel=\"attachment wp-att-5892\"><img loading=\"lazy\" decoding=\"async\" class=\"alignnone size-full wp-image-5892\" src=\"http:\/\/agora.xtec.cat\/insdespuig\/wp-content\/uploads\/usu921\/2017\/04\/cadenaser44.jpg\" alt=\"cadenaser6\" width=\"600\" height=\"400\" srcset=\"https:\/\/agora.xtec.cat\/insdespuig\/wp-content\/uploads\/usu921\/2017\/04\/cadenaser44.jpg 600w, https:\/\/agora.xtec.cat\/insdespuig\/wp-content\/uploads\/usu921\/2017\/04\/cadenaser44-300x200.jpg 300w\" sizes=\"auto, (max-width: 600px) 100vw, 600px\" \/><\/a><\/p>\n<p>&nbsp;<\/p>\n","protected":false},"excerpt":{"rendered":"<p>Divendres 21 d&#8217;abril, Cadena SER Ebre ha gravat i em\u00e8s el programa Especial Sant Jordi des del vest\u00edbul del nostre institut. <\/p>\n","protected":false},"author":54,"featured_media":5857,"comment_status":"closed","ping_status":"open","sticky":false,"template":"","format":"standard","meta":{"_bbp_topic_count":0,"_bbp_reply_count":0,"_bbp_total_topic_count":0,"_bbp_total_reply_count":0,"_bbp_voice_count":0,"_bbp_anonymous_reply_count":0,"_bbp_topic_count_hidden":0,"_bbp_reply_count_hidden":0,"_bbp_forum_subforum_count":0,"site-sidebar-layout":"default","site-content-layout":"","ast-site-content-layout":"","site-content-style":"default","site-sidebar-style":"default","ast-global-header-display":"","ast-banner-title-visibility":"","ast-main-header-display":"","ast-hfb-above-header-display":"","ast-hfb-below-header-display":"","ast-hfb-mobile-header-display":"","site-post-title":"","ast-breadcrumbs-content":"","ast-featured-img":"","footer-sml-layout":"","theme-transparent-header-meta":"","adv-header-id-meta":"","stick-header-meta":"","header-above-stick-meta":"","header-main-stick-meta":"","header-below-stick-meta":"","astra-migrate-meta-layouts":"default","ast-page-background-enabled":"default","ast-page-background-meta":{"desktop":{"background-color":"var(--ast-global-color-4)","background-image":"","background-repeat":"repeat","background-position":"center center","background-size":"auto","background-attachment":"scroll","background-type":"","background-media":"","overlay-type":"","overlay-color":"","overlay-opacity":"","overlay-gradient":""},"tablet":{"background-color":"","background-image":"","background-repeat":"repeat","background-position":"center center","background-size":"auto","background-attachment":"scroll","background-type":"","background-media":"","overlay-type":"","overlay-color":"","overlay-opacity":"","overlay-gradient":""},"mobile":{"background-color":"","background-image":"","background-repeat":"repeat","background-position":"center center","background-size":"auto","background-attachment":"scroll","background-type":"","background-media":"","overlay-type":"","overlay-color":"","overlay-opacity":"","overlay-gradient":""}},"ast-content-background-meta":{"desktop":{"background-color":"var(--ast-global-color-5)","background-image":"","background-repeat":"repeat","background-position":"center center","background-size":"auto","background-attachment":"scroll","background-type":"","background-media":"","overlay-type":"","overlay-color":"","overlay-opacity":"","overlay-gradient":""},"tablet":{"background-color":"var(--ast-global-color-5)","background-image":"","background-repeat":"repeat","background-position":"center center","background-size":"auto","background-attachment":"scroll","background-type":"","background-media":"","overlay-type":"","overlay-color":"","overlay-opacity":"","overlay-gradient":""},"mobile":{"background-color":"var(--ast-global-color-5)","background-image":"","background-repeat":"repeat","background-position":"center center","background-size":"auto","background-attachment":"scroll","background-type":"","background-media":"","overlay-type":"","overlay-color":"","overlay-opacity":"","overlay-gradient":""}},"footnotes":""},"categories":[1,8,477,201,181,3,305,29],"tags":[95,105,102,106,44],"class_list":["post-5856","post","type-post","status-publish","format-standard","has-post-thumbnail","hentry","category-actualitat","category-batxillerat","category-biblioteca","category-castella","category-catala","category-eso","category-musica","category-portada","tag-exposicions","tag-lectura","tag-radio","tag-recitals","tag-xerrades"],"post_mailing_queue_ids":[],"_links":{"self":[{"href":"https:\/\/agora.xtec.cat\/insdespuig\/wp-json\/wp\/v2\/posts\/5856","targetHints":{"allow":["GET"]}}],"collection":[{"href":"https:\/\/agora.xtec.cat\/insdespuig\/wp-json\/wp\/v2\/posts"}],"about":[{"href":"https:\/\/agora.xtec.cat\/insdespuig\/wp-json\/wp\/v2\/types\/post"}],"author":[{"embeddable":true,"href":"https:\/\/agora.xtec.cat\/insdespuig\/wp-json\/wp\/v2\/users\/54"}],"replies":[{"embeddable":true,"href":"https:\/\/agora.xtec.cat\/insdespuig\/wp-json\/wp\/v2\/comments?post=5856"}],"version-history":[{"count":3,"href":"https:\/\/agora.xtec.cat\/insdespuig\/wp-json\/wp\/v2\/posts\/5856\/revisions"}],"predecessor-version":[{"id":5893,"href":"https:\/\/agora.xtec.cat\/insdespuig\/wp-json\/wp\/v2\/posts\/5856\/revisions\/5893"}],"wp:featuredmedia":[{"embeddable":true,"href":"https:\/\/agora.xtec.cat\/insdespuig\/wp-json\/wp\/v2\/media\/5857"}],"wp:attachment":[{"href":"https:\/\/agora.xtec.cat\/insdespuig\/wp-json\/wp\/v2\/media?parent=5856"}],"wp:term":[{"taxonomy":"category","embeddable":true,"href":"https:\/\/agora.xtec.cat\/insdespuig\/wp-json\/wp\/v2\/categories?post=5856"},{"taxonomy":"post_tag","embeddable":true,"href":"https:\/\/agora.xtec.cat\/insdespuig\/wp-json\/wp\/v2\/tags?post=5856"}],"curies":[{"name":"wp","href":"https:\/\/api.w.org\/{rel}","templated":true}]}}