{"id":5690,"date":"2017-03-09T21:23:37","date_gmt":"2017-03-09T20:23:37","guid":{"rendered":"http:\/\/agora.xtec.cat\/insdespuig\/?p=5690"},"modified":"2020-03-03T19:56:45","modified_gmt":"2020-03-03T18:56:45","slug":"hem-celebrat-el-dia-internacional-de-les-dones","status":"publish","type":"post","link":"https:\/\/agora.xtec.cat\/insdespuig\/actualitat\/hem-celebrat-el-dia-internacional-de-les-dones\/","title":{"rendered":"Hem celebrat el Dia internacional de les dones"},"content":{"rendered":"<p>En motiu de la celebraci\u00f3 el dia <strong>8 de mar\u00e7<\/strong> del <strong><a href=\"https:\/\/ca.wikipedia.org\/wiki\/Dia_internacional_de_les_dones\">Dia internacional de les dones<\/a><\/strong>, a l&#8217;institut hem fet diverses activitats que posen en evid\u00e8ncia\u00a0les desigualtats i discriminacions que patim la meitat de la poblaci\u00f3, les dones.<\/p>\n<p>El mateix dia de la celebraci\u00f3, a l&#8217;hora de lectura aut\u00f2noma, l&#8217;alumnat d&#8217;ESO ha llegit a l&#8217;aula en veu alta un manifest escrit per a l&#8217;ocasi\u00f3 que porta per t\u00edtol &#8220;<strong><a href=\"http:\/\/agora.xtec.cat\/insdespuig\/?attachment_id=5692\">Ajudem a combatre el masclisme tamb\u00e9 des de les aules!<\/a><\/strong>&#8220;.<\/p>\n<p>Durant la setmana, l&#8217;alumnat de tots els cursos ha escrit missatges reivindicatius breus en fulls de color lila i els ha anat penjant a dues cartelleres del vest\u00edbul.<\/p>\n<p><a href=\"http:\/\/agora.xtec.cat\/insdespuig\/actualitat\/hem-celebrat-el-dia-internacional-de-les-dones\/attachment\/img_3409-2\/\" rel=\"attachment wp-att-5703\"><img loading=\"lazy\" decoding=\"async\" class=\"alignnone  wp-image-5703\" src=\"http:\/\/agora.xtec.cat\/insdespuig\/wp-content\/uploads\/usu921\/2017\/03\/IMG_3409-1.jpg\" alt=\"dona2017-1\" width=\"400\" height=\"400\" srcset=\"https:\/\/agora.xtec.cat\/insdespuig\/wp-content\/uploads\/usu921\/2017\/03\/IMG_3409-1.jpg 600w, https:\/\/agora.xtec.cat\/insdespuig\/wp-content\/uploads\/usu921\/2017\/03\/IMG_3409-1-150x150.jpg 150w, https:\/\/agora.xtec.cat\/insdespuig\/wp-content\/uploads\/usu921\/2017\/03\/IMG_3409-1-300x300.jpg 300w\" sizes=\"auto, (max-width: 400px) 100vw, 400px\" \/><\/a><\/p>\n<p><a href=\"http:\/\/agora.xtec.cat\/insdespuig\/actualitat\/hem-celebrat-el-dia-internacional-de-les-dones\/attachment\/img_3410-2\/\" rel=\"attachment wp-att-5704\"><img loading=\"lazy\" decoding=\"async\" class=\"alignnone wp-image-5704 \" src=\"http:\/\/agora.xtec.cat\/insdespuig\/wp-content\/uploads\/usu921\/2017\/03\/IMG_3410-1-300x300.jpg\" alt=\"dona2017-2\" width=\"203\" height=\"203\" srcset=\"https:\/\/agora.xtec.cat\/insdespuig\/wp-content\/uploads\/usu921\/2017\/03\/IMG_3410-1-300x300.jpg 300w, https:\/\/agora.xtec.cat\/insdespuig\/wp-content\/uploads\/usu921\/2017\/03\/IMG_3410-1-150x150.jpg 150w, https:\/\/agora.xtec.cat\/insdespuig\/wp-content\/uploads\/usu921\/2017\/03\/IMG_3410-1.jpg 600w\" sizes=\"auto, (max-width: 203px) 100vw, 203px\" \/><\/a> <a href=\"http:\/\/agora.xtec.cat\/insdespuig\/actualitat\/hem-celebrat-el-dia-internacional-de-les-dones\/attachment\/img_3411-2\/\" rel=\"attachment wp-att-5705\"><img loading=\"lazy\" decoding=\"async\" class=\"alignnone wp-image-5705 \" src=\"http:\/\/agora.xtec.cat\/insdespuig\/wp-content\/uploads\/usu921\/2017\/03\/IMG_3411-1-300x300.jpg\" alt=\"dona2017-3\" width=\"200\" height=\"200\" srcset=\"https:\/\/agora.xtec.cat\/insdespuig\/wp-content\/uploads\/usu921\/2017\/03\/IMG_3411-1-300x300.jpg 300w, https:\/\/agora.xtec.cat\/insdespuig\/wp-content\/uploads\/usu921\/2017\/03\/IMG_3411-1-150x150.jpg 150w, https:\/\/agora.xtec.cat\/insdespuig\/wp-content\/uploads\/usu921\/2017\/03\/IMG_3411-1.jpg 600w\" sizes=\"auto, (max-width: 200px) 100vw, 200px\" \/><\/a><\/p>\n<p>Aquesta setmana tamb\u00e9 hem exposat al passad\u00eds principal de les aules d\u2019ESO una <a href=\"http:\/\/agora.xtec.cat\/insdespuig\/actualitat\/exposicio-de-treballs-dels-alumnes-de-1r-deso\/\">exposici\u00f3 de treballs realitzats pels alumnes de 1r d\u2019ESO<\/a>, fets a partir de la visita a l\u2019exposici\u00f3 Golden years, d\u2019Eva Agasa i Roc BlackBlock, a l\u2019Escola d\u2019Art de Tortosa.<\/p>\n<p>L\u2019activitat es presenta com una oportunitat de crear debat sobre el concepte de la dona i el paper que ha tingut en aquestes d\u00e8cades, l\u2019est\u00e8tica de la moda, l\u2019oci, i l\u2019estructura jer\u00e0rquica de la societat.<\/p>\n<p><a href=\"http:\/\/agora.xtec.cat\/insdespuig\/actualitat\/exposicio-de-treballs-dels-alumnes-de-1r-deso\/attachment\/img_3434\/\" rel=\"attachment wp-att-5714\"><img loading=\"lazy\" decoding=\"async\" class=\"alignnone wp-image-5714 size-thumbnail\" src=\"http:\/\/agora.xtec.cat\/insdespuig\/wp-content\/uploads\/usu921\/2017\/03\/IMG_3434-150x150.jpg\" alt=\"img_3434\" width=\"150\" height=\"150\" \/><\/a> <a href=\"http:\/\/agora.xtec.cat\/insdespuig\/actualitat\/exposicio-de-treballs-dels-alumnes-de-1r-deso\/attachment\/img_3432\/\" rel=\"attachment wp-att-5715\"><img loading=\"lazy\" decoding=\"async\" class=\"alignnone wp-image-5715 size-thumbnail\" src=\"http:\/\/agora.xtec.cat\/insdespuig\/wp-content\/uploads\/usu921\/2017\/03\/IMG_3432-150x150.jpg\" alt=\"img_3432\" width=\"150\" height=\"150\" \/><\/a>\u00a0<a href=\"http:\/\/agora.xtec.cat\/insdespuig\/actualitat\/exposicio-de-treballs-dels-alumnes-de-1r-deso\/attachment\/img_3435\/\" rel=\"attachment wp-att-5716\"><img loading=\"lazy\" decoding=\"async\" class=\"alignnone wp-image-5716 size-thumbnail\" src=\"http:\/\/agora.xtec.cat\/insdespuig\/wp-content\/uploads\/usu921\/2017\/03\/IMG_3435-150x150.jpg\" alt=\"img_3435\" width=\"150\" height=\"150\" \/><\/a><\/p>\n<p>&nbsp;<\/p>\n<p>Com cada any, la biblioteca tamb\u00e9 ha muntat una <strong><a href=\"http:\/\/insdespuig-biblioteca.blogspot.com.es\/2017\/03\/celebrem-el-dia-internacional-de-les.html\">mostra de llibres de divulgaci\u00f3 sobre el feminisme<\/a><\/strong>, entre els quals n&#8217;hi ha quatre de molt interessants que hem adquirit recentment per a ampliar el fons relacionat amb la mat\u00e8ria.<\/p>\n<p><img loading=\"lazy\" decoding=\"async\" class=\"alignnone\" src=\"https:\/\/3.bp.blogspot.com\/-R4lGm0gNcpc\/WL030c1LIKI\/AAAAAAAAEqo\/YFsIK04J4B45-MntjkKSj1NO5fnHrM3gQCLcB\/s1600\/IMG_3397.JPG\" width=\"400\" height=\"400\" \/><\/p>\n<p><img loading=\"lazy\" decoding=\"async\" class=\"alignnone\" src=\"https:\/\/1.bp.blogspot.com\/-lOfX6bD7yPM\/WLmO-vYHCoI\/AAAAAAAAEqY\/RrDlYi6au8AJ_ypEIx5NjudKjaE16I0UwCLcB\/s1600\/Captura45.png\" width=\"401\" height=\"131\" \/><\/p>\n<p><em><a href=\"https:\/\/aplicacions.gestioeducativa.gencat.cat\/epergam\/web\/fitxa.jsp?id=17019221\" target=\"_blank\" rel=\"noopener noreferrer\">Feminismo para principiantes<\/a><\/em>, de Nuria Varela Men\u00e9ndez. Ediciones B, 2013; <em><a href=\"https:\/\/aplicacions.gestioeducativa.gencat.cat\/epergam\/web\/fitxa.jsp?id=17036088\" target=\"_blank\" rel=\"noopener noreferrer\">Todos deber\u00edamos ser feministas<\/a><\/em>, de Chimamanda Ngozi Adichie. Literatura Random House, 2015;\u00a0<em><a href=\"https:\/\/aplicacions.gestioeducativa.gencat.cat\/epergam\/web\/fitxa.jsp?id=17019313\" target=\"_blank\" rel=\"noopener noreferrer\">Las chicas son guerreras. 26 rebeldes que cambiaron el mundo<\/a><\/em>, d&#8217;Irene C\u00edvico. \u00a0Montena, 2016; i\u00a0<em><a href=\"https:\/\/aplicacions.gestioeducativa.gencat.cat\/epergam\/web\/fitxa.jsp?id=17019266\" target=\"_blank\" rel=\"noopener noreferrer\">Dibujando el g\u00e9nero<\/a><\/em>, de Gerard Coll-Planas. Egales, 2016.<\/p>\n<div>\n<p>I per \u00faltim, al vest\u00edbul de l&#8217;institut s&#8217;ha muntat l&#8217;exposici\u00f3 &#8220;<strong><a href=\"http:\/\/agora.xtec.cat\/insdespuig\/actualitat\/lexposicio-simone-de-beauvoir-feminista-i-escriptora-al-vestibul-de-linstitut\/\">Simone de Beauvoir, feminista i escriptora<\/a><\/strong>&#8220;, que es podr\u00e0 veure durant quinze dies. Es tracta d&#8217;una exposici\u00f3 itinerant cedida per l&#8217;Institut Catal\u00e0 de les Dones centrada en la vida i l\u2019obra de la fil\u00f2sofa i escriptora Simone de Beauvoir, una de les figures m\u00e9s destacades del feminisme del segle passat.<\/p>\n<p><a href=\"http:\/\/agora.xtec.cat\/insdespuig\/actualitat\/lexposicio-simone-de-beauvoir-feminista-i-escriptora-al-vestibul-de-linstitut\/attachment\/simone1\/\" rel=\"attachment wp-att-5686\"><img loading=\"lazy\" decoding=\"async\" class=\"alignnone wp-image-5686\" src=\"http:\/\/agora.xtec.cat\/insdespuig\/wp-content\/uploads\/usu921\/2017\/03\/simone1-300x300.jpg\" alt=\"simone1\" width=\"200\" height=\"200\" srcset=\"https:\/\/agora.xtec.cat\/insdespuig\/wp-content\/uploads\/usu921\/2017\/03\/simone1-300x300.jpg 300w, https:\/\/agora.xtec.cat\/insdespuig\/wp-content\/uploads\/usu921\/2017\/03\/simone1-150x150.jpg 150w, https:\/\/agora.xtec.cat\/insdespuig\/wp-content\/uploads\/usu921\/2017\/03\/simone1.jpg 600w\" sizes=\"auto, (max-width: 200px) 100vw, 200px\" \/><\/a>\u00a0<a href=\"http:\/\/agora.xtec.cat\/insdespuig\/actualitat\/lexposicio-simone-de-beauvoir-feminista-i-escriptora-al-vestibul-de-linstitut\/attachment\/simone2\/\" rel=\"attachment wp-att-5687\"><img loading=\"lazy\" decoding=\"async\" class=\"alignnone wp-image-5687 \" src=\"http:\/\/agora.xtec.cat\/insdespuig\/wp-content\/uploads\/usu921\/2017\/03\/simone2-300x300.jpg\" alt=\"simone2\" width=\"200\" height=\"200\" srcset=\"https:\/\/agora.xtec.cat\/insdespuig\/wp-content\/uploads\/usu921\/2017\/03\/simone2-300x300.jpg 300w, https:\/\/agora.xtec.cat\/insdespuig\/wp-content\/uploads\/usu921\/2017\/03\/simone2-150x150.jpg 150w, https:\/\/agora.xtec.cat\/insdespuig\/wp-content\/uploads\/usu921\/2017\/03\/simone2.jpg 600w\" sizes=\"auto, (max-width: 200px) 100vw, 200px\" \/><\/a><\/p>\n<\/div>\n","protected":false},"excerpt":{"rendered":"<p>En motiu de la celebraci\u00f3 el dia 8 de mar\u00e7 del Dia internacional de les dones, a l&#8217;institut hem fet diverses activitats.<\/p>\n","protected":false},"author":54,"featured_media":5702,"comment_status":"closed","ping_status":"open","sticky":false,"template":"","format":"standard","meta":{"_bbp_topic_count":0,"_bbp_reply_count":0,"_bbp_total_topic_count":0,"_bbp_total_reply_count":0,"_bbp_voice_count":0,"_bbp_anonymous_reply_count":0,"_bbp_topic_count_hidden":0,"_bbp_reply_count_hidden":0,"_bbp_forum_subforum_count":0,"site-sidebar-layout":"default","site-content-layout":"","ast-site-content-layout":"","site-content-style":"default","site-sidebar-style":"default","ast-global-header-display":"","ast-banner-title-visibility":"","ast-main-header-display":"","ast-hfb-above-header-display":"","ast-hfb-below-header-display":"","ast-hfb-mobile-header-display":"","site-post-title":"","ast-breadcrumbs-content":"","ast-featured-img":"","footer-sml-layout":"","theme-transparent-header-meta":"","adv-header-id-meta":"","stick-header-meta":"","header-above-stick-meta":"","header-main-stick-meta":"","header-below-stick-meta":"","astra-migrate-meta-layouts":"default","ast-page-background-enabled":"default","ast-page-background-meta":{"desktop":{"background-color":"var(--ast-global-color-4)","background-image":"","background-repeat":"repeat","background-position":"center center","background-size":"auto","background-attachment":"scroll","background-type":"","background-media":"","overlay-type":"","overlay-color":"","overlay-opacity":"","overlay-gradient":""},"tablet":{"background-color":"","background-image":"","background-repeat":"repeat","background-position":"center center","background-size":"auto","background-attachment":"scroll","background-type":"","background-media":"","overlay-type":"","overlay-color":"","overlay-opacity":"","overlay-gradient":""},"mobile":{"background-color":"","background-image":"","background-repeat":"repeat","background-position":"center center","background-size":"auto","background-attachment":"scroll","background-type":"","background-media":"","overlay-type":"","overlay-color":"","overlay-opacity":"","overlay-gradient":""}},"ast-content-background-meta":{"desktop":{"background-color":"var(--ast-global-color-5)","background-image":"","background-repeat":"repeat","background-position":"center center","background-size":"auto","background-attachment":"scroll","background-type":"","background-media":"","overlay-type":"","overlay-color":"","overlay-opacity":"","overlay-gradient":""},"tablet":{"background-color":"var(--ast-global-color-5)","background-image":"","background-repeat":"repeat","background-position":"center center","background-size":"auto","background-attachment":"scroll","background-type":"","background-media":"","overlay-type":"","overlay-color":"","overlay-opacity":"","overlay-gradient":""},"mobile":{"background-color":"var(--ast-global-color-5)","background-image":"","background-repeat":"repeat","background-position":"center center","background-size":"auto","background-attachment":"scroll","background-type":"","background-media":"","overlay-type":"","overlay-color":"","overlay-opacity":"","overlay-gradient":""}},"footnotes":""},"categories":[1,8,477,3,29],"tags":[135,365,90,95,428,590,105,344],"class_list":["post-5690","post","type-post","status-publish","format-standard","has-post-thumbnail","hentry","category-actualitat","category-batxillerat","category-biblioteca","category-eso","category-portada","tag-alumnat","tag-art","tag-diades","tag-exposicions","tag-extraescolars","tag-igualtat","tag-lectura","tag-lic"],"post_mailing_queue_ids":[],"_links":{"self":[{"href":"https:\/\/agora.xtec.cat\/insdespuig\/wp-json\/wp\/v2\/posts\/5690","targetHints":{"allow":["GET"]}}],"collection":[{"href":"https:\/\/agora.xtec.cat\/insdespuig\/wp-json\/wp\/v2\/posts"}],"about":[{"href":"https:\/\/agora.xtec.cat\/insdespuig\/wp-json\/wp\/v2\/types\/post"}],"author":[{"embeddable":true,"href":"https:\/\/agora.xtec.cat\/insdespuig\/wp-json\/wp\/v2\/users\/54"}],"replies":[{"embeddable":true,"href":"https:\/\/agora.xtec.cat\/insdespuig\/wp-json\/wp\/v2\/comments?post=5690"}],"version-history":[{"count":4,"href":"https:\/\/agora.xtec.cat\/insdespuig\/wp-json\/wp\/v2\/posts\/5690\/revisions"}],"predecessor-version":[{"id":15603,"href":"https:\/\/agora.xtec.cat\/insdespuig\/wp-json\/wp\/v2\/posts\/5690\/revisions\/15603"}],"wp:featuredmedia":[{"embeddable":true,"href":"https:\/\/agora.xtec.cat\/insdespuig\/wp-json\/wp\/v2\/media\/5702"}],"wp:attachment":[{"href":"https:\/\/agora.xtec.cat\/insdespuig\/wp-json\/wp\/v2\/media?parent=5690"}],"wp:term":[{"taxonomy":"category","embeddable":true,"href":"https:\/\/agora.xtec.cat\/insdespuig\/wp-json\/wp\/v2\/categories?post=5690"},{"taxonomy":"post_tag","embeddable":true,"href":"https:\/\/agora.xtec.cat\/insdespuig\/wp-json\/wp\/v2\/tags?post=5690"}],"curies":[{"name":"wp","href":"https:\/\/api.w.org\/{rel}","templated":true}]}}