{"id":5668,"date":"2017-03-03T20:30:34","date_gmt":"2017-03-03T19:30:34","guid":{"rendered":"http:\/\/agora.xtec.cat\/insdespuig\/?p=5668"},"modified":"2017-03-03T20:30:42","modified_gmt":"2017-03-03T19:30:42","slug":"taller-deducacio-emocional-per-a-nois-i-noies-3","status":"publish","type":"post","link":"https:\/\/agora.xtec.cat\/insdespuig\/actualitat\/taller-deducacio-emocional-per-a-nois-i-noies-3\/","title":{"rendered":"Taller d\u2019educaci\u00f3 emocional per a nois i noies"},"content":{"rendered":"<p><a href=\"http:\/\/agora.xtec.cat\/insdespuig\/actualitat\/taller-deducacio-emocional-per-a-nois-i-noies-3\/attachment\/taller-deducacio-emocional-per-a-nois-i-noies-marc%cc%a716\/\" rel=\"attachment wp-att-5669\"><img loading=\"lazy\" decoding=\"async\" class=\"alignnone  wp-image-5669\" src=\"http:\/\/agora.xtec.cat\/insdespuig\/wp-content\/uploads\/usu921\/2017\/03\/Taller-d\u2019educacio\u0301-emocional-per-a-nois-i-noies-marc\u032716.png\" alt=\"taller-deducacio-emocional-per-a-nois-i-noies-marc%cc%a716\" width=\"675\" height=\"506\" srcset=\"https:\/\/agora.xtec.cat\/insdespuig\/wp-content\/uploads\/usu921\/2017\/03\/Taller-d\u2019educacio\u0301-emocional-per-a-nois-i-noies-marc\u032716.png 960w, https:\/\/agora.xtec.cat\/insdespuig\/wp-content\/uploads\/usu921\/2017\/03\/Taller-d\u2019educacio\u0301-emocional-per-a-nois-i-noies-marc\u032716-300x225.png 300w, https:\/\/agora.xtec.cat\/insdespuig\/wp-content\/uploads\/usu921\/2017\/03\/Taller-d\u2019educacio\u0301-emocional-per-a-nois-i-noies-marc\u032716-768x576.png 768w, https:\/\/agora.xtec.cat\/insdespuig\/wp-content\/uploads\/usu921\/2017\/03\/Taller-d\u2019educacio\u0301-emocional-per-a-nois-i-noies-marc\u032716-200x150.png 200w\" sizes=\"auto, (max-width: 675px) 100vw, 675px\" \/><\/a><\/p>\n<p>&nbsp;<\/p>\n<p>Els dijous <strong>16 de mar\u00e7<\/strong>, <strong>20 d\u2019abril<\/strong> i <strong>4 maig<\/strong>, de 15.30 a 17.00 h, a l&#8217;institut es fa un <strong>Taller d\u2019educaci\u00f3 emocional per a nois i noies<\/strong>.<\/p>\n<p>Apunta-t\u2019hi per aprendre eines que t\u2019ajudaran a desenvolupar l\u2019autoestima, la integritat i el benestar interior.<\/p>\n<p>Cal fer la inscripci\u00f3 pr\u00e8via a secretaria. Per a m\u00e9s informaci\u00f3 pregunteu a Enric Carb\u00f3.<\/p>\n","protected":false},"excerpt":{"rendered":"<p>Els dijous 16 de mar\u00e7, 20 d\u2019abril i 4 maig, de 15.30 a 17.00 h, a l&#8217;institut es fa un Taller d\u2019educaci\u00f3 emocional per a nois i noies.<\/p>\n","protected":false},"author":54,"featured_media":5669,"comment_status":"closed","ping_status":"open","sticky":false,"template":"","format":"standard","meta":{"_bbp_topic_count":0,"_bbp_reply_count":0,"_bbp_total_topic_count":0,"_bbp_total_reply_count":0,"_bbp_voice_count":0,"_bbp_anonymous_reply_count":0,"_bbp_topic_count_hidden":0,"_bbp_reply_count_hidden":0,"_bbp_forum_subforum_count":0,"site-sidebar-layout":"default","site-content-layout":"","ast-site-content-layout":"","site-content-style":"default","site-sidebar-style":"default","ast-global-header-display":"","ast-banner-title-visibility":"","ast-main-header-display":"","ast-hfb-above-header-display":"","ast-hfb-below-header-display":"","ast-hfb-mobile-header-display":"","site-post-title":"","ast-breadcrumbs-content":"","ast-featured-img":"","footer-sml-layout":"","theme-transparent-header-meta":"","adv-header-id-meta":"","stick-header-meta":"","header-above-stick-meta":"","header-main-stick-meta":"","header-below-stick-meta":"","astra-migrate-meta-layouts":"default","ast-page-background-enabled":"default","ast-page-background-meta":{"desktop":{"background-color":"var(--ast-global-color-4)","background-image":"","background-repeat":"repeat","background-position":"center center","background-size":"auto","background-attachment":"scroll","background-type":"","background-media":"","overlay-type":"","overlay-color":"","overlay-opacity":"","overlay-gradient":""},"tablet":{"background-color":"","background-image":"","background-repeat":"repeat","background-position":"center center","background-size":"auto","background-attachment":"scroll","background-type":"","background-media":"","overlay-type":"","overlay-color":"","overlay-opacity":"","overlay-gradient":""},"mobile":{"background-color":"","background-image":"","background-repeat":"repeat","background-position":"center center","background-size":"auto","background-attachment":"scroll","background-type":"","background-media":"","overlay-type":"","overlay-color":"","overlay-opacity":"","overlay-gradient":""}},"ast-content-background-meta":{"desktop":{"background-color":"var(--ast-global-color-5)","background-image":"","background-repeat":"repeat","background-position":"center center","background-size":"auto","background-attachment":"scroll","background-type":"","background-media":"","overlay-type":"","overlay-color":"","overlay-opacity":"","overlay-gradient":""},"tablet":{"background-color":"var(--ast-global-color-5)","background-image":"","background-repeat":"repeat","background-position":"center center","background-size":"auto","background-attachment":"scroll","background-type":"","background-media":"","overlay-type":"","overlay-color":"","overlay-opacity":"","overlay-gradient":""},"mobile":{"background-color":"var(--ast-global-color-5)","background-image":"","background-repeat":"repeat","background-position":"center center","background-size":"auto","background-attachment":"scroll","background-type":"","background-media":"","overlay-type":"","overlay-color":"","overlay-opacity":"","overlay-gradient":""}},"footnotes":""},"categories":[1,8,221,3,29],"tags":[135,428,328,58],"class_list":["post-5668","post","type-post","status-publish","format-standard","has-post-thumbnail","hentry","category-actualitat","category-batxillerat","category-ciencies-socials","category-eso","category-portada","tag-alumnat","tag-extraescolars","tag-filosofia","tag-tallers"],"post_mailing_queue_ids":[],"_links":{"self":[{"href":"https:\/\/agora.xtec.cat\/insdespuig\/wp-json\/wp\/v2\/posts\/5668","targetHints":{"allow":["GET"]}}],"collection":[{"href":"https:\/\/agora.xtec.cat\/insdespuig\/wp-json\/wp\/v2\/posts"}],"about":[{"href":"https:\/\/agora.xtec.cat\/insdespuig\/wp-json\/wp\/v2\/types\/post"}],"author":[{"embeddable":true,"href":"https:\/\/agora.xtec.cat\/insdespuig\/wp-json\/wp\/v2\/users\/54"}],"replies":[{"embeddable":true,"href":"https:\/\/agora.xtec.cat\/insdespuig\/wp-json\/wp\/v2\/comments?post=5668"}],"version-history":[{"count":2,"href":"https:\/\/agora.xtec.cat\/insdespuig\/wp-json\/wp\/v2\/posts\/5668\/revisions"}],"predecessor-version":[{"id":5671,"href":"https:\/\/agora.xtec.cat\/insdespuig\/wp-json\/wp\/v2\/posts\/5668\/revisions\/5671"}],"wp:featuredmedia":[{"embeddable":true,"href":"https:\/\/agora.xtec.cat\/insdespuig\/wp-json\/wp\/v2\/media\/5669"}],"wp:attachment":[{"href":"https:\/\/agora.xtec.cat\/insdespuig\/wp-json\/wp\/v2\/media?parent=5668"}],"wp:term":[{"taxonomy":"category","embeddable":true,"href":"https:\/\/agora.xtec.cat\/insdespuig\/wp-json\/wp\/v2\/categories?post=5668"},{"taxonomy":"post_tag","embeddable":true,"href":"https:\/\/agora.xtec.cat\/insdespuig\/wp-json\/wp\/v2\/tags?post=5668"}],"curies":[{"name":"wp","href":"https:\/\/api.w.org\/{rel}","templated":true}]}}