{"id":5534,"date":"2017-02-09T22:52:34","date_gmt":"2017-02-09T21:52:34","guid":{"rendered":"http:\/\/agora.xtec.cat\/insdespuig\/?p=5534"},"modified":"2020-03-03T19:49:27","modified_gmt":"2020-03-03T18:49:27","slug":"segon-premi-en-la-iv-copa-cangur-2017","status":"publish","type":"post","link":"https:\/\/agora.xtec.cat\/insdespuig\/actualitat\/segon-premi-en-la-iv-copa-cangur-2017\/","title":{"rendered":"Segon premi en la IV Copa Cangur 2017"},"content":{"rendered":"<p style=\"text-align: left\"><span class=\"storycontent\"><a href=\"http:\/\/agora.xtec.cat\/insdespuig\/wp-content\/uploads\/usu921\/2017\/02\/segon-classificat.jpg\"><img loading=\"lazy\" decoding=\"async\" class=\"aligncenter wp-image-5586\" src=\"http:\/\/agora.xtec.cat\/insdespuig\/wp-content\/uploads\/usu921\/2017\/02\/segon-classificat-1024x683.jpg\" alt=\"segon-classificat\" width=\"469\" height=\"313\" srcset=\"https:\/\/agora.xtec.cat\/insdespuig\/wp-content\/uploads\/usu921\/2017\/02\/segon-classificat-1024x683.jpg 1024w, https:\/\/agora.xtec.cat\/insdespuig\/wp-content\/uploads\/usu921\/2017\/02\/segon-classificat-300x200.jpg 300w, https:\/\/agora.xtec.cat\/insdespuig\/wp-content\/uploads\/usu921\/2017\/02\/segon-classificat-768x512.jpg 768w\" sizes=\"auto, (max-width: 469px) 100vw, 469px\" \/><\/a> <\/span><\/p>\n<p style=\"text-align: left\"><span class=\"storycontent\">El passat <strong>26 de gener<\/strong>, dos equips formats cadascun d&#8217;ells per tres alumnes de 2n <\/span><span class=\"storycontent\">d&#8217;ESO<\/span><span class=\"storycontent\"> i quatre de 3r, van participar en la <a href=\"http:\/\/www.cangur.org\/la-copa\/\">IV Copa Cangur<\/a>, que es va fer a l&#8217;Institut de Roquetes. <\/span><\/p>\n<p style=\"text-align: left\"><span class=\"storycontent\">La prova consisteix en la resoluci\u00f3 de dotze problemes de m\u00e0tem\u00e0tiques similars als de la <a href=\"http:\/\/www.cangur.org\/\">prova Cangur<\/a>, per\u00f2 en equips.<strong><br \/><\/strong><\/span><\/p>\n<p style=\"text-align: left\">Els nostres equips enguany van ser els seg\u00fcents:<\/p>\n<p style=\"text-align: left\"><strong>Equip A<\/strong>: Andrea, Eduard, Edgar, Cl\u00e0udia, J\u00falia, Idoia\u00a0 i Sara.<\/p>\n<p style=\"text-align: left\"><a href=\"http:\/\/agora.xtec.cat\/insdespuig\/wp-content\/uploads\/usu921\/2017\/02\/IMG_1113.jpg\"><img loading=\"lazy\" decoding=\"async\" class=\"wp-image-5541 aligncenter\" src=\"http:\/\/agora.xtec.cat\/insdespuig\/wp-content\/uploads\/usu921\/2017\/02\/IMG_1113.jpg\" alt=\"img_1113\" width=\"363\" height=\"272\" srcset=\"https:\/\/agora.xtec.cat\/insdespuig\/wp-content\/uploads\/usu921\/2017\/02\/IMG_1113.jpg 552w, https:\/\/agora.xtec.cat\/insdespuig\/wp-content\/uploads\/usu921\/2017\/02\/IMG_1113-300x225.jpg 300w, https:\/\/agora.xtec.cat\/insdespuig\/wp-content\/uploads\/usu921\/2017\/02\/IMG_1113-200x150.jpg 200w\" sizes=\"auto, (max-width: 363px) 100vw, 363px\" \/><\/a><\/p>\n<p style=\"text-align: left\"><strong>Equip B<\/strong>: Antonio, Andrea, Nataly, \u00c0lex, Jordi, Maria i Paula.<\/p>\n<p style=\"text-align: left\"><a href=\"http:\/\/agora.xtec.cat\/insdespuig\/wp-content\/uploads\/usu921\/2017\/02\/IMG_1112.jpg\"><img loading=\"lazy\" decoding=\"async\" class=\"wp-image-5542 aligncenter\" src=\"http:\/\/agora.xtec.cat\/insdespuig\/wp-content\/uploads\/usu921\/2017\/02\/IMG_1112.jpg\" alt=\"img_1112\" width=\"368\" height=\"276\" srcset=\"https:\/\/agora.xtec.cat\/insdespuig\/wp-content\/uploads\/usu921\/2017\/02\/IMG_1112.jpg 552w, https:\/\/agora.xtec.cat\/insdespuig\/wp-content\/uploads\/usu921\/2017\/02\/IMG_1112-300x225.jpg 300w, https:\/\/agora.xtec.cat\/insdespuig\/wp-content\/uploads\/usu921\/2017\/02\/IMG_1112-200x150.jpg 200w\" sizes=\"auto, (max-width: 368px) 100vw, 368px\" \/><\/a><\/p>\n<p style=\"text-align: left\">Els profes i pares\u00a0 acompanyants ens ho vam passar molt b\u00e9 veient com tots dos equips van treballar fins al final. Cal felicitar-los per l&#8217;entusiasme en la seva participaci\u00f3 i per suposat molt especialment l&#8217;equip B que va aconseguir quedar <strong>segon en el concurs.<\/strong><\/p>\n<p style=\"text-align: left\">Les normes del joc s\u00f3n:<\/p>\n<ul style=\"text-align: left\">\n<li>Els equips reben un exemplar en paper dels enunciats dels problemes que hauran de treballar.<\/li>\n<li>Cada equip t\u00e9 un representant que porta les seves respostes &#8220;en paper&#8221; al jurat de la competici\u00f3, que les entra a l&#8217;ordinador.<\/li>\n<li>Inicialment cada equip t\u00e9 un cert nombre de punts (tots el mateix, pensat perqu\u00e8 ning\u00fa arribi a tenir punts negatius).<\/li>\n<li>Al principi tamb\u00e9 cada problema t\u00e9 una certa valoraci\u00f3 (tots la mateixa, independentment que n&#8217;hi hagi de m\u00e9s f\u00e0cils o m\u00e9s dif\u00edcils).<\/li>\n<li>La valoraci\u00f3 de cada problema es va modificant, perqu\u00e8 per cada minut que passa sense que ning\u00fa respongui el problema en va augmentant la valoraci\u00f3 i cada fallada d&#8217;un equip tamb\u00e9 l&#8217;augmenta.\u00a0 El primer equip que encerta la soluci\u00f3 del problema obt\u00e9 tants punts com la valoraci\u00f3 del problema (que aleshores ja queda fixa) m\u00e9s &#8220;un premi&#8221;, i semblantment el segon i el tercer. Despr\u00e9s cada equip que encerta el problema rep la valoraci\u00f3 que ha quedat establerta.\u00a0<\/li>\n<li>Per al disseny del joc es posa un nombre relativament gran de problemes, i algun &#8220;ben dif\u00edcil&#8221;,\u00a0 perqu\u00e8 guanya molta emoci\u00f3 el joc si sempre hi ha algun problema que vagi variant de puntuaci\u00f3.<\/li>\n<li>Cada equip pot fer tants intents com vulgui per cada problema, per\u00f2 cada intent fallat li rebaixa la puntuaci\u00f3 en una quantitat fixa.<\/li>\n<li>&#8230;i aix\u00ed fins que acaba el temps destinat al concurs i aleshores, naturalment guanya l&#8217;equip que t\u00e9 m\u00e9s punts.<\/li>\n<li style=\"text-align: left\">Aquest disseny del joc fa que l&#8217;alumnat participant de seguida estableixi estrat\u00e8gies de joc i de repartiment de la feina i pensi i debati amb molt d&#8217;inter\u00e8s els problemes proposats.<\/li>\n<\/ul>\n<p>&nbsp;<\/p>\n<p style=\"text-align: left\">\u00a0<\/p>\n<p style=\"text-align: left\">\u00a0<\/p>\n<p>&nbsp;<\/p>\n","protected":false},"excerpt":{"rendered":"<p>El passat 26 de gener, dos equips formats per alumnes de 2n i de 3r d&#8217;ESO, van participar en la IV Copa Cangur, que es va fer a l&#8217;Institut de Roquetes. Cal felicitar-los per l&#8217;entusiasme en la seva participaci\u00f3 i per suposat molt especialment l&#8217;equip B que va aconseguir quedar segon en el concurs.<\/p>\n","protected":false},"author":54,"featured_media":5586,"comment_status":"closed","ping_status":"open","sticky":false,"template":"","format":"standard","meta":{"_bbp_topic_count":0,"_bbp_reply_count":0,"_bbp_total_topic_count":0,"_bbp_total_reply_count":0,"_bbp_voice_count":0,"_bbp_anonymous_reply_count":0,"_bbp_topic_count_hidden":0,"_bbp_reply_count_hidden":0,"_bbp_forum_subforum_count":0,"site-sidebar-layout":"default","site-content-layout":"","ast-site-content-layout":"","site-content-style":"default","site-sidebar-style":"default","ast-global-header-display":"","ast-banner-title-visibility":"","ast-main-header-display":"","ast-hfb-above-header-display":"","ast-hfb-below-header-display":"","ast-hfb-mobile-header-display":"","site-post-title":"","ast-breadcrumbs-content":"","ast-featured-img":"","footer-sml-layout":"","theme-transparent-header-meta":"","adv-header-id-meta":"","stick-header-meta":"","header-above-stick-meta":"","header-main-stick-meta":"","header-below-stick-meta":"","astra-migrate-meta-layouts":"default","ast-page-background-enabled":"default","ast-page-background-meta":{"desktop":{"background-color":"var(--ast-global-color-4)","background-image":"","background-repeat":"repeat","background-position":"center center","background-size":"auto","background-attachment":"scroll","background-type":"","background-media":"","overlay-type":"","overlay-color":"","overlay-opacity":"","overlay-gradient":""},"tablet":{"background-color":"","background-image":"","background-repeat":"repeat","background-position":"center center","background-size":"auto","background-attachment":"scroll","background-type":"","background-media":"","overlay-type":"","overlay-color":"","overlay-opacity":"","overlay-gradient":""},"mobile":{"background-color":"","background-image":"","background-repeat":"repeat","background-position":"center center","background-size":"auto","background-attachment":"scroll","background-type":"","background-media":"","overlay-type":"","overlay-color":"","overlay-opacity":"","overlay-gradient":""}},"ast-content-background-meta":{"desktop":{"background-color":"var(--ast-global-color-5)","background-image":"","background-repeat":"repeat","background-position":"center center","background-size":"auto","background-attachment":"scroll","background-type":"","background-media":"","overlay-type":"","overlay-color":"","overlay-opacity":"","overlay-gradient":""},"tablet":{"background-color":"var(--ast-global-color-5)","background-image":"","background-repeat":"repeat","background-position":"center center","background-size":"auto","background-attachment":"scroll","background-type":"","background-media":"","overlay-type":"","overlay-color":"","overlay-opacity":"","overlay-gradient":""},"mobile":{"background-color":"var(--ast-global-color-5)","background-image":"","background-repeat":"repeat","background-position":"center center","background-size":"auto","background-attachment":"scroll","background-type":"","background-media":"","overlay-type":"","overlay-color":"","overlay-opacity":"","overlay-gradient":""}},"footnotes":""},"categories":[1,3,290,29],"tags":[135,466,96,428,97],"class_list":["post-5534","post","type-post","status-publish","format-standard","has-post-thumbnail","hentry","category-actualitat","category-eso","category-matematiques","category-portada","tag-alumnat","tag-cangur","tag-concursos","tag-extraescolars","tag-premis"],"post_mailing_queue_ids":[],"_links":{"self":[{"href":"https:\/\/agora.xtec.cat\/insdespuig\/wp-json\/wp\/v2\/posts\/5534","targetHints":{"allow":["GET"]}}],"collection":[{"href":"https:\/\/agora.xtec.cat\/insdespuig\/wp-json\/wp\/v2\/posts"}],"about":[{"href":"https:\/\/agora.xtec.cat\/insdespuig\/wp-json\/wp\/v2\/types\/post"}],"author":[{"embeddable":true,"href":"https:\/\/agora.xtec.cat\/insdespuig\/wp-json\/wp\/v2\/users\/54"}],"replies":[{"embeddable":true,"href":"https:\/\/agora.xtec.cat\/insdespuig\/wp-json\/wp\/v2\/comments?post=5534"}],"version-history":[{"count":4,"href":"https:\/\/agora.xtec.cat\/insdespuig\/wp-json\/wp\/v2\/posts\/5534\/revisions"}],"predecessor-version":[{"id":5588,"href":"https:\/\/agora.xtec.cat\/insdespuig\/wp-json\/wp\/v2\/posts\/5534\/revisions\/5588"}],"wp:featuredmedia":[{"embeddable":true,"href":"https:\/\/agora.xtec.cat\/insdespuig\/wp-json\/wp\/v2\/media\/5586"}],"wp:attachment":[{"href":"https:\/\/agora.xtec.cat\/insdespuig\/wp-json\/wp\/v2\/media?parent=5534"}],"wp:term":[{"taxonomy":"category","embeddable":true,"href":"https:\/\/agora.xtec.cat\/insdespuig\/wp-json\/wp\/v2\/categories?post=5534"},{"taxonomy":"post_tag","embeddable":true,"href":"https:\/\/agora.xtec.cat\/insdespuig\/wp-json\/wp\/v2\/tags?post=5534"}],"curies":[{"name":"wp","href":"https:\/\/api.w.org\/{rel}","templated":true}]}}