{"id":20013,"date":"2022-05-17T18:31:25","date_gmt":"2022-05-17T16:31:25","guid":{"rendered":"https:\/\/agora.xtec.cat\/insdespuig\/?p=20013"},"modified":"2023-11-16T13:58:05","modified_gmt":"2023-11-16T12:58:05","slug":"intercanvi-de-professorat-derasmus-learning-agreement-a-biella-piemont","status":"publish","type":"post","link":"https:\/\/agora.xtec.cat\/insdespuig\/actualitat\/intercanvi-de-professorat-derasmus-learning-agreement-a-biella-piemont\/","title":{"rendered":"Visita a instituts de Biella (Piemont, It\u00e0lia)"},"content":{"rendered":"<p>Els professors Dar\u00edo i Albert estan aquests dies a Biella (Piemont, It\u00e0lia) en un <strong>intercanvi de professorat<\/strong> amb instituts de <strong>Biella<\/strong> i <strong>Tor\u00ed<\/strong>, <strong>Tortosa<\/strong> i <strong>Amer<\/strong>, en el marc d&#8217;<a href=\"https:\/\/erasmus-plus.ec.europa.eu\/resources-and-tools\/mobility-and-learning-agreements\/learning-agreement\" target=\"_blank\" rel=\"noopener\">Erasmus+ learning agreement<\/a>.<\/p>\n<p><img loading=\"lazy\" decoding=\"async\" class=\"alignnone size-full wp-image-20023\" src=\"https:\/\/agora.xtec.cat\/insdespuig\/wp-content\/uploads\/usu921\/2022\/05\/IMG-20220516-WA0012.jpg\" alt=\"\" width=\"600\" height=\"449\" srcset=\"https:\/\/agora.xtec.cat\/insdespuig\/wp-content\/uploads\/usu921\/2022\/05\/IMG-20220516-WA0012.jpg 600w, https:\/\/agora.xtec.cat\/insdespuig\/wp-content\/uploads\/usu921\/2022\/05\/IMG-20220516-WA0012-300x225.jpg 300w, https:\/\/agora.xtec.cat\/insdespuig\/wp-content\/uploads\/usu921\/2022\/05\/IMG-20220516-WA0012-200x150.jpg 200w\" sizes=\"auto, (max-width: 600px) 100vw, 600px\" \/><\/p>\n<p><img loading=\"lazy\" decoding=\"async\" class=\"alignnone size-full wp-image-20024\" src=\"https:\/\/agora.xtec.cat\/insdespuig\/wp-content\/uploads\/usu921\/2022\/05\/IMG-20220516-WA0013.jpg\" alt=\"\" width=\"600\" height=\"449\" srcset=\"https:\/\/agora.xtec.cat\/insdespuig\/wp-content\/uploads\/usu921\/2022\/05\/IMG-20220516-WA0013.jpg 600w, https:\/\/agora.xtec.cat\/insdespuig\/wp-content\/uploads\/usu921\/2022\/05\/IMG-20220516-WA0013-300x225.jpg 300w, https:\/\/agora.xtec.cat\/insdespuig\/wp-content\/uploads\/usu921\/2022\/05\/IMG-20220516-WA0013-200x150.jpg 200w\" sizes=\"auto, (max-width: 600px) 100vw, 600px\" \/><\/p>\n<p>Els professors van intercanviar experi\u00e8ncies sobre el treball d&#8217;observaci\u00f3 a les aules i el tractament de la diversitat a les aules amb una metodologia nova.<\/p>\n<p><img loading=\"lazy\" decoding=\"async\" class=\"alignnone size-full wp-image-20030\" src=\"https:\/\/agora.xtec.cat\/insdespuig\/wp-content\/uploads\/usu921\/2022\/05\/PHOTO-2022-05-17-17-55-01.jpg\" alt=\"\" width=\"600\" height=\"449\" srcset=\"https:\/\/agora.xtec.cat\/insdespuig\/wp-content\/uploads\/usu921\/2022\/05\/PHOTO-2022-05-17-17-55-01.jpg 600w, https:\/\/agora.xtec.cat\/insdespuig\/wp-content\/uploads\/usu921\/2022\/05\/PHOTO-2022-05-17-17-55-01-300x225.jpg 300w, https:\/\/agora.xtec.cat\/insdespuig\/wp-content\/uploads\/usu921\/2022\/05\/PHOTO-2022-05-17-17-55-01-200x150.jpg 200w\" sizes=\"auto, (max-width: 600px) 100vw, 600px\" \/><\/p>\n<p>En la trobada hi van participar dos instituts italians i dos catalans: l&#8217;I<a href=\"http:\/\/www.itcbona.biella.it\/\">nstituto Eugenio Bona<\/a>, de Biella; l&#8217;<a href=\"https:\/\/www.itisavogadro.org\/\">Instituto Avogadro<\/a>, de Tor\u00ed, l&#8217;<a href=\"https:\/\/institutcastelldestela.wordpress.com\/\">Institut Castell d&#8217;Estela<\/a>, d&#8217;Amer (la Selva) i el nostre.<\/p>\n<p><img loading=\"lazy\" decoding=\"async\" class=\"alignnone size-full wp-image-20031\" src=\"https:\/\/agora.xtec.cat\/insdespuig\/wp-content\/uploads\/usu921\/2022\/05\/PHOTO-2022-05-17-17-53-41.jpg\" alt=\"\" width=\"600\" height=\"449\" srcset=\"https:\/\/agora.xtec.cat\/insdespuig\/wp-content\/uploads\/usu921\/2022\/05\/PHOTO-2022-05-17-17-53-41.jpg 600w, https:\/\/agora.xtec.cat\/insdespuig\/wp-content\/uploads\/usu921\/2022\/05\/PHOTO-2022-05-17-17-53-41-300x225.jpg 300w, https:\/\/agora.xtec.cat\/insdespuig\/wp-content\/uploads\/usu921\/2022\/05\/PHOTO-2022-05-17-17-53-41-200x150.jpg 200w\" sizes=\"auto, (max-width: 600px) 100vw, 600px\" \/><\/p>\n<p><img loading=\"lazy\" decoding=\"async\" class=\"alignnone size-full wp-image-20014\" src=\"https:\/\/agora.xtec.cat\/insdespuig\/wp-content\/uploads\/usu921\/2022\/05\/logo-erasmus.png\" alt=\"\" width=\"547\" height=\"144\" srcset=\"https:\/\/agora.xtec.cat\/insdespuig\/wp-content\/uploads\/usu921\/2022\/05\/logo-erasmus.png 547w, https:\/\/agora.xtec.cat\/insdespuig\/wp-content\/uploads\/usu921\/2022\/05\/logo-erasmus-300x79.png 300w\" sizes=\"auto, (max-width: 547px) 100vw, 547px\" \/> <img loading=\"lazy\" decoding=\"async\" class=\"alignnone wp-image-20015\" src=\"https:\/\/agora.xtec.cat\/insdespuig\/wp-content\/uploads\/usu921\/2022\/05\/unnamed.png\" alt=\"\" width=\"452\" height=\"62\" srcset=\"https:\/\/agora.xtec.cat\/insdespuig\/wp-content\/uploads\/usu921\/2022\/05\/unnamed.png 1133w, https:\/\/agora.xtec.cat\/insdespuig\/wp-content\/uploads\/usu921\/2022\/05\/unnamed-300x41.png 300w, https:\/\/agora.xtec.cat\/insdespuig\/wp-content\/uploads\/usu921\/2022\/05\/unnamed-1024x140.png 1024w, https:\/\/agora.xtec.cat\/insdespuig\/wp-content\/uploads\/usu921\/2022\/05\/unnamed-768x105.png 768w\" sizes=\"auto, (max-width: 452px) 100vw, 452px\" \/><\/p>\n<p>L&#8217;intercanvi s&#8217;emmarca en el <a href=\"https:\/\/xtec.gencat.cat\/ca\/projectes\/plurilinguisme\/programes\/internacionals\/erasmusplus\/\">Programa internacional Erasmus +<\/a> i est\u00e0 coordinat per la <a href=\"http:\/\/sac.gencat.cat\/sacgencat\/AppJava\/organisme_fitxa.jsp?codi=20884\">Direcci\u00f3 General d&#8217;Innovaci\u00f3, Digitalitzaci\u00f3 i Recerca Educativa<\/a>.<\/p>\n<p>M\u00e9s informaci\u00f3: <a href=\"https:\/\/institutcastelldestela.wordpress.com\/2022\/05\/17\/dues-professores-del-nostre-centre-visiten-biella-italia-dins-el-programa-cete-i-erasmus\/\">Dues professores del nostre centre visiten Biella (It\u00e0lia), dins el programa #CETE+ #Erasmus+ #MCTATEE.<\/a> Institut Castell d&#8217;Estela, d&#8217;Amer (la Selva)<\/p>\n<p>#MCAEA #Aprendrealescolaqueapr\u00e8n\u00a0@EplusCatEdu #CETE+\u00a0#MCTAEE<\/p>\n<p>&nbsp;<\/p>\n","protected":false},"excerpt":{"rendered":"<p>Els professors Dar\u00edo i Albert estan aquests dies a Biella (Piemont, It\u00e0lia) en un intercanvi de professorat amb instituts de Biella i Tor\u00ed, Tortosa i Amer, en el marc d&#8217;Erasmus+ learning agreement. Els professors van intercanviar experi\u00e8ncies sobre el treball d&#8217;observaci\u00f3 a les aules i el tractament de la diversitat a les aules amb una [&hellip;]<\/p>\n","protected":false},"author":54,"featured_media":20023,"comment_status":"closed","ping_status":"closed","sticky":false,"template":"","format":"standard","meta":{"_bbp_topic_count":0,"_bbp_reply_count":0,"_bbp_total_topic_count":0,"_bbp_total_reply_count":0,"_bbp_voice_count":0,"_bbp_anonymous_reply_count":0,"_bbp_topic_count_hidden":0,"_bbp_reply_count_hidden":0,"_bbp_forum_subforum_count":0,"site-sidebar-layout":"default","site-content-layout":"","ast-site-content-layout":"","site-content-style":"default","site-sidebar-style":"default","ast-global-header-display":"","ast-banner-title-visibility":"","ast-main-header-display":"","ast-hfb-above-header-display":"","ast-hfb-below-header-display":"","ast-hfb-mobile-header-display":"","site-post-title":"","ast-breadcrumbs-content":"","ast-featured-img":"","footer-sml-layout":"","theme-transparent-header-meta":"","adv-header-id-meta":"","stick-header-meta":"","header-above-stick-meta":"","header-main-stick-meta":"","header-below-stick-meta":"","astra-migrate-meta-layouts":"default","ast-page-background-enabled":"default","ast-page-background-meta":{"desktop":{"background-color":"var(--ast-global-color-4)","background-image":"","background-repeat":"repeat","background-position":"center center","background-size":"auto","background-attachment":"scroll","background-type":"","background-media":"","overlay-type":"","overlay-color":"","overlay-opacity":"","overlay-gradient":""},"tablet":{"background-color":"","background-image":"","background-repeat":"repeat","background-position":"center center","background-size":"auto","background-attachment":"scroll","background-type":"","background-media":"","overlay-type":"","overlay-color":"","overlay-opacity":"","overlay-gradient":""},"mobile":{"background-color":"","background-image":"","background-repeat":"repeat","background-position":"center center","background-size":"auto","background-attachment":"scroll","background-type":"","background-media":"","overlay-type":"","overlay-color":"","overlay-opacity":"","overlay-gradient":""}},"ast-content-background-meta":{"desktop":{"background-color":"var(--ast-global-color-5)","background-image":"","background-repeat":"repeat","background-position":"center center","background-size":"auto","background-attachment":"scroll","background-type":"","background-media":"","overlay-type":"","overlay-color":"","overlay-opacity":"","overlay-gradient":""},"tablet":{"background-color":"var(--ast-global-color-5)","background-image":"","background-repeat":"repeat","background-position":"center center","background-size":"auto","background-attachment":"scroll","background-type":"","background-media":"","overlay-type":"","overlay-color":"","overlay-opacity":"","overlay-gradient":""},"mobile":{"background-color":"var(--ast-global-color-5)","background-image":"","background-repeat":"repeat","background-position":"center center","background-size":"auto","background-attachment":"scroll","background-type":"","background-media":"","overlay-type":"","overlay-color":"","overlay-opacity":"","overlay-gradient":""}},"footnotes":""},"categories":[1,636,29],"tags":[461,346,406,87],"class_list":["post-20013","post","type-post","status-publish","format-standard","has-post-thumbnail","hentry","category-actualitat","category-erasmus","category-portada","tag-intercanvi","tag-llengues","tag-professorat","tag-viatges"],"post_mailing_queue_ids":[],"_links":{"self":[{"href":"https:\/\/agora.xtec.cat\/insdespuig\/wp-json\/wp\/v2\/posts\/20013","targetHints":{"allow":["GET"]}}],"collection":[{"href":"https:\/\/agora.xtec.cat\/insdespuig\/wp-json\/wp\/v2\/posts"}],"about":[{"href":"https:\/\/agora.xtec.cat\/insdespuig\/wp-json\/wp\/v2\/types\/post"}],"author":[{"embeddable":true,"href":"https:\/\/agora.xtec.cat\/insdespuig\/wp-json\/wp\/v2\/users\/54"}],"replies":[{"embeddable":true,"href":"https:\/\/agora.xtec.cat\/insdespuig\/wp-json\/wp\/v2\/comments?post=20013"}],"version-history":[{"count":5,"href":"https:\/\/agora.xtec.cat\/insdespuig\/wp-json\/wp\/v2\/posts\/20013\/revisions"}],"predecessor-version":[{"id":22720,"href":"https:\/\/agora.xtec.cat\/insdespuig\/wp-json\/wp\/v2\/posts\/20013\/revisions\/22720"}],"wp:featuredmedia":[{"embeddable":true,"href":"https:\/\/agora.xtec.cat\/insdespuig\/wp-json\/wp\/v2\/media\/20023"}],"wp:attachment":[{"href":"https:\/\/agora.xtec.cat\/insdespuig\/wp-json\/wp\/v2\/media?parent=20013"}],"wp:term":[{"taxonomy":"category","embeddable":true,"href":"https:\/\/agora.xtec.cat\/insdespuig\/wp-json\/wp\/v2\/categories?post=20013"},{"taxonomy":"post_tag","embeddable":true,"href":"https:\/\/agora.xtec.cat\/insdespuig\/wp-json\/wp\/v2\/tags?post=20013"}],"curies":[{"name":"wp","href":"https:\/\/api.w.org\/{rel}","templated":true}]}}