{"id":17049,"date":"2021-02-02T21:05:12","date_gmt":"2021-02-02T20:05:12","guid":{"rendered":"http:\/\/agora.xtec.cat\/insdespuig\/?p=17049"},"modified":"2021-02-02T21:06:37","modified_gmt":"2021-02-02T20:06:37","slug":"presentacio-del-numero-9-de-la-revista-quaderns-de-lebre","status":"publish","type":"post","link":"https:\/\/agora.xtec.cat\/insdespuig\/actualitat\/presentacio-del-numero-9-de-la-revista-quaderns-de-lebre\/","title":{"rendered":"Presentaci\u00f3 del n\u00famero 9 de la revista Quaderns de l&#8217;Ebre"},"content":{"rendered":"<p>Ja est\u00e0 disponible en format digital el <strong>n\u00famero 9<\/strong> de la revista <b><i>Quaderns de l&#8217;Ebre<\/i><\/b> que edita el nostre institut.<\/p>\n<p style=\"text-align: center;\"><a style=\"margin-left: 1em; margin-right: 1em;\" href=\"http:\/\/usuaris.tinet.org\/idespuig\/QdE\/QuadernsEbre9.pdf\" target=\"_blank\" rel=\"noopener noreferrer\"><img decoding=\"async\" src=\"https:\/\/1.bp.blogspot.com\/-tFuTrAQZicE\/YAMyq1aUDlI\/AAAAAAAAFa4\/8kRTliXm4zQ2D4jGgat5WU9e-r81btwhgCNcBGAsYHQ\/s320\/portadaQdE9.png\" height=\"320\" border=\"0\" data-original-height=\"643\" data-original-width=\"453\" \/><\/a><\/p>\n<p>La presentaci\u00f3 de la revista es va fer virtualment el passat dia <b>22 de gener<\/b>, en la qual va intervenir <b>Albert Curto<\/b>, director de l&#8217;Arxiu Comarcal del Baix Ebre, <b>Roc Salvad\u00f3<\/b>, director de la revista, i <b>Josep Ramon Subirats<\/b>, director de l&#8217;institut.<\/p>\n<p>Podeu veure i escoltar les intervencions de la presentaci\u00f3 en el <a href=\"http:\/\/usuaris.tinet.org\/idespuig\/videos\/video-presentacioQdE9.m4v\" target=\"_blank\" rel=\"noopener noreferrer\">v\u00eddeo<\/a> seg\u00fcent:<\/p>\n<div class=\"separator\" style=\"clear: both; text-align: center;\"><a style=\"margin-left: 1em; margin-right: 1em;\" href=\"http:\/\/usuaris.tinet.org\/idespuig\/videos\/video-presentacioQdE9.m4v\" target=\"_blank\" rel=\"noopener noreferrer\"><img decoding=\"async\" src=\"https:\/\/1.bp.blogspot.com\/-GBMC93jFoFw\/YBmr2inzWoI\/AAAAAAAAFco\/8-0RTKgNhzEvC2fKPkk15HguCG-rGPH8ACNcBGAsYHQ\/s320\/videoQdE9.png\" width=\"320\" border=\"0\" data-original-height=\"378\" data-original-width=\"661\" \/><\/a><\/div>\n<p>&nbsp;<\/p>\n<p>En la revista es poden llegir articles de professorat de les Terres de l&#8217;Ebre o vinculat a estes comarques que a m\u00e9s a m\u00e9s de la seua tasca docent han fet valuoses aportacions a la recerca cient\u00edfica, hist\u00f2rica o ling\u00fc\u00edstica i a la creaci\u00f3 art\u00edstica i liter\u00e0ria.<\/p>\n<p>La revista s&#8217;ha editat en format de paper i es pot descarregar i llegir en format <a href=\"http:\/\/usuaris.tinet.org\/idespuig\/QdE\/QuadernsEbre9.pdf\" target=\"_blank\" rel=\"noopener noreferrer\">PDF<\/a> o fullejar al portal <a href=\"https:\/\/issuu.com\/instortosa\/docs\/qde9\" target=\"_blank\" rel=\"noopener noreferrer\">Issuu<\/a>.<\/p>\n<div class=\"separator\" style=\"clear: both; text-align: center;\"><a style=\"margin-left: 1em; margin-right: 1em;\" href=\"http:\/\/insdespuig-mediateca.blogspot.com\/p\/quaderns-de-lebre.html\" target=\"_blank\" rel=\"noopener noreferrer\"><img decoding=\"async\" src=\"https:\/\/1.bp.blogspot.com\/-NWg_O09EkSE\/YBmt5RtRcnI\/AAAAAAAAFc0\/Rxj8SbrsP-spAhAOwHiavtATSOi2Wc12wCNcBGAsYHQ\/s320\/Captura%2Bde%2Bpantalla%2B2021-01-30%2Ba%2Blas%2B16.57.10.png\" width=\"320\" border=\"0\" data-original-height=\"571\" data-original-width=\"575\" \/><\/a><\/div>\n<div><\/div>\n<p>Els n\u00fameros anteriors de la revista tamb\u00e9 es poden descarregar a la <a href=\"http:\/\/insdespuig-mediateca.blogspot.com\/p\/quaderns-de-lebre.html\" target=\"_blank\" rel=\"noopener noreferrer\">Mediateca<\/a> de l&#8217;Institut Crist\u00f2fol Despuig.<\/p>\n","protected":false},"excerpt":{"rendered":"<p>Ja est\u00e0 disponible en format digital el n\u00famero 9 de la revista Quaderns de l&#8217;Ebre que edita el nostre institut. La presentaci\u00f3 de la revista es va fer virtualment el passat dia 22 de gener, en la qual va intervenir Albert Curto, director de l&#8217;Arxiu Comarcal del Baix Ebre, Roc Salvad\u00f3, director de la revista, [&hellip;]<\/p>\n","protected":false},"author":54,"featured_media":17050,"comment_status":"closed","ping_status":"closed","sticky":false,"template":"","format":"standard","meta":{"_bbp_topic_count":0,"_bbp_reply_count":0,"_bbp_total_topic_count":0,"_bbp_total_reply_count":0,"_bbp_voice_count":0,"_bbp_anonymous_reply_count":0,"_bbp_topic_count_hidden":0,"_bbp_reply_count_hidden":0,"_bbp_forum_subforum_count":0,"site-sidebar-layout":"default","site-content-layout":"","ast-site-content-layout":"","site-content-style":"default","site-sidebar-style":"default","ast-global-header-display":"","ast-banner-title-visibility":"","ast-main-header-display":"","ast-hfb-above-header-display":"","ast-hfb-below-header-display":"","ast-hfb-mobile-header-display":"","site-post-title":"","ast-breadcrumbs-content":"","ast-featured-img":"","footer-sml-layout":"","theme-transparent-header-meta":"","adv-header-id-meta":"","stick-header-meta":"","header-above-stick-meta":"","header-main-stick-meta":"","header-below-stick-meta":"","astra-migrate-meta-layouts":"default","ast-page-background-enabled":"default","ast-page-background-meta":{"desktop":{"background-color":"var(--ast-global-color-4)","background-image":"","background-repeat":"repeat","background-position":"center center","background-size":"auto","background-attachment":"scroll","background-type":"","background-media":"","overlay-type":"","overlay-color":"","overlay-opacity":"","overlay-gradient":""},"tablet":{"background-color":"","background-image":"","background-repeat":"repeat","background-position":"center center","background-size":"auto","background-attachment":"scroll","background-type":"","background-media":"","overlay-type":"","overlay-color":"","overlay-opacity":"","overlay-gradient":""},"mobile":{"background-color":"","background-image":"","background-repeat":"repeat","background-position":"center center","background-size":"auto","background-attachment":"scroll","background-type":"","background-media":"","overlay-type":"","overlay-color":"","overlay-opacity":"","overlay-gradient":""}},"ast-content-background-meta":{"desktop":{"background-color":"var(--ast-global-color-5)","background-image":"","background-repeat":"repeat","background-position":"center center","background-size":"auto","background-attachment":"scroll","background-type":"","background-media":"","overlay-type":"","overlay-color":"","overlay-opacity":"","overlay-gradient":""},"tablet":{"background-color":"var(--ast-global-color-5)","background-image":"","background-repeat":"repeat","background-position":"center center","background-size":"auto","background-attachment":"scroll","background-type":"","background-media":"","overlay-type":"","overlay-color":"","overlay-opacity":"","overlay-gradient":""},"mobile":{"background-color":"var(--ast-global-color-5)","background-image":"","background-repeat":"repeat","background-position":"center center","background-size":"auto","background-attachment":"scroll","background-type":"","background-media":"","overlay-type":"","overlay-color":"","overlay-opacity":"","overlay-gradient":""}},"footnotes":""},"categories":[1,477,181,310,221,259,276,29],"tags":[365,571,116,411,105,148,115,99,406,113,103],"class_list":["post-17049","post","type-post","status-publish","format-standard","has-post-thumbnail","hentry","category-actualitat","category-biblioteca","category-catala","category-ciencies-de-la-naturalesa","category-ciencies-socials","category-cultura-classica","category-educacio-visual-i-plastica","category-portada","tag-art","tag-ciencia","tag-contes","tag-historia","tag-lectura","tag-literatura","tag-poesia","tag-presentacions","tag-professorat","tag-revistes","tag-videos"],"post_mailing_queue_ids":[],"_links":{"self":[{"href":"https:\/\/agora.xtec.cat\/insdespuig\/wp-json\/wp\/v2\/posts\/17049","targetHints":{"allow":["GET"]}}],"collection":[{"href":"https:\/\/agora.xtec.cat\/insdespuig\/wp-json\/wp\/v2\/posts"}],"about":[{"href":"https:\/\/agora.xtec.cat\/insdespuig\/wp-json\/wp\/v2\/types\/post"}],"author":[{"embeddable":true,"href":"https:\/\/agora.xtec.cat\/insdespuig\/wp-json\/wp\/v2\/users\/54"}],"replies":[{"embeddable":true,"href":"https:\/\/agora.xtec.cat\/insdespuig\/wp-json\/wp\/v2\/comments?post=17049"}],"version-history":[{"count":2,"href":"https:\/\/agora.xtec.cat\/insdespuig\/wp-json\/wp\/v2\/posts\/17049\/revisions"}],"predecessor-version":[{"id":17052,"href":"https:\/\/agora.xtec.cat\/insdespuig\/wp-json\/wp\/v2\/posts\/17049\/revisions\/17052"}],"wp:featuredmedia":[{"embeddable":true,"href":"https:\/\/agora.xtec.cat\/insdespuig\/wp-json\/wp\/v2\/media\/17050"}],"wp:attachment":[{"href":"https:\/\/agora.xtec.cat\/insdespuig\/wp-json\/wp\/v2\/media?parent=17049"}],"wp:term":[{"taxonomy":"category","embeddable":true,"href":"https:\/\/agora.xtec.cat\/insdespuig\/wp-json\/wp\/v2\/categories?post=17049"},{"taxonomy":"post_tag","embeddable":true,"href":"https:\/\/agora.xtec.cat\/insdespuig\/wp-json\/wp\/v2\/tags?post=17049"}],"curies":[{"name":"wp","href":"https:\/\/api.w.org\/{rel}","templated":true}]}}