{"id":17040,"date":"2021-02-03T21:21:44","date_gmt":"2021-02-03T20:21:44","guid":{"rendered":"http:\/\/agora.xtec.cat\/insdespuig\/?p=17040"},"modified":"2021-02-03T21:22:00","modified_gmt":"2021-02-03T20:22:00","slug":"presentacions-orals-dels-treballs-de-recerca","status":"publish","type":"post","link":"https:\/\/agora.xtec.cat\/insdespuig\/actualitat\/presentacions-orals-dels-treballs-de-recerca\/","title":{"rendered":"Presentacions orals dels treballs de recerca"},"content":{"rendered":"<p>Divendres passat<strong> 29 de gener<\/strong>, l\u2019alumnat de segon de batxillerat va presentar els seus <strong>treballs de recerca<\/strong>.<\/p>\n<p>A les presentacions hi van assistir els seus tutors i tutores, alguns professors del curs, companys i companyes de classe i l\u2019alumnat de 1r de batxillerat, que ara comen\u00e7ar\u00e0 a fer el seu treball. Enguany, donades les circumst\u00e0ncies, no hi han pogut assitir familiars i amistats com en altres cursos.<\/p>\n<p>Aqu\u00ed els teniu moments abans de fer la seua presentaci\u00f3.<\/p>\n<p><strong>Enhorabona a totes i a tots!<\/strong><\/p>\n<p>&nbsp;<\/p>\n<p><strong>Alumnes de 2n de batxillerat Cient\u00edfic-Tecnol\u00f2gic tutoritzats per Vanessa Saura, Marian Rojas i Bego\u00f1a Terrados<\/strong><\/p>\n<p><img loading=\"lazy\" decoding=\"async\" class=\"alignnone size-full wp-image-17086\" src=\"https:\/\/agora.xtec.cat\/insdespuig\/wp-content\/uploads\/usu921\/2021\/02\/IMG-20210129-WA0023.jpg\" alt=\"\" width=\"600\" height=\"450\" srcset=\"https:\/\/agora.xtec.cat\/insdespuig\/wp-content\/uploads\/usu921\/2021\/02\/IMG-20210129-WA0023.jpg 600w, https:\/\/agora.xtec.cat\/insdespuig\/wp-content\/uploads\/usu921\/2021\/02\/IMG-20210129-WA0023-300x225.jpg 300w, https:\/\/agora.xtec.cat\/insdespuig\/wp-content\/uploads\/usu921\/2021\/02\/IMG-20210129-WA0023-200x150.jpg 200w\" sizes=\"auto, (max-width: 600px) 100vw, 600px\" \/>Oriol Mora<br \/>\n<em>Viv\u00e8ncia de la COVID-19 a un centre d\u2019Atenci\u00f3 Interm\u00e8dia<\/em><\/p>\n<p>&nbsp;<\/p>\n<p><img loading=\"lazy\" decoding=\"async\" class=\"alignnone size-full wp-image-17088\" src=\"https:\/\/agora.xtec.cat\/insdespuig\/wp-content\/uploads\/usu921\/2021\/02\/IMG-20210129-WA0025.jpg\" alt=\"\" width=\"600\" height=\"450\" srcset=\"https:\/\/agora.xtec.cat\/insdespuig\/wp-content\/uploads\/usu921\/2021\/02\/IMG-20210129-WA0025.jpg 600w, https:\/\/agora.xtec.cat\/insdespuig\/wp-content\/uploads\/usu921\/2021\/02\/IMG-20210129-WA0025-300x225.jpg 300w, https:\/\/agora.xtec.cat\/insdespuig\/wp-content\/uploads\/usu921\/2021\/02\/IMG-20210129-WA0025-200x150.jpg 200w\" sizes=\"auto, (max-width: 600px) 100vw, 600px\" \/>Ainhoa Sancho<br \/>\n<em>Un m\u00f3n rere una passi\u00f3. La gimn\u00e0stica r\u00edtmica<\/em><\/p>\n<p>&nbsp;<\/p>\n<p><img loading=\"lazy\" decoding=\"async\" class=\"alignnone size-full wp-image-17087\" src=\"https:\/\/agora.xtec.cat\/insdespuig\/wp-content\/uploads\/usu921\/2021\/02\/IMG-20210129-WA0024.jpg\" alt=\"\" width=\"600\" height=\"450\" srcset=\"https:\/\/agora.xtec.cat\/insdespuig\/wp-content\/uploads\/usu921\/2021\/02\/IMG-20210129-WA0024.jpg 600w, https:\/\/agora.xtec.cat\/insdespuig\/wp-content\/uploads\/usu921\/2021\/02\/IMG-20210129-WA0024-300x225.jpg 300w, https:\/\/agora.xtec.cat\/insdespuig\/wp-content\/uploads\/usu921\/2021\/02\/IMG-20210129-WA0024-200x150.jpg 200w\" sizes=\"auto, (max-width: 600px) 100vw, 600px\" \/>Dasha Sa\u00f1\u00e9<br \/>\n<em>La f\u00edsica aplicada a la dansa<\/em><\/p>\n<p>&nbsp;<\/p>\n<p><img loading=\"lazy\" decoding=\"async\" class=\"alignnone size-full wp-image-17083\" src=\"https:\/\/agora.xtec.cat\/insdespuig\/wp-content\/uploads\/usu921\/2021\/02\/IMG-20210129-WA0020.jpg\" alt=\"\" width=\"600\" height=\"450\" srcset=\"https:\/\/agora.xtec.cat\/insdespuig\/wp-content\/uploads\/usu921\/2021\/02\/IMG-20210129-WA0020.jpg 600w, https:\/\/agora.xtec.cat\/insdespuig\/wp-content\/uploads\/usu921\/2021\/02\/IMG-20210129-WA0020-300x225.jpg 300w, https:\/\/agora.xtec.cat\/insdespuig\/wp-content\/uploads\/usu921\/2021\/02\/IMG-20210129-WA0020-200x150.jpg 200w\" sizes=\"auto, (max-width: 600px) 100vw, 600px\" \/>Cristhian T\u00e9llez<br \/>\n<em>La odisea del hombre por el espacio<\/em><\/p>\n<p>&nbsp;<\/p>\n<p><img loading=\"lazy\" decoding=\"async\" class=\"alignnone size-full wp-image-17084\" src=\"https:\/\/agora.xtec.cat\/insdespuig\/wp-content\/uploads\/usu921\/2021\/02\/IMG-20210129-WA0021.jpg\" alt=\"\" width=\"600\" height=\"450\" srcset=\"https:\/\/agora.xtec.cat\/insdespuig\/wp-content\/uploads\/usu921\/2021\/02\/IMG-20210129-WA0021.jpg 600w, https:\/\/agora.xtec.cat\/insdespuig\/wp-content\/uploads\/usu921\/2021\/02\/IMG-20210129-WA0021-300x225.jpg 300w, https:\/\/agora.xtec.cat\/insdespuig\/wp-content\/uploads\/usu921\/2021\/02\/IMG-20210129-WA0021-200x150.jpg 200w\" sizes=\"auto, (max-width: 600px) 100vw, 600px\" \/>Manel Adell<br \/>\n<em>Her\u00e8ncia: empremtes dactilars<\/em><\/p>\n<p>&nbsp;<\/p>\n<p><img loading=\"lazy\" decoding=\"async\" class=\"alignnone size-full wp-image-17085\" src=\"https:\/\/agora.xtec.cat\/insdespuig\/wp-content\/uploads\/usu921\/2021\/02\/IMG-20210129-WA0022.jpg\" alt=\"\" width=\"600\" height=\"450\" srcset=\"https:\/\/agora.xtec.cat\/insdespuig\/wp-content\/uploads\/usu921\/2021\/02\/IMG-20210129-WA0022.jpg 600w, https:\/\/agora.xtec.cat\/insdespuig\/wp-content\/uploads\/usu921\/2021\/02\/IMG-20210129-WA0022-300x225.jpg 300w, https:\/\/agora.xtec.cat\/insdespuig\/wp-content\/uploads\/usu921\/2021\/02\/IMG-20210129-WA0022-200x150.jpg 200w\" sizes=\"auto, (max-width: 600px) 100vw, 600px\" \/>J\u00falia Arag\u00f3n<br \/>\n<em>Un camp d\u2019estudi ple d\u2019esperances<\/em><\/p>\n<p>&nbsp;<\/p>\n<p><img loading=\"lazy\" decoding=\"async\" class=\"alignnone size-full wp-image-17095\" src=\"https:\/\/agora.xtec.cat\/insdespuig\/wp-content\/uploads\/usu921\/2021\/02\/IMG-20210129-WA0032.jpg\" alt=\"\" width=\"600\" height=\"450\" srcset=\"https:\/\/agora.xtec.cat\/insdespuig\/wp-content\/uploads\/usu921\/2021\/02\/IMG-20210129-WA0032.jpg 600w, https:\/\/agora.xtec.cat\/insdespuig\/wp-content\/uploads\/usu921\/2021\/02\/IMG-20210129-WA0032-300x225.jpg 300w, https:\/\/agora.xtec.cat\/insdespuig\/wp-content\/uploads\/usu921\/2021\/02\/IMG-20210129-WA0032-200x150.jpg 200w\" sizes=\"auto, (max-width: 600px) 100vw, 600px\" \/>Clara Caball\u00e9<br \/>\n<em>Contingut proteic en les dietes vegetarianes<\/em><\/p>\n<p>&nbsp;<\/p>\n<p><img loading=\"lazy\" decoding=\"async\" class=\"alignnone size-full wp-image-17091\" src=\"https:\/\/agora.xtec.cat\/insdespuig\/wp-content\/uploads\/usu921\/2021\/02\/IMG-20210129-WA0028.jpg\" alt=\"\" width=\"600\" height=\"450\" srcset=\"https:\/\/agora.xtec.cat\/insdespuig\/wp-content\/uploads\/usu921\/2021\/02\/IMG-20210129-WA0028.jpg 600w, https:\/\/agora.xtec.cat\/insdespuig\/wp-content\/uploads\/usu921\/2021\/02\/IMG-20210129-WA0028-300x225.jpg 300w, https:\/\/agora.xtec.cat\/insdespuig\/wp-content\/uploads\/usu921\/2021\/02\/IMG-20210129-WA0028-200x150.jpg 200w\" sizes=\"auto, (max-width: 600px) 100vw, 600px\" \/>N\u00faria Carles<br \/>\n<em>Biopl\u00e0stics, s\u00f3n la soluci\u00f3 al problema del <\/em>littering<em>?<\/em><\/p>\n<p>&nbsp;<\/p>\n<p><img loading=\"lazy\" decoding=\"async\" class=\"alignnone size-full wp-image-17094\" src=\"https:\/\/agora.xtec.cat\/insdespuig\/wp-content\/uploads\/usu921\/2021\/02\/IMG-20210129-WA0031.jpg\" alt=\"\" width=\"600\" height=\"450\" srcset=\"https:\/\/agora.xtec.cat\/insdespuig\/wp-content\/uploads\/usu921\/2021\/02\/IMG-20210129-WA0031.jpg 600w, https:\/\/agora.xtec.cat\/insdespuig\/wp-content\/uploads\/usu921\/2021\/02\/IMG-20210129-WA0031-300x225.jpg 300w, https:\/\/agora.xtec.cat\/insdespuig\/wp-content\/uploads\/usu921\/2021\/02\/IMG-20210129-WA0031-200x150.jpg 200w\" sizes=\"auto, (max-width: 600px) 100vw, 600px\" \/>Arnau Carot<br \/>\n<em>El rifle de Gauss<\/em><\/p>\n<p>&nbsp;<\/p>\n<p><img loading=\"lazy\" decoding=\"async\" class=\"alignnone size-full wp-image-17092\" src=\"https:\/\/agora.xtec.cat\/insdespuig\/wp-content\/uploads\/usu921\/2021\/02\/IMG-20210129-WA0029.jpg\" alt=\"\" width=\"600\" height=\"450\" srcset=\"https:\/\/agora.xtec.cat\/insdespuig\/wp-content\/uploads\/usu921\/2021\/02\/IMG-20210129-WA0029.jpg 600w, https:\/\/agora.xtec.cat\/insdespuig\/wp-content\/uploads\/usu921\/2021\/02\/IMG-20210129-WA0029-300x225.jpg 300w, https:\/\/agora.xtec.cat\/insdespuig\/wp-content\/uploads\/usu921\/2021\/02\/IMG-20210129-WA0029-200x150.jpg 200w\" sizes=\"auto, (max-width: 600px) 100vw, 600px\" \/>Cinta Carot<br \/>\n<em>Les matem\u00e0tiques del cub de Rubik<\/em><\/p>\n<p>&nbsp;<\/p>\n<p><img loading=\"lazy\" decoding=\"async\" class=\"alignnone size-full wp-image-17089\" src=\"https:\/\/agora.xtec.cat\/insdespuig\/wp-content\/uploads\/usu921\/2021\/02\/IMG-20210129-WA0026.jpg\" alt=\"\" width=\"600\" height=\"450\" srcset=\"https:\/\/agora.xtec.cat\/insdespuig\/wp-content\/uploads\/usu921\/2021\/02\/IMG-20210129-WA0026.jpg 600w, https:\/\/agora.xtec.cat\/insdespuig\/wp-content\/uploads\/usu921\/2021\/02\/IMG-20210129-WA0026-300x225.jpg 300w, https:\/\/agora.xtec.cat\/insdespuig\/wp-content\/uploads\/usu921\/2021\/02\/IMG-20210129-WA0026-200x150.jpg 200w\" sizes=\"auto, (max-width: 600px) 100vw, 600px\" \/>J\u00falia Carot<br \/>\n<em>Petits supervivents. Nadons prematurs<\/em><\/p>\n<p>&nbsp;<\/p>\n<p><img loading=\"lazy\" decoding=\"async\" class=\"alignnone size-full wp-image-17093\" src=\"https:\/\/agora.xtec.cat\/insdespuig\/wp-content\/uploads\/usu921\/2021\/02\/IMG-20210129-WA0030.jpg\" alt=\"\" width=\"600\" height=\"450\" srcset=\"https:\/\/agora.xtec.cat\/insdespuig\/wp-content\/uploads\/usu921\/2021\/02\/IMG-20210129-WA0030.jpg 600w, https:\/\/agora.xtec.cat\/insdespuig\/wp-content\/uploads\/usu921\/2021\/02\/IMG-20210129-WA0030-300x225.jpg 300w, https:\/\/agora.xtec.cat\/insdespuig\/wp-content\/uploads\/usu921\/2021\/02\/IMG-20210129-WA0030-200x150.jpg 200w\" sizes=\"auto, (max-width: 600px) 100vw, 600px\" \/>Ariadna Hostalot<br \/>\n<em>El colesterol<\/em><\/p>\n<p>&nbsp;<\/p>\n<p><img loading=\"lazy\" decoding=\"async\" class=\"alignnone size-full wp-image-17090\" src=\"https:\/\/agora.xtec.cat\/insdespuig\/wp-content\/uploads\/usu921\/2021\/02\/IMG-20210129-WA0027.jpg\" alt=\"\" width=\"600\" height=\"450\" srcset=\"https:\/\/agora.xtec.cat\/insdespuig\/wp-content\/uploads\/usu921\/2021\/02\/IMG-20210129-WA0027.jpg 600w, https:\/\/agora.xtec.cat\/insdespuig\/wp-content\/uploads\/usu921\/2021\/02\/IMG-20210129-WA0027-300x225.jpg 300w, https:\/\/agora.xtec.cat\/insdespuig\/wp-content\/uploads\/usu921\/2021\/02\/IMG-20210129-WA0027-200x150.jpg 200w\" sizes=\"auto, (max-width: 600px) 100vw, 600px\" \/>Zainab Latif<br \/>\n<em>La sang i els grups sanguinis<\/em><\/p>\n<p>&nbsp;<\/p>\n<p><strong>Alumnes de 2n de batxillerat Cient\u00edfic-Tecnol\u00f2gic tutoritzats per Manel Caball\u00e9 i Elena Panisello<\/strong><\/p>\n<p><img loading=\"lazy\" decoding=\"async\" class=\"alignnone size-full wp-image-17069\" src=\"https:\/\/agora.xtec.cat\/insdespuig\/wp-content\/uploads\/usu921\/2021\/02\/IMG-3778.jpg\" alt=\"\" width=\"600\" height=\"450\" srcset=\"https:\/\/agora.xtec.cat\/insdespuig\/wp-content\/uploads\/usu921\/2021\/02\/IMG-3778.jpg 600w, https:\/\/agora.xtec.cat\/insdespuig\/wp-content\/uploads\/usu921\/2021\/02\/IMG-3778-300x225.jpg 300w, https:\/\/agora.xtec.cat\/insdespuig\/wp-content\/uploads\/usu921\/2021\/02\/IMG-3778-200x150.jpg 200w\" sizes=\"auto, (max-width: 600px) 100vw, 600px\" \/>Marc Muriel<br \/>\n<em>Les pr\u00f2tesis i la rob\u00f2tica dins la medicina<\/em><\/p>\n<p>&nbsp;<\/p>\n<p><img loading=\"lazy\" decoding=\"async\" class=\"alignnone size-full wp-image-17070\" src=\"https:\/\/agora.xtec.cat\/insdespuig\/wp-content\/uploads\/usu921\/2021\/02\/IMG-3779.jpg\" alt=\"\" width=\"600\" height=\"480\" srcset=\"https:\/\/agora.xtec.cat\/insdespuig\/wp-content\/uploads\/usu921\/2021\/02\/IMG-3779.jpg 600w, https:\/\/agora.xtec.cat\/insdespuig\/wp-content\/uploads\/usu921\/2021\/02\/IMG-3779-300x240.jpg 300w\" sizes=\"auto, (max-width: 600px) 100vw, 600px\" \/>Lu\u00eds Robres<br \/>\n<em>Construcci\u00f3 d\u2019un afinador per instruments de corda<\/em><\/p>\n<p>&nbsp;<\/p>\n<p><img loading=\"lazy\" decoding=\"async\" class=\"alignnone size-full wp-image-17071\" src=\"https:\/\/agora.xtec.cat\/insdespuig\/wp-content\/uploads\/usu921\/2021\/02\/IMG-3782.jpg\" alt=\"\" width=\"600\" height=\"479\" srcset=\"https:\/\/agora.xtec.cat\/insdespuig\/wp-content\/uploads\/usu921\/2021\/02\/IMG-3782.jpg 600w, https:\/\/agora.xtec.cat\/insdespuig\/wp-content\/uploads\/usu921\/2021\/02\/IMG-3782-300x240.jpg 300w\" sizes=\"auto, (max-width: 600px) 100vw, 600px\" \/>Anna Subirats<br \/>\n<em>Lesions esportives. L\u2019handbol i el LCA<\/em><\/p>\n<p>&nbsp;<\/p>\n<p><img loading=\"lazy\" decoding=\"async\" class=\"alignnone size-full wp-image-17072\" src=\"https:\/\/agora.xtec.cat\/insdespuig\/wp-content\/uploads\/usu921\/2021\/02\/IMG-3783.jpg\" alt=\"\" width=\"600\" height=\"432\" srcset=\"https:\/\/agora.xtec.cat\/insdespuig\/wp-content\/uploads\/usu921\/2021\/02\/IMG-3783.jpg 600w, https:\/\/agora.xtec.cat\/insdespuig\/wp-content\/uploads\/usu921\/2021\/02\/IMG-3783-300x216.jpg 300w\" sizes=\"auto, (max-width: 600px) 100vw, 600px\" \/>Josep Barcel\u00f3<br \/>\n<em>Disseny gr\u00e0fic i programaci\u00f3 d\u2019un videojoc<\/em><\/p>\n<p>&nbsp;<\/p>\n<p><img loading=\"lazy\" decoding=\"async\" class=\"alignnone size-full wp-image-17073\" src=\"https:\/\/agora.xtec.cat\/insdespuig\/wp-content\/uploads\/usu921\/2021\/02\/IMG-3785.jpg\" alt=\"\" width=\"600\" height=\"435\" srcset=\"https:\/\/agora.xtec.cat\/insdespuig\/wp-content\/uploads\/usu921\/2021\/02\/IMG-3785.jpg 600w, https:\/\/agora.xtec.cat\/insdespuig\/wp-content\/uploads\/usu921\/2021\/02\/IMG-3785-300x218.jpg 300w\" sizes=\"auto, (max-width: 600px) 100vw, 600px\" \/>Idoia Clemente<br \/>\n<em>El gos d\u2019alerta m\u00e8dica i la diabetis<\/em><\/p>\n<p>&nbsp;<\/p>\n<p><img loading=\"lazy\" decoding=\"async\" class=\"alignnone size-full wp-image-17074\" src=\"https:\/\/agora.xtec.cat\/insdespuig\/wp-content\/uploads\/usu921\/2021\/02\/IMG-3786.jpg\" alt=\"\" width=\"600\" height=\"425\" srcset=\"https:\/\/agora.xtec.cat\/insdespuig\/wp-content\/uploads\/usu921\/2021\/02\/IMG-3786.jpg 600w, https:\/\/agora.xtec.cat\/insdespuig\/wp-content\/uploads\/usu921\/2021\/02\/IMG-3786-300x213.jpg 300w\" sizes=\"auto, (max-width: 600px) 100vw, 600px\" \/>Cinta Ferreres<br \/>\n<em>El que no es veu de la moda<\/em><\/p>\n<p>&nbsp;<\/p>\n<p><img loading=\"lazy\" decoding=\"async\" class=\"alignnone size-full wp-image-17075\" src=\"https:\/\/agora.xtec.cat\/insdespuig\/wp-content\/uploads\/usu921\/2021\/02\/IMG-3787.jpg\" alt=\"\" width=\"600\" height=\"378\" srcset=\"https:\/\/agora.xtec.cat\/insdespuig\/wp-content\/uploads\/usu921\/2021\/02\/IMG-3787.jpg 600w, https:\/\/agora.xtec.cat\/insdespuig\/wp-content\/uploads\/usu921\/2021\/02\/IMG-3787-300x189.jpg 300w\" sizes=\"auto, (max-width: 600px) 100vw, 600px\" \/>Jordi Gallart<br \/>\n<em>Millora pneum\u00e0tica per a la producci\u00f3 de caf\u00e8 i xocolata a la f\u00e0brica C.R.E.O de Tortosa<\/em><\/p>\n<p>&nbsp;<\/p>\n<p><img loading=\"lazy\" decoding=\"async\" class=\"alignnone size-full wp-image-17076\" src=\"https:\/\/agora.xtec.cat\/insdespuig\/wp-content\/uploads\/usu921\/2021\/02\/IMG-3789.jpg\" alt=\"\" width=\"600\" height=\"355\" srcset=\"https:\/\/agora.xtec.cat\/insdespuig\/wp-content\/uploads\/usu921\/2021\/02\/IMG-3789.jpg 600w, https:\/\/agora.xtec.cat\/insdespuig\/wp-content\/uploads\/usu921\/2021\/02\/IMG-3789-300x178.jpg 300w\" sizes=\"auto, (max-width: 600px) 100vw, 600px\" \/>Jordi Gim\u00e9nez<br \/>\n<em>Aprofitament de l\u2019energia e\u00f2lica en un edifici residencial<\/em><\/p>\n<p>&nbsp;<\/p>\n<p><img loading=\"lazy\" decoding=\"async\" class=\"alignnone size-full wp-image-17077\" src=\"https:\/\/agora.xtec.cat\/insdespuig\/wp-content\/uploads\/usu921\/2021\/02\/IMG-3790.jpg\" alt=\"\" width=\"600\" height=\"450\" srcset=\"https:\/\/agora.xtec.cat\/insdespuig\/wp-content\/uploads\/usu921\/2021\/02\/IMG-3790.jpg 600w, https:\/\/agora.xtec.cat\/insdespuig\/wp-content\/uploads\/usu921\/2021\/02\/IMG-3790-300x225.jpg 300w, https:\/\/agora.xtec.cat\/insdespuig\/wp-content\/uploads\/usu921\/2021\/02\/IMG-3790-200x150.jpg 200w\" sizes=\"auto, (max-width: 600px) 100vw, 600px\" \/>El Mahdi Hamza<br \/>\n<em>Influ\u00e8ncia d\u2019un exc\u00e9s de nutrients en el creixement dels vegetals<\/em><\/p>\n<p>&nbsp;<\/p>\n<p><img loading=\"lazy\" decoding=\"async\" class=\"alignnone size-full wp-image-17078\" src=\"https:\/\/agora.xtec.cat\/insdespuig\/wp-content\/uploads\/usu921\/2021\/02\/IMG-3791.jpg\" alt=\"\" width=\"600\" height=\"397\" srcset=\"https:\/\/agora.xtec.cat\/insdespuig\/wp-content\/uploads\/usu921\/2021\/02\/IMG-3791.jpg 600w, https:\/\/agora.xtec.cat\/insdespuig\/wp-content\/uploads\/usu921\/2021\/02\/IMG-3791-300x199.jpg 300w\" sizes=\"auto, (max-width: 600px) 100vw, 600px\" \/>Sara Mart\u00ednez<br \/>\n<em>Impacte de les noves tecnologies al nostre institut<\/em><\/p>\n<p>&nbsp;<\/p>\n<p><img loading=\"lazy\" decoding=\"async\" class=\"alignnone size-full wp-image-17079\" src=\"https:\/\/agora.xtec.cat\/insdespuig\/wp-content\/uploads\/usu921\/2021\/02\/IMG-3793.jpg\" alt=\"\" width=\"600\" height=\"450\" srcset=\"https:\/\/agora.xtec.cat\/insdespuig\/wp-content\/uploads\/usu921\/2021\/02\/IMG-3793.jpg 600w, https:\/\/agora.xtec.cat\/insdespuig\/wp-content\/uploads\/usu921\/2021\/02\/IMG-3793-300x225.jpg 300w, https:\/\/agora.xtec.cat\/insdespuig\/wp-content\/uploads\/usu921\/2021\/02\/IMG-3793-200x150.jpg 200w\" sizes=\"auto, (max-width: 600px) 100vw, 600px\" \/>D\u00eddac Martorell<br \/>\n<em>Esp\u00e8cies invasores del Delta de l\u2019Ebre<\/em><\/p>\n<p>&nbsp;<\/p>\n<p><img loading=\"lazy\" decoding=\"async\" class=\"alignnone size-full wp-image-17080\" src=\"https:\/\/agora.xtec.cat\/insdespuig\/wp-content\/uploads\/usu921\/2021\/02\/IMG-3794.jpg\" alt=\"\" width=\"600\" height=\"450\" srcset=\"https:\/\/agora.xtec.cat\/insdespuig\/wp-content\/uploads\/usu921\/2021\/02\/IMG-3794.jpg 600w, https:\/\/agora.xtec.cat\/insdespuig\/wp-content\/uploads\/usu921\/2021\/02\/IMG-3794-300x225.jpg 300w, https:\/\/agora.xtec.cat\/insdespuig\/wp-content\/uploads\/usu921\/2021\/02\/IMG-3794-200x150.jpg 200w\" sizes=\"auto, (max-width: 600px) 100vw, 600px\" \/>N\u00faria Miralles<br \/>\n<em>La ciutadania d\u2019un iogurt<\/em><\/p>\n<p>&nbsp;<\/p>\n<p><img loading=\"lazy\" decoding=\"async\" class=\"alignnone size-full wp-image-17097\" src=\"https:\/\/agora.xtec.cat\/insdespuig\/wp-content\/uploads\/usu921\/2021\/02\/PHOTO-2021-01-29-16-51-341.jpg\" alt=\"\" width=\"600\" height=\"450\" srcset=\"https:\/\/agora.xtec.cat\/insdespuig\/wp-content\/uploads\/usu921\/2021\/02\/PHOTO-2021-01-29-16-51-341.jpg 600w, https:\/\/agora.xtec.cat\/insdespuig\/wp-content\/uploads\/usu921\/2021\/02\/PHOTO-2021-01-29-16-51-341-300x225.jpg 300w, https:\/\/agora.xtec.cat\/insdespuig\/wp-content\/uploads\/usu921\/2021\/02\/PHOTO-2021-01-29-16-51-341-200x150.jpg 200w\" sizes=\"auto, (max-width: 600px) 100vw, 600px\" \/>Maria Subirats<br \/>\n<em>Interpretaci\u00f3 filos\u00f2fica i hermen\u00e8utica de la segona simfonia de Gustav Mahler<\/em><\/p>\n<p>&nbsp;<\/p>\n<p><strong>Alumnes de 2n de batxillerat Econ\u00f2mic-Human\u00edstic tutoritzats per Cinta Accensi, Dario Sabat\u00e9<\/strong><\/p>\n<p><img loading=\"lazy\" decoding=\"async\" class=\"alignnone size-full wp-image-17102\" src=\"https:\/\/agora.xtec.cat\/insdespuig\/wp-content\/uploads\/usu921\/2021\/02\/PHOTO-2021-01-29-16-51-362.jpg\" alt=\"\" width=\"600\" height=\"450\" srcset=\"https:\/\/agora.xtec.cat\/insdespuig\/wp-content\/uploads\/usu921\/2021\/02\/PHOTO-2021-01-29-16-51-362.jpg 600w, https:\/\/agora.xtec.cat\/insdespuig\/wp-content\/uploads\/usu921\/2021\/02\/PHOTO-2021-01-29-16-51-362-300x225.jpg 300w, https:\/\/agora.xtec.cat\/insdespuig\/wp-content\/uploads\/usu921\/2021\/02\/PHOTO-2021-01-29-16-51-362-200x150.jpg 200w\" sizes=\"auto, (max-width: 600px) 100vw, 600px\" \/>Mart\u00ed Carot<br \/>\n<em>El Valle de los Ca\u00eddos: somni o malson?<\/em><\/p>\n<p>&nbsp;<\/p>\n<p><img loading=\"lazy\" decoding=\"async\" class=\"alignnone size-full wp-image-17101\" src=\"https:\/\/agora.xtec.cat\/insdespuig\/wp-content\/uploads\/usu921\/2021\/02\/PHOTO-2021-01-29-16-51-361.jpg\" alt=\"\" width=\"600\" height=\"450\" srcset=\"https:\/\/agora.xtec.cat\/insdespuig\/wp-content\/uploads\/usu921\/2021\/02\/PHOTO-2021-01-29-16-51-361.jpg 600w, https:\/\/agora.xtec.cat\/insdespuig\/wp-content\/uploads\/usu921\/2021\/02\/PHOTO-2021-01-29-16-51-361-300x225.jpg 300w, https:\/\/agora.xtec.cat\/insdespuig\/wp-content\/uploads\/usu921\/2021\/02\/PHOTO-2021-01-29-16-51-361-200x150.jpg 200w\" sizes=\"auto, (max-width: 600px) 100vw, 600px\" \/>Andreu Cutts<br \/>\n<em>Les brigades internacionals<\/em><\/p>\n<p>&nbsp;<\/p>\n<p><img loading=\"lazy\" decoding=\"async\" class=\"alignnone size-full wp-image-17105\" src=\"https:\/\/agora.xtec.cat\/insdespuig\/wp-content\/uploads\/usu921\/2021\/02\/IMG_8640.jpg\" alt=\"\" width=\"600\" height=\"450\" srcset=\"https:\/\/agora.xtec.cat\/insdespuig\/wp-content\/uploads\/usu921\/2021\/02\/IMG_8640.jpg 600w, https:\/\/agora.xtec.cat\/insdespuig\/wp-content\/uploads\/usu921\/2021\/02\/IMG_8640-300x225.jpg 300w, https:\/\/agora.xtec.cat\/insdespuig\/wp-content\/uploads\/usu921\/2021\/02\/IMG_8640-200x150.jpg 200w\" sizes=\"auto, (max-width: 600px) 100vw, 600px\" \/>Maria Estrada<br \/>\n<em>L\u2019evoluci\u00f3 dels diners<\/em><\/p>\n<p>&nbsp;<\/p>\n<p><img loading=\"lazy\" decoding=\"async\" class=\"alignnone size-full wp-image-17106\" src=\"https:\/\/agora.xtec.cat\/insdespuig\/wp-content\/uploads\/usu921\/2021\/02\/IMG_8641.jpg\" alt=\"\" width=\"600\" height=\"450\" srcset=\"https:\/\/agora.xtec.cat\/insdespuig\/wp-content\/uploads\/usu921\/2021\/02\/IMG_8641.jpg 600w, https:\/\/agora.xtec.cat\/insdespuig\/wp-content\/uploads\/usu921\/2021\/02\/IMG_8641-300x225.jpg 300w, https:\/\/agora.xtec.cat\/insdespuig\/wp-content\/uploads\/usu921\/2021\/02\/IMG_8641-200x150.jpg 200w\" sizes=\"auto, (max-width: 600px) 100vw, 600px\" \/>Sophia Ferri<br \/>\n<em>La leuc\u00e8mia<\/em><\/p>\n<p>&nbsp;<\/p>\n<p><img loading=\"lazy\" decoding=\"async\" class=\"alignnone size-full wp-image-17107\" src=\"https:\/\/agora.xtec.cat\/insdespuig\/wp-content\/uploads\/usu921\/2021\/02\/IMG_8643.jpg\" alt=\"\" width=\"600\" height=\"450\" srcset=\"https:\/\/agora.xtec.cat\/insdespuig\/wp-content\/uploads\/usu921\/2021\/02\/IMG_8643.jpg 600w, https:\/\/agora.xtec.cat\/insdespuig\/wp-content\/uploads\/usu921\/2021\/02\/IMG_8643-300x225.jpg 300w, https:\/\/agora.xtec.cat\/insdespuig\/wp-content\/uploads\/usu921\/2021\/02\/IMG_8643-200x150.jpg 200w\" sizes=\"auto, (max-width: 600px) 100vw, 600px\" \/>Paula Mars\u00e0<br \/>\n<em>Narcol\u00e8psia<\/em><\/p>\n<p>&nbsp;<\/p>\n<p><img loading=\"lazy\" decoding=\"async\" class=\"alignnone size-full wp-image-17100\" src=\"https:\/\/agora.xtec.cat\/insdespuig\/wp-content\/uploads\/usu921\/2021\/02\/PHOTO-2021-01-29-16-51-36.jpg\" alt=\"\" width=\"600\" height=\"450\" srcset=\"https:\/\/agora.xtec.cat\/insdespuig\/wp-content\/uploads\/usu921\/2021\/02\/PHOTO-2021-01-29-16-51-36.jpg 600w, https:\/\/agora.xtec.cat\/insdespuig\/wp-content\/uploads\/usu921\/2021\/02\/PHOTO-2021-01-29-16-51-36-300x225.jpg 300w, https:\/\/agora.xtec.cat\/insdespuig\/wp-content\/uploads\/usu921\/2021\/02\/PHOTO-2021-01-29-16-51-36-200x150.jpg 200w\" sizes=\"auto, (max-width: 600px) 100vw, 600px\" \/>Cinta Monlla\u00f3<br \/>\n<em>Analitzant el Joker<\/em><\/p>\n<p>&nbsp;<\/p>\n<p><img loading=\"lazy\" decoding=\"async\" class=\"alignnone size-full wp-image-17108\" src=\"https:\/\/agora.xtec.cat\/insdespuig\/wp-content\/uploads\/usu921\/2021\/02\/IMG_8648.jpg\" alt=\"\" width=\"600\" height=\"450\" srcset=\"https:\/\/agora.xtec.cat\/insdespuig\/wp-content\/uploads\/usu921\/2021\/02\/IMG_8648.jpg 600w, https:\/\/agora.xtec.cat\/insdespuig\/wp-content\/uploads\/usu921\/2021\/02\/IMG_8648-300x225.jpg 300w, https:\/\/agora.xtec.cat\/insdespuig\/wp-content\/uploads\/usu921\/2021\/02\/IMG_8648-200x150.jpg 200w\" sizes=\"auto, (max-width: 600px) 100vw, 600px\" \/>Marc P\u00e9rez<br \/>\n<em>Les empreses l\u00edders del s. XXI<\/em><\/p>\n<p>&nbsp;<\/p>\n<p><img loading=\"lazy\" decoding=\"async\" class=\"alignnone size-full wp-image-17109\" src=\"https:\/\/agora.xtec.cat\/insdespuig\/wp-content\/uploads\/usu921\/2021\/02\/IMG_8651.jpg\" alt=\"\" width=\"600\" height=\"450\" srcset=\"https:\/\/agora.xtec.cat\/insdespuig\/wp-content\/uploads\/usu921\/2021\/02\/IMG_8651.jpg 600w, https:\/\/agora.xtec.cat\/insdespuig\/wp-content\/uploads\/usu921\/2021\/02\/IMG_8651-300x225.jpg 300w, https:\/\/agora.xtec.cat\/insdespuig\/wp-content\/uploads\/usu921\/2021\/02\/IMG_8651-200x150.jpg 200w\" sizes=\"auto, (max-width: 600px) 100vw, 600px\" \/>Anna P\u00e9rez<br \/>\n<em>Resposta social al canvi clim\u00e0tic<\/em><\/p>\n<p>&nbsp;<\/p>\n<p><img loading=\"lazy\" decoding=\"async\" class=\"alignnone size-full wp-image-17099\" src=\"https:\/\/agora.xtec.cat\/insdespuig\/wp-content\/uploads\/usu921\/2021\/02\/PHOTO-2021-01-29-16-51-351.jpg\" alt=\"\" width=\"600\" height=\"450\" srcset=\"https:\/\/agora.xtec.cat\/insdespuig\/wp-content\/uploads\/usu921\/2021\/02\/PHOTO-2021-01-29-16-51-351.jpg 600w, https:\/\/agora.xtec.cat\/insdespuig\/wp-content\/uploads\/usu921\/2021\/02\/PHOTO-2021-01-29-16-51-351-300x225.jpg 300w, https:\/\/agora.xtec.cat\/insdespuig\/wp-content\/uploads\/usu921\/2021\/02\/PHOTO-2021-01-29-16-51-351-200x150.jpg 200w\" sizes=\"auto, (max-width: 600px) 100vw, 600px\" \/>Pau Sabat\u00e9<br \/>\n<em>Economia submergida<\/em><\/p>\n<p>&nbsp;<\/p>\n<p><img loading=\"lazy\" decoding=\"async\" class=\"alignnone size-full wp-image-17098\" src=\"https:\/\/agora.xtec.cat\/insdespuig\/wp-content\/uploads\/usu921\/2021\/02\/PHOTO-2021-01-29-16-51-35.jpg\" alt=\"\" width=\"600\" height=\"450\" srcset=\"https:\/\/agora.xtec.cat\/insdespuig\/wp-content\/uploads\/usu921\/2021\/02\/PHOTO-2021-01-29-16-51-35.jpg 600w, https:\/\/agora.xtec.cat\/insdespuig\/wp-content\/uploads\/usu921\/2021\/02\/PHOTO-2021-01-29-16-51-35-300x225.jpg 300w, https:\/\/agora.xtec.cat\/insdespuig\/wp-content\/uploads\/usu921\/2021\/02\/PHOTO-2021-01-29-16-51-35-200x150.jpg 200w\" sizes=\"auto, (max-width: 600px) 100vw, 600px\" \/>Mireia Segarra<br \/>\n<em>Camps de concentraci\u00f3 i extermini<\/em><\/p>\n<p>&nbsp;<\/p>\n<p><img loading=\"lazy\" decoding=\"async\" class=\"alignnone size-full wp-image-17103\" src=\"https:\/\/agora.xtec.cat\/insdespuig\/wp-content\/uploads\/usu921\/2021\/02\/PHOTO-2021-01-29-16-51-37.jpg\" alt=\"\" width=\"600\" height=\"450\" srcset=\"https:\/\/agora.xtec.cat\/insdespuig\/wp-content\/uploads\/usu921\/2021\/02\/PHOTO-2021-01-29-16-51-37.jpg 600w, https:\/\/agora.xtec.cat\/insdespuig\/wp-content\/uploads\/usu921\/2021\/02\/PHOTO-2021-01-29-16-51-37-300x225.jpg 300w, https:\/\/agora.xtec.cat\/insdespuig\/wp-content\/uploads\/usu921\/2021\/02\/PHOTO-2021-01-29-16-51-37-200x150.jpg 200w\" sizes=\"auto, (max-width: 600px) 100vw, 600px\" \/>Pilar Sowe<br \/>\n<em>La realitat d\u2019una cultura<\/em><\/p>\n<p>&nbsp;<\/p>\n<p><img loading=\"lazy\" decoding=\"async\" class=\"alignnone size-full wp-image-17096\" src=\"https:\/\/agora.xtec.cat\/insdespuig\/wp-content\/uploads\/usu921\/2021\/02\/PHOTO-2021-01-29-16-51-34.jpg\" alt=\"\" width=\"600\" height=\"450\" srcset=\"https:\/\/agora.xtec.cat\/insdespuig\/wp-content\/uploads\/usu921\/2021\/02\/PHOTO-2021-01-29-16-51-34.jpg 600w, https:\/\/agora.xtec.cat\/insdespuig\/wp-content\/uploads\/usu921\/2021\/02\/PHOTO-2021-01-29-16-51-34-300x225.jpg 300w, https:\/\/agora.xtec.cat\/insdespuig\/wp-content\/uploads\/usu921\/2021\/02\/PHOTO-2021-01-29-16-51-34-200x150.jpg 200w\" sizes=\"auto, (max-width: 600px) 100vw, 600px\" \/>Cinta Turch<br \/>\n<em>Malformaci\u00f3 d\u2019Arnold Chiari: la p\u00e8rdua del somriure<\/em><\/p>\n<p>&nbsp;<\/p>\n<p><img loading=\"lazy\" decoding=\"async\" class=\"alignnone size-full wp-image-17110\" src=\"https:\/\/agora.xtec.cat\/insdespuig\/wp-content\/uploads\/usu921\/2021\/02\/IMG_8655.jpg\" alt=\"\" width=\"600\" height=\"450\" srcset=\"https:\/\/agora.xtec.cat\/insdespuig\/wp-content\/uploads\/usu921\/2021\/02\/IMG_8655.jpg 600w, https:\/\/agora.xtec.cat\/insdespuig\/wp-content\/uploads\/usu921\/2021\/02\/IMG_8655-300x225.jpg 300w, https:\/\/agora.xtec.cat\/insdespuig\/wp-content\/uploads\/usu921\/2021\/02\/IMG_8655-200x150.jpg 200w\" sizes=\"auto, (max-width: 600px) 100vw, 600px\" \/>Albert Verge<br \/>\n<em>Impacte en el canvi clim\u00e0tic. Estudi de la casa i l\u2019empresa sostenible.<\/em><\/p>\n<p>&nbsp;<\/p>\n<p><img loading=\"lazy\" decoding=\"async\" class=\"alignnone size-full wp-image-17111\" src=\"https:\/\/agora.xtec.cat\/insdespuig\/wp-content\/uploads\/usu921\/2021\/02\/IMG_8657.jpg\" alt=\"\" width=\"600\" height=\"450\" srcset=\"https:\/\/agora.xtec.cat\/insdespuig\/wp-content\/uploads\/usu921\/2021\/02\/IMG_8657.jpg 600w, https:\/\/agora.xtec.cat\/insdespuig\/wp-content\/uploads\/usu921\/2021\/02\/IMG_8657-300x225.jpg 300w, https:\/\/agora.xtec.cat\/insdespuig\/wp-content\/uploads\/usu921\/2021\/02\/IMG_8657-200x150.jpg 200w\" sizes=\"auto, (max-width: 600px) 100vw, 600px\" \/>Aissata Barri<br \/>\n<em>Viralitzaci\u00f3 dels <\/em>challenges<em> i influ\u00e8ncia des del 2015-2020<\/em><\/p>\n<p>&nbsp;<\/p>\n<p><strong>Alumnes de 2n de batxillerat Econ\u00f2mic-Human\u00edstic tutoritzats per Albert Aragon\u00e9s, Pili Andreu i Tere Izquierdo<\/strong><\/p>\n<p><img loading=\"lazy\" decoding=\"async\" class=\"alignnone wp-image-17053 size-full\" src=\"https:\/\/agora.xtec.cat\/insdespuig\/wp-content\/uploads\/usu921\/2021\/02\/Fitxer_000.jpeg\" alt=\"\" width=\"600\" height=\"450\" srcset=\"https:\/\/agora.xtec.cat\/insdespuig\/wp-content\/uploads\/usu921\/2021\/02\/Fitxer_000.jpeg 600w, https:\/\/agora.xtec.cat\/insdespuig\/wp-content\/uploads\/usu921\/2021\/02\/Fitxer_000-300x225.jpeg 300w, https:\/\/agora.xtec.cat\/insdespuig\/wp-content\/uploads\/usu921\/2021\/02\/Fitxer_000-200x150.jpeg 200w\" sizes=\"auto, (max-width: 600px) 100vw, 600px\" \/>Aleix Beltran<br \/>\n<em>Els prejudicis del rap<\/em><\/p>\n<p>&nbsp;<\/p>\n<p><img loading=\"lazy\" decoding=\"async\" class=\"alignnone size-full wp-image-17054\" src=\"https:\/\/agora.xtec.cat\/insdespuig\/wp-content\/uploads\/usu921\/2021\/02\/Fitxer_001.jpeg\" alt=\"\" width=\"600\" height=\"450\" srcset=\"https:\/\/agora.xtec.cat\/insdespuig\/wp-content\/uploads\/usu921\/2021\/02\/Fitxer_001.jpeg 600w, https:\/\/agora.xtec.cat\/insdespuig\/wp-content\/uploads\/usu921\/2021\/02\/Fitxer_001-300x225.jpeg 300w, https:\/\/agora.xtec.cat\/insdespuig\/wp-content\/uploads\/usu921\/2021\/02\/Fitxer_001-200x150.jpeg 200w\" sizes=\"auto, (max-width: 600px) 100vw, 600px\" \/>Gina Canalda<br \/>\n<em>An\u00e1lisis y comparaci\u00f3n de <\/em>El mal querer<em>\u00a0y el cl\u00e1sico <\/em>Flamenca<\/p>\n<p>&nbsp;<\/p>\n<p><img loading=\"lazy\" decoding=\"async\" class=\"alignnone size-full wp-image-17055\" src=\"https:\/\/agora.xtec.cat\/insdespuig\/wp-content\/uploads\/usu921\/2021\/02\/Fitxer_002.jpeg\" alt=\"\" width=\"600\" height=\"450\" srcset=\"https:\/\/agora.xtec.cat\/insdespuig\/wp-content\/uploads\/usu921\/2021\/02\/Fitxer_002.jpeg 600w, https:\/\/agora.xtec.cat\/insdespuig\/wp-content\/uploads\/usu921\/2021\/02\/Fitxer_002-300x225.jpeg 300w, https:\/\/agora.xtec.cat\/insdespuig\/wp-content\/uploads\/usu921\/2021\/02\/Fitxer_002-200x150.jpeg 200w\" sizes=\"auto, (max-width: 600px) 100vw, 600px\" \/>Maria Crisol<br \/>\n<em>El maltractament animal. Un problema de tots<\/em><\/p>\n<p>&nbsp;<\/p>\n<p><img loading=\"lazy\" decoding=\"async\" class=\"alignnone size-full wp-image-17056\" src=\"https:\/\/agora.xtec.cat\/insdespuig\/wp-content\/uploads\/usu921\/2021\/02\/Fitxer_003.jpeg\" alt=\"\" width=\"600\" height=\"450\" srcset=\"https:\/\/agora.xtec.cat\/insdespuig\/wp-content\/uploads\/usu921\/2021\/02\/Fitxer_003.jpeg 600w, https:\/\/agora.xtec.cat\/insdespuig\/wp-content\/uploads\/usu921\/2021\/02\/Fitxer_003-300x225.jpeg 300w, https:\/\/agora.xtec.cat\/insdespuig\/wp-content\/uploads\/usu921\/2021\/02\/Fitxer_003-200x150.jpeg 200w\" sizes=\"auto, (max-width: 600px) 100vw, 600px\" \/>Cinta Domingo<br \/>\n<em>Sostres de vidre. El saber ignorat de quatre dones<\/em><\/p>\n<p>&nbsp;<\/p>\n<p><img loading=\"lazy\" decoding=\"async\" class=\"alignnone size-full wp-image-17057\" src=\"https:\/\/agora.xtec.cat\/insdespuig\/wp-content\/uploads\/usu921\/2021\/02\/Fitxer_004.jpeg\" alt=\"\" width=\"600\" height=\"450\" srcset=\"https:\/\/agora.xtec.cat\/insdespuig\/wp-content\/uploads\/usu921\/2021\/02\/Fitxer_004.jpeg 600w, https:\/\/agora.xtec.cat\/insdespuig\/wp-content\/uploads\/usu921\/2021\/02\/Fitxer_004-300x225.jpeg 300w, https:\/\/agora.xtec.cat\/insdespuig\/wp-content\/uploads\/usu921\/2021\/02\/Fitxer_004-200x150.jpeg 200w\" sizes=\"auto, (max-width: 600px) 100vw, 600px\" \/>Cinta Escolano<br \/>\n<em>Publicitat i cases d\u2019apostes<\/em><\/p>\n<p>&nbsp;<\/p>\n<p><img loading=\"lazy\" decoding=\"async\" class=\"alignnone size-full wp-image-17058\" src=\"https:\/\/agora.xtec.cat\/insdespuig\/wp-content\/uploads\/usu921\/2021\/02\/Fitxer_005.jpeg\" alt=\"\" width=\"600\" height=\"450\" srcset=\"https:\/\/agora.xtec.cat\/insdespuig\/wp-content\/uploads\/usu921\/2021\/02\/Fitxer_005.jpeg 600w, https:\/\/agora.xtec.cat\/insdespuig\/wp-content\/uploads\/usu921\/2021\/02\/Fitxer_005-300x225.jpeg 300w, https:\/\/agora.xtec.cat\/insdespuig\/wp-content\/uploads\/usu921\/2021\/02\/Fitxer_005-200x150.jpeg 200w\" sizes=\"auto, (max-width: 600px) 100vw, 600px\" \/>Eul\u00e0lia Espuny<br \/>\n<em>El mite d\u2019Inditex<\/em><\/p>\n<p>&nbsp;<\/p>\n<p><img loading=\"lazy\" decoding=\"async\" class=\"alignnone size-full wp-image-17059\" src=\"https:\/\/agora.xtec.cat\/insdespuig\/wp-content\/uploads\/usu921\/2021\/02\/Fitxer_006.jpeg\" alt=\"\" width=\"600\" height=\"450\" srcset=\"https:\/\/agora.xtec.cat\/insdespuig\/wp-content\/uploads\/usu921\/2021\/02\/Fitxer_006.jpeg 600w, https:\/\/agora.xtec.cat\/insdespuig\/wp-content\/uploads\/usu921\/2021\/02\/Fitxer_006-300x225.jpeg 300w, https:\/\/agora.xtec.cat\/insdespuig\/wp-content\/uploads\/usu921\/2021\/02\/Fitxer_006-200x150.jpeg 200w\" sizes=\"auto, (max-width: 600px) 100vw, 600px\" \/>Paula Gisbert<br \/>\n<em>Una moral canviant<\/em><\/p>\n<p>&nbsp;<\/p>\n<p><img loading=\"lazy\" decoding=\"async\" class=\"alignnone size-full wp-image-17060\" src=\"https:\/\/agora.xtec.cat\/insdespuig\/wp-content\/uploads\/usu921\/2021\/02\/Fitxer_007.jpeg\" alt=\"\" width=\"600\" height=\"450\" srcset=\"https:\/\/agora.xtec.cat\/insdespuig\/wp-content\/uploads\/usu921\/2021\/02\/Fitxer_007.jpeg 600w, https:\/\/agora.xtec.cat\/insdespuig\/wp-content\/uploads\/usu921\/2021\/02\/Fitxer_007-300x225.jpeg 300w, https:\/\/agora.xtec.cat\/insdespuig\/wp-content\/uploads\/usu921\/2021\/02\/Fitxer_007-200x150.jpeg 200w\" sizes=\"auto, (max-width: 600px) 100vw, 600px\" \/>Cinta Insa<br \/>\n<em>Comparativa de l\u2019educaci\u00f3 formal i no formal. L\u2019educaci\u00f3 en el lleure<\/em><\/p>\n<p>&nbsp;<\/p>\n<p><img loading=\"lazy\" decoding=\"async\" class=\"alignnone size-full wp-image-17061\" src=\"https:\/\/agora.xtec.cat\/insdespuig\/wp-content\/uploads\/usu921\/2021\/02\/Fitxer_008.jpeg\" alt=\"\" width=\"600\" height=\"450\" srcset=\"https:\/\/agora.xtec.cat\/insdespuig\/wp-content\/uploads\/usu921\/2021\/02\/Fitxer_008.jpeg 600w, https:\/\/agora.xtec.cat\/insdespuig\/wp-content\/uploads\/usu921\/2021\/02\/Fitxer_008-300x225.jpeg 300w, https:\/\/agora.xtec.cat\/insdespuig\/wp-content\/uploads\/usu921\/2021\/02\/Fitxer_008-200x150.jpeg 200w\" sizes=\"auto, (max-width: 600px) 100vw, 600px\" \/>Pol J\u00e1uregui<br \/>\n<em>Pla d\u2019empresa d\u2019una botiga de roba, sabates i accessoris<\/em><\/p>\n<p>&nbsp;<\/p>\n<p><img loading=\"lazy\" decoding=\"async\" class=\"alignnone size-full wp-image-17062\" src=\"https:\/\/agora.xtec.cat\/insdespuig\/wp-content\/uploads\/usu921\/2021\/02\/Fitxer_009.jpeg\" alt=\"\" width=\"600\" height=\"450\" srcset=\"https:\/\/agora.xtec.cat\/insdespuig\/wp-content\/uploads\/usu921\/2021\/02\/Fitxer_009.jpeg 600w, https:\/\/agora.xtec.cat\/insdespuig\/wp-content\/uploads\/usu921\/2021\/02\/Fitxer_009-300x225.jpeg 300w, https:\/\/agora.xtec.cat\/insdespuig\/wp-content\/uploads\/usu921\/2021\/02\/Fitxer_009-200x150.jpeg 200w\" sizes=\"auto, (max-width: 600px) 100vw, 600px\" \/>Paula Jim\u00e9nez<br \/>\n<em>Harry Potter: una an\u00e0lisi psicol\u00f2gica i arquet\u00edpica<\/em><\/p>\n<p>&nbsp;<\/p>\n<p><img loading=\"lazy\" decoding=\"async\" class=\"alignnone size-full wp-image-17063\" src=\"https:\/\/agora.xtec.cat\/insdespuig\/wp-content\/uploads\/usu921\/2021\/02\/Fitxer_010.jpeg\" alt=\"\" width=\"600\" height=\"450\" srcset=\"https:\/\/agora.xtec.cat\/insdespuig\/wp-content\/uploads\/usu921\/2021\/02\/Fitxer_010.jpeg 600w, https:\/\/agora.xtec.cat\/insdespuig\/wp-content\/uploads\/usu921\/2021\/02\/Fitxer_010-300x225.jpeg 300w, https:\/\/agora.xtec.cat\/insdespuig\/wp-content\/uploads\/usu921\/2021\/02\/Fitxer_010-200x150.jpeg 200w\" sizes=\"auto, (max-width: 600px) 100vw, 600px\" \/>Pau Ler\u00edn<br \/>\n<em>Trucatges de motors de 2 temps<\/em><\/p>\n<p>&nbsp;<\/p>\n<p><img loading=\"lazy\" decoding=\"async\" class=\"alignnone size-full wp-image-17064\" src=\"https:\/\/agora.xtec.cat\/insdespuig\/wp-content\/uploads\/usu921\/2021\/02\/Fitxer_011.jpeg\" alt=\"\" width=\"600\" height=\"450\" srcset=\"https:\/\/agora.xtec.cat\/insdespuig\/wp-content\/uploads\/usu921\/2021\/02\/Fitxer_011.jpeg 600w, https:\/\/agora.xtec.cat\/insdespuig\/wp-content\/uploads\/usu921\/2021\/02\/Fitxer_011-300x225.jpeg 300w, https:\/\/agora.xtec.cat\/insdespuig\/wp-content\/uploads\/usu921\/2021\/02\/Fitxer_011-200x150.jpeg 200w\" sizes=\"auto, (max-width: 600px) 100vw, 600px\" \/>Marc L\u00f3pez<br \/>\n<em>Biaixos cognitius al neurom\u00e0rqueting<\/em><\/p>\n<p>&nbsp;<\/p>\n<p><img loading=\"lazy\" decoding=\"async\" class=\"alignnone size-full wp-image-17065\" src=\"https:\/\/agora.xtec.cat\/insdespuig\/wp-content\/uploads\/usu921\/2021\/02\/Fitxer_012.jpeg\" alt=\"\" width=\"600\" height=\"450\" srcset=\"https:\/\/agora.xtec.cat\/insdespuig\/wp-content\/uploads\/usu921\/2021\/02\/Fitxer_012.jpeg 600w, https:\/\/agora.xtec.cat\/insdespuig\/wp-content\/uploads\/usu921\/2021\/02\/Fitxer_012-300x225.jpeg 300w, https:\/\/agora.xtec.cat\/insdespuig\/wp-content\/uploads\/usu921\/2021\/02\/Fitxer_012-200x150.jpeg 200w\" sizes=\"auto, (max-width: 600px) 100vw, 600px\" \/>Salma Ouabibi<br \/>\n<em>Feminisme isl\u00e0mic<\/em><\/p>\n<p>&nbsp;<\/p>\n<p><img loading=\"lazy\" decoding=\"async\" class=\"alignnone size-full wp-image-17066\" src=\"https:\/\/agora.xtec.cat\/insdespuig\/wp-content\/uploads\/usu921\/2021\/02\/Fitxer_013.jpeg\" alt=\"\" width=\"600\" height=\"450\" srcset=\"https:\/\/agora.xtec.cat\/insdespuig\/wp-content\/uploads\/usu921\/2021\/02\/Fitxer_013.jpeg 600w, https:\/\/agora.xtec.cat\/insdespuig\/wp-content\/uploads\/usu921\/2021\/02\/Fitxer_013-300x225.jpeg 300w, https:\/\/agora.xtec.cat\/insdespuig\/wp-content\/uploads\/usu921\/2021\/02\/Fitxer_013-200x150.jpeg 200w\" sizes=\"auto, (max-width: 600px) 100vw, 600px\" \/>Mariam Ouacif<br \/>\n<em>La salut mental als m\u00fasics<\/em><\/p>\n<p>&nbsp;<\/p>\n<p><img loading=\"lazy\" decoding=\"async\" class=\"alignnone size-full wp-image-17067\" src=\"https:\/\/agora.xtec.cat\/insdespuig\/wp-content\/uploads\/usu921\/2021\/02\/Fitxer_014.jpeg\" alt=\"\" width=\"600\" height=\"450\" srcset=\"https:\/\/agora.xtec.cat\/insdespuig\/wp-content\/uploads\/usu921\/2021\/02\/Fitxer_014.jpeg 600w, https:\/\/agora.xtec.cat\/insdespuig\/wp-content\/uploads\/usu921\/2021\/02\/Fitxer_014-300x225.jpeg 300w, https:\/\/agora.xtec.cat\/insdespuig\/wp-content\/uploads\/usu921\/2021\/02\/Fitxer_014-200x150.jpeg 200w\" sizes=\"auto, (max-width: 600px) 100vw, 600px\" \/>Paula Arasa<br \/>\n<em>La realitat de les princeses Disney<\/em><\/p>\n<p>&nbsp;<\/p>\n<p><img loading=\"lazy\" decoding=\"async\" class=\"alignnone size-full wp-image-17068\" src=\"https:\/\/agora.xtec.cat\/insdespuig\/wp-content\/uploads\/usu921\/2021\/02\/Fitxer_015.jpeg\" alt=\"\" width=\"600\" height=\"450\" srcset=\"https:\/\/agora.xtec.cat\/insdespuig\/wp-content\/uploads\/usu921\/2021\/02\/Fitxer_015.jpeg 600w, https:\/\/agora.xtec.cat\/insdespuig\/wp-content\/uploads\/usu921\/2021\/02\/Fitxer_015-300x225.jpeg 300w, https:\/\/agora.xtec.cat\/insdespuig\/wp-content\/uploads\/usu921\/2021\/02\/Fitxer_015-200x150.jpeg 200w\" sizes=\"auto, (max-width: 600px) 100vw, 600px\" \/>Dina Badi<br \/>\n<em>L\u2019\u00fas de les xarxes socials<\/em><\/p>\n<p>&nbsp;<\/p>\n","protected":false},"excerpt":{"rendered":"<p>Divendres passat 29 de gener, l\u2019alumnat de segon de batxillerat va presentar els seus treballs de recerca. A les presentacions hi van assistir els seus tutors i tutores, alguns professors del curs, companys i companyes de classe i l\u2019alumnat de 1r de batxillerat, que ara comen\u00e7ar\u00e0 a fer el seu treball. Enguany, donades les circumst\u00e0ncies, [&hellip;]<\/p>\n","protected":false},"author":54,"featured_media":17071,"comment_status":"closed","ping_status":"closed","sticky":false,"template":"","format":"standard","meta":{"_bbp_topic_count":0,"_bbp_reply_count":0,"_bbp_total_topic_count":0,"_bbp_total_reply_count":0,"_bbp_voice_count":0,"_bbp_anonymous_reply_count":0,"_bbp_topic_count_hidden":0,"_bbp_reply_count_hidden":0,"_bbp_forum_subforum_count":0,"site-sidebar-layout":"default","site-content-layout":"","ast-site-content-layout":"","site-content-style":"default","site-sidebar-style":"default","ast-global-header-display":"","ast-banner-title-visibility":"","ast-main-header-display":"","ast-hfb-above-header-display":"","ast-hfb-below-header-display":"","ast-hfb-mobile-header-display":"","site-post-title":"","ast-breadcrumbs-content":"","ast-featured-img":"","footer-sml-layout":"","theme-transparent-header-meta":"","adv-header-id-meta":"","stick-header-meta":"","header-above-stick-meta":"","header-main-stick-meta":"","header-below-stick-meta":"","astra-migrate-meta-layouts":"default","ast-page-background-enabled":"default","ast-page-background-meta":{"desktop":{"background-color":"var(--ast-global-color-4)","background-image":"","background-repeat":"repeat","background-position":"center center","background-size":"auto","background-attachment":"scroll","background-type":"","background-media":"","overlay-type":"","overlay-color":"","overlay-opacity":"","overlay-gradient":""},"tablet":{"background-color":"","background-image":"","background-repeat":"repeat","background-position":"center center","background-size":"auto","background-attachment":"scroll","background-type":"","background-media":"","overlay-type":"","overlay-color":"","overlay-opacity":"","overlay-gradient":""},"mobile":{"background-color":"","background-image":"","background-repeat":"repeat","background-position":"center center","background-size":"auto","background-attachment":"scroll","background-type":"","background-media":"","overlay-type":"","overlay-color":"","overlay-opacity":"","overlay-gradient":""}},"ast-content-background-meta":{"desktop":{"background-color":"var(--ast-global-color-5)","background-image":"","background-repeat":"repeat","background-position":"center center","background-size":"auto","background-attachment":"scroll","background-type":"","background-media":"","overlay-type":"","overlay-color":"","overlay-opacity":"","overlay-gradient":""},"tablet":{"background-color":"var(--ast-global-color-5)","background-image":"","background-repeat":"repeat","background-position":"center center","background-size":"auto","background-attachment":"scroll","background-type":"","background-media":"","overlay-type":"","overlay-color":"","overlay-opacity":"","overlay-gradient":""},"mobile":{"background-color":"var(--ast-global-color-5)","background-image":"","background-repeat":"repeat","background-position":"center center","background-size":"auto","background-attachment":"scroll","background-type":"","background-media":"","overlay-type":"","overlay-color":"","overlay-opacity":"","overlay-gradient":""}},"footnotes":""},"categories":[1,8,201,181,310,221,290,29,254],"tags":[135,95,99,126],"class_list":["post-17040","post","type-post","status-publish","format-standard","has-post-thumbnail","hentry","category-actualitat","category-batxillerat","category-castella","category-catala","category-ciencies-de-la-naturalesa","category-ciencies-socials","category-matematiques","category-portada","category-tecnologia","tag-alumnat","tag-exposicions","tag-presentacions","tag-treballs-de-recerca"],"post_mailing_queue_ids":[],"_links":{"self":[{"href":"https:\/\/agora.xtec.cat\/insdespuig\/wp-json\/wp\/v2\/posts\/17040","targetHints":{"allow":["GET"]}}],"collection":[{"href":"https:\/\/agora.xtec.cat\/insdespuig\/wp-json\/wp\/v2\/posts"}],"about":[{"href":"https:\/\/agora.xtec.cat\/insdespuig\/wp-json\/wp\/v2\/types\/post"}],"author":[{"embeddable":true,"href":"https:\/\/agora.xtec.cat\/insdespuig\/wp-json\/wp\/v2\/users\/54"}],"replies":[{"embeddable":true,"href":"https:\/\/agora.xtec.cat\/insdespuig\/wp-json\/wp\/v2\/comments?post=17040"}],"version-history":[{"count":3,"href":"https:\/\/agora.xtec.cat\/insdespuig\/wp-json\/wp\/v2\/posts\/17040\/revisions"}],"predecessor-version":[{"id":17112,"href":"https:\/\/agora.xtec.cat\/insdespuig\/wp-json\/wp\/v2\/posts\/17040\/revisions\/17112"}],"wp:featuredmedia":[{"embeddable":true,"href":"https:\/\/agora.xtec.cat\/insdespuig\/wp-json\/wp\/v2\/media\/17071"}],"wp:attachment":[{"href":"https:\/\/agora.xtec.cat\/insdespuig\/wp-json\/wp\/v2\/media?parent=17040"}],"wp:term":[{"taxonomy":"category","embeddable":true,"href":"https:\/\/agora.xtec.cat\/insdespuig\/wp-json\/wp\/v2\/categories?post=17040"},{"taxonomy":"post_tag","embeddable":true,"href":"https:\/\/agora.xtec.cat\/insdespuig\/wp-json\/wp\/v2\/tags?post=17040"}],"curies":[{"name":"wp","href":"https:\/\/api.w.org\/{rel}","templated":true}]}}