{"id":16376,"date":"2017-06-02T14:30:41","date_gmt":"2017-06-02T12:30:41","guid":{"rendered":"http:\/\/agora.xtec.cat\/insdespuig\/?p=16376"},"modified":"2020-09-02T14:35:20","modified_gmt":"2020-09-02T12:35:20","slug":"tots-els-podcasts-del-programa-de-radio-los-de-casa","status":"publish","type":"post","link":"https:\/\/agora.xtec.cat\/insdespuig\/actualitat\/tots-els-podcasts-del-programa-de-radio-los-de-casa\/","title":{"rendered":"Tots els podcasts del programa de r\u00e0dio Los de casa"},"content":{"rendered":"<p>&nbsp;<\/p>\n<p>En aquesta p\u00e0gina trobareu tots els enlla\u00e7os dels arxius de l\u2019espai <strong>Los de casa<\/strong>, un programa de r\u00e0dio realitzat per l\u2019alumnat de 3r d\u2019ESO de l\u2019optativa <b>Fem r\u00e0dio<\/b> durant el curs 2016-2017 em\u00e8s a <a href=\"http:\/\/www.radiotortosa.cat\/ca\" target=\"_blank\" rel=\"noopener noreferrer\">R\u00e0dio Tortosa<\/a>\u00a0(103.3 FM), dins de magaz\u00edn matinal\u00a0<a href=\"http:\/\/www.radiotortosa.cat\/ca\/programa\/punta-del-diamant\" target=\"_blank\" rel=\"noopener noreferrer\">La punta del diamant<\/a>, presentat i dirigit per N\u00faria Mora.<\/p>\n<p><a href=\"http:\/\/usuaris.tinet.org\/idespuig\/fem_radio\/de-casa6-20-04-2017.mp3\" target=\"_blank\" rel=\"noopener noreferrer\"><img decoding=\"async\" src=\"https:\/\/3.bp.blogspot.com\/-i78ZjEe6qIw\/TywYdSM9tjI\/AAAAAAAAAnI\/MJGpNmGU_3o\/s1600\/play15.png\" alt=\"\" border=\"0\" \/><\/a>\u00a0<b>Programa n\u00fam. 7 (20\/5\/2017)<\/b><\/p>\n<p><a href=\"http:\/\/usuaris.tinet.org\/idespuig\/fem_radio\/de-casa6-20-04-2017.mp3\" target=\"_blank\" rel=\"noopener noreferrer\"><img loading=\"lazy\" decoding=\"async\" class=\"alignnone\" src=\"https:\/\/3.bp.blogspot.com\/-i78ZjEe6qIw\/TywYdSM9tjI\/AAAAAAAAAnI\/MJGpNmGU_3o\/s1600\/play15.png\" alt=\"\" width=\"15\" height=\"15\" border=\"0\" \/><\/a>\u00a0<b>Programa n\u00fam. 6 (20\/4\/2017)<\/b><\/p>\n<p><a href=\"http:\/\/usuaris.tinet.org\/idespuig\/fem_radio\/de-casa5-16-03-2017.mp3\" target=\"_blank\" rel=\"noopener noreferrer\"><img decoding=\"async\" src=\"https:\/\/3.bp.blogspot.com\/-i78ZjEe6qIw\/TywYdSM9tjI\/AAAAAAAAAnI\/MJGpNmGU_3o\/s1600\/play15.png\" alt=\"\" border=\"0\" \/><\/a>\u00a0<b>Programa n\u00fam. 5 (16\/3\/2017)<\/b><\/p>\n<p><a href=\"http:\/\/usuaris.tinet.org\/idespuig\/fem_radio\/de-casa4-03-03-2017.mp3\" target=\"_blank\" rel=\"noopener noreferrer\"><img decoding=\"async\" src=\"https:\/\/3.bp.blogspot.com\/-i78ZjEe6qIw\/TywYdSM9tjI\/AAAAAAAAAnI\/MJGpNmGU_3o\/s1600\/play15.png\" alt=\"\" border=\"0\" \/><\/a>\u00a0<b>Programa n\u00fam. 4 (3\/3\/2017)<\/b><\/p>\n<p><a href=\"http:\/\/usuaris.tinet.org\/idespuig\/fem_radio\/de-casa3-09-02-2017.mp3\" target=\"_blank\" rel=\"noopener noreferrer\"><img decoding=\"async\" src=\"https:\/\/3.bp.blogspot.com\/-i78ZjEe6qIw\/TywYdSM9tjI\/AAAAAAAAAnI\/MJGpNmGU_3o\/s1600\/play15.png\" alt=\"\" border=\"0\" \/><\/a>\u00a0<b>Programa n\u00fam. 3 (9\/2\/2017)<\/b><\/p>\n<p><a href=\"http:\/\/usuaris.tinet.org\/idespuig\/fem_radio\/de-casa2-19-01-2017.mp3\" target=\"_blank\" rel=\"noopener noreferrer\"><img decoding=\"async\" src=\"https:\/\/3.bp.blogspot.com\/-i78ZjEe6qIw\/TywYdSM9tjI\/AAAAAAAAAnI\/MJGpNmGU_3o\/s1600\/play15.png\" alt=\"\" border=\"0\" \/><\/a>\u00a0<b>Programa n\u00fam. 2\u00a0(19\/1\/2017)<\/b><\/p>\n<p><a href=\"http:\/\/usuaris.tinet.org\/idespuig\/fem_radio\/de-casa1-23-12-2016.mp3\" target=\"_blank\" rel=\"noopener noreferrer\"><img decoding=\"async\" src=\"https:\/\/3.bp.blogspot.com\/-i78ZjEe6qIw\/TywYdSM9tjI\/AAAAAAAAAnI\/MJGpNmGU_3o\/s1600\/play15.png\" alt=\"\" border=\"0\" \/><\/a>\u00a0<b>Programa n\u00fam. 1\u00a0(23\/12\/2016)<\/b><\/p>\n<p>&nbsp;<\/p>\n","protected":false},"excerpt":{"rendered":"<p>&nbsp; En aquesta p\u00e0gina trobareu tots els enlla\u00e7os dels arxius de l\u2019espai Los de casa, un programa de r\u00e0dio realitzat per l\u2019alumnat de 3r d\u2019ESO de l\u2019optativa Fem r\u00e0dio durant el curs 2016-2017 em\u00e8s a R\u00e0dio Tortosa\u00a0(103.3 FM), dins de magaz\u00edn matinal\u00a0La punta del diamant, presentat i dirigit per N\u00faria Mora. \u00a0Programa n\u00fam. 7 (20\/5\/2017) [&hellip;]<\/p>\n","protected":false},"author":54,"featured_media":14119,"comment_status":"closed","ping_status":"closed","sticky":false,"template":"","format":"standard","meta":{"_bbp_topic_count":0,"_bbp_reply_count":0,"_bbp_total_topic_count":0,"_bbp_total_reply_count":0,"_bbp_voice_count":0,"_bbp_anonymous_reply_count":0,"_bbp_topic_count_hidden":0,"_bbp_reply_count_hidden":0,"_bbp_forum_subforum_count":0,"site-sidebar-layout":"default","site-content-layout":"","ast-site-content-layout":"","site-content-style":"default","site-sidebar-style":"default","ast-global-header-display":"","ast-banner-title-visibility":"","ast-main-header-display":"","ast-hfb-above-header-display":"","ast-hfb-below-header-display":"","ast-hfb-mobile-header-display":"","site-post-title":"","ast-breadcrumbs-content":"","ast-featured-img":"","footer-sml-layout":"","theme-transparent-header-meta":"","adv-header-id-meta":"","stick-header-meta":"","header-above-stick-meta":"","header-main-stick-meta":"","header-below-stick-meta":"","astra-migrate-meta-layouts":"default","ast-page-background-enabled":"default","ast-page-background-meta":{"desktop":{"background-color":"var(--ast-global-color-4)","background-image":"","background-repeat":"repeat","background-position":"center center","background-size":"auto","background-attachment":"scroll","background-type":"","background-media":"","overlay-type":"","overlay-color":"","overlay-opacity":"","overlay-gradient":""},"tablet":{"background-color":"","background-image":"","background-repeat":"repeat","background-position":"center center","background-size":"auto","background-attachment":"scroll","background-type":"","background-media":"","overlay-type":"","overlay-color":"","overlay-opacity":"","overlay-gradient":""},"mobile":{"background-color":"","background-image":"","background-repeat":"repeat","background-position":"center center","background-size":"auto","background-attachment":"scroll","background-type":"","background-media":"","overlay-type":"","overlay-color":"","overlay-opacity":"","overlay-gradient":""}},"ast-content-background-meta":{"desktop":{"background-color":"var(--ast-global-color-5)","background-image":"","background-repeat":"repeat","background-position":"center center","background-size":"auto","background-attachment":"scroll","background-type":"","background-media":"","overlay-type":"","overlay-color":"","overlay-opacity":"","overlay-gradient":""},"tablet":{"background-color":"var(--ast-global-color-5)","background-image":"","background-repeat":"repeat","background-position":"center center","background-size":"auto","background-attachment":"scroll","background-type":"","background-media":"","overlay-type":"","overlay-color":"","overlay-opacity":"","overlay-gradient":""},"mobile":{"background-color":"var(--ast-global-color-5)","background-image":"","background-repeat":"repeat","background-position":"center center","background-size":"auto","background-attachment":"scroll","background-type":"","background-media":"","overlay-type":"","overlay-color":"","overlay-opacity":"","overlay-gradient":""}},"footnotes":""},"categories":[1,181,3,29],"tags":[135,102,58],"class_list":["post-16376","post","type-post","status-publish","format-standard","has-post-thumbnail","hentry","category-actualitat","category-catala","category-eso","category-portada","tag-alumnat","tag-radio","tag-tallers"],"post_mailing_queue_ids":[],"_links":{"self":[{"href":"https:\/\/agora.xtec.cat\/insdespuig\/wp-json\/wp\/v2\/posts\/16376","targetHints":{"allow":["GET"]}}],"collection":[{"href":"https:\/\/agora.xtec.cat\/insdespuig\/wp-json\/wp\/v2\/posts"}],"about":[{"href":"https:\/\/agora.xtec.cat\/insdespuig\/wp-json\/wp\/v2\/types\/post"}],"author":[{"embeddable":true,"href":"https:\/\/agora.xtec.cat\/insdespuig\/wp-json\/wp\/v2\/users\/54"}],"replies":[{"embeddable":true,"href":"https:\/\/agora.xtec.cat\/insdespuig\/wp-json\/wp\/v2\/comments?post=16376"}],"version-history":[{"count":1,"href":"https:\/\/agora.xtec.cat\/insdespuig\/wp-json\/wp\/v2\/posts\/16376\/revisions"}],"predecessor-version":[{"id":16377,"href":"https:\/\/agora.xtec.cat\/insdespuig\/wp-json\/wp\/v2\/posts\/16376\/revisions\/16377"}],"wp:featuredmedia":[{"embeddable":true,"href":"https:\/\/agora.xtec.cat\/insdespuig\/wp-json\/wp\/v2\/media\/14119"}],"wp:attachment":[{"href":"https:\/\/agora.xtec.cat\/insdespuig\/wp-json\/wp\/v2\/media?parent=16376"}],"wp:term":[{"taxonomy":"category","embeddable":true,"href":"https:\/\/agora.xtec.cat\/insdespuig\/wp-json\/wp\/v2\/categories?post=16376"},{"taxonomy":"post_tag","embeddable":true,"href":"https:\/\/agora.xtec.cat\/insdespuig\/wp-json\/wp\/v2\/tags?post=16376"}],"curies":[{"name":"wp","href":"https:\/\/api.w.org\/{rel}","templated":true}]}}