{"id":15829,"date":"2020-04-09T10:05:29","date_gmt":"2020-04-09T08:05:29","guid":{"rendered":"http:\/\/agora.xtec.cat\/insdespuig\/?p=15829"},"modified":"2020-04-09T10:05:29","modified_gmt":"2020-04-09T08:05:29","slug":"consells-practics-i-suport-als-jovens-durant-el-confinament","status":"publish","type":"post","link":"https:\/\/agora.xtec.cat\/insdespuig\/actualitat\/consells-practics-i-suport-als-jovens-durant-el-confinament\/","title":{"rendered":"Consells pr\u00e0ctics i suport als j\u00f3vens durant el confinament"},"content":{"rendered":"<p><a href=\"http:\/\/jovecat.gencat.cat\/web\/.content\/_documents\/arxiu\/salut\/Guia_Joves_Confinats.pdf\" rel=\"attachment wp-att-15830\"><img loading=\"lazy\" decoding=\"async\" class=\"alignnone wp-image-15830 size-full\" src=\"https:\/\/agora.xtec.cat\/insdespuig\/wp-content\/uploads\/usu921\/2020\/04\/com.png\" alt=\"\" width=\"225\" height=\"225\" srcset=\"https:\/\/agora.xtec.cat\/insdespuig\/wp-content\/uploads\/usu921\/2020\/04\/com.png 225w, https:\/\/agora.xtec.cat\/insdespuig\/wp-content\/uploads\/usu921\/2020\/04\/com-150x150.png 150w\" sizes=\"auto, (max-width: 225px) 100vw, 225px\" \/><\/a><br \/>\n<a href=\"http:\/\/jovecat.gencat.cat\/ca\/inici\/\">Joventut<\/a> ha publicat dues guies amb <strong>consells pr\u00e0ctics<\/strong> perqu\u00e8 els j\u00f3vens puguen gestionar el confinament amb equilibri emocional.<\/p>\n<p>A m\u00e9s a m\u00e9s, Joventut i Adolescents.cat tamb\u00e9 han obert un <a href=\"https:\/\/treballiaferssocials.gencat.cat\/ca\/detalls\/Noticia\/Joventut-i-Adolescents.cat-obren-un-consultori-psicologic-en-linia-per-abordar-els-dubtes-i-preocupacions-derivats-del-confinament\">consultori psicol\u00f2gic en l\u00ednia<\/a> per abordar els dubtes i preocupacions derivats d&#8217;aquest confinament.<\/p>\n<p>Font: <a href=\"https:\/\/treballiaferssocials.gencat.cat\/ca\/detalls\/Noticia\/Joventut-publica-dues-guies-amb-consells-practics-perque-els-joves-puguin-gestionar-el-confinament-amb-equilibri-emocional\">Departament de Treball, Afers Socials i Fam\u00edlies<\/a>.<\/p>\n","protected":false},"excerpt":{"rendered":"<p>Joventut ha publicat dues guies amb consells pr\u00e0ctics perqu\u00e8 els j\u00f3vens puguen gestionar el confinament amb equilibri emocional. A m\u00e9s a m\u00e9s, Joventut i Adolescents.cat tamb\u00e9 han obert un consultori psicol\u00f2gic en l\u00ednia per abordar els dubtes i preocupacions derivats d&#8217;aquest confinament. Font: Departament de Treball, Afers Socials i Fam\u00edlies.<\/p>\n","protected":false},"author":54,"featured_media":15830,"comment_status":"closed","ping_status":"closed","sticky":false,"template":"","format":"standard","meta":{"_bbp_topic_count":0,"_bbp_reply_count":0,"_bbp_total_topic_count":0,"_bbp_total_reply_count":0,"_bbp_voice_count":0,"_bbp_anonymous_reply_count":0,"_bbp_topic_count_hidden":0,"_bbp_reply_count_hidden":0,"_bbp_forum_subforum_count":0,"site-sidebar-layout":"default","site-content-layout":"","ast-site-content-layout":"","site-content-style":"default","site-sidebar-style":"default","ast-global-header-display":"","ast-banner-title-visibility":"","ast-main-header-display":"","ast-hfb-above-header-display":"","ast-hfb-below-header-display":"","ast-hfb-mobile-header-display":"","site-post-title":"","ast-breadcrumbs-content":"","ast-featured-img":"","footer-sml-layout":"","theme-transparent-header-meta":"","adv-header-id-meta":"","stick-header-meta":"","header-above-stick-meta":"","header-main-stick-meta":"","header-below-stick-meta":"","astra-migrate-meta-layouts":"default","ast-page-background-enabled":"default","ast-page-background-meta":{"desktop":{"background-color":"var(--ast-global-color-4)","background-image":"","background-repeat":"repeat","background-position":"center center","background-size":"auto","background-attachment":"scroll","background-type":"","background-media":"","overlay-type":"","overlay-color":"","overlay-opacity":"","overlay-gradient":""},"tablet":{"background-color":"","background-image":"","background-repeat":"repeat","background-position":"center center","background-size":"auto","background-attachment":"scroll","background-type":"","background-media":"","overlay-type":"","overlay-color":"","overlay-opacity":"","overlay-gradient":""},"mobile":{"background-color":"","background-image":"","background-repeat":"repeat","background-position":"center center","background-size":"auto","background-attachment":"scroll","background-type":"","background-media":"","overlay-type":"","overlay-color":"","overlay-opacity":"","overlay-gradient":""}},"ast-content-background-meta":{"desktop":{"background-color":"var(--ast-global-color-5)","background-image":"","background-repeat":"repeat","background-position":"center center","background-size":"auto","background-attachment":"scroll","background-type":"","background-media":"","overlay-type":"","overlay-color":"","overlay-opacity":"","overlay-gradient":""},"tablet":{"background-color":"var(--ast-global-color-5)","background-image":"","background-repeat":"repeat","background-position":"center center","background-size":"auto","background-attachment":"scroll","background-type":"","background-media":"","overlay-type":"","overlay-color":"","overlay-opacity":"","overlay-gradient":""},"mobile":{"background-color":"var(--ast-global-color-5)","background-image":"","background-repeat":"repeat","background-position":"center center","background-size":"auto","background-attachment":"scroll","background-type":"","background-media":"","overlay-type":"","overlay-color":"","overlay-opacity":"","overlay-gradient":""}},"footnotes":""},"categories":[1,8,3,233,29],"tags":[135,406,45],"class_list":["post-15829","post","type-post","status-publish","format-standard","has-post-thumbnail","hentry","category-actualitat","category-batxillerat","category-eso","category-orientacio","category-portada","tag-alumnat","tag-professorat","tag-salut"],"post_mailing_queue_ids":[],"_links":{"self":[{"href":"https:\/\/agora.xtec.cat\/insdespuig\/wp-json\/wp\/v2\/posts\/15829","targetHints":{"allow":["GET"]}}],"collection":[{"href":"https:\/\/agora.xtec.cat\/insdespuig\/wp-json\/wp\/v2\/posts"}],"about":[{"href":"https:\/\/agora.xtec.cat\/insdespuig\/wp-json\/wp\/v2\/types\/post"}],"author":[{"embeddable":true,"href":"https:\/\/agora.xtec.cat\/insdespuig\/wp-json\/wp\/v2\/users\/54"}],"replies":[{"embeddable":true,"href":"https:\/\/agora.xtec.cat\/insdespuig\/wp-json\/wp\/v2\/comments?post=15829"}],"version-history":[{"count":2,"href":"https:\/\/agora.xtec.cat\/insdespuig\/wp-json\/wp\/v2\/posts\/15829\/revisions"}],"predecessor-version":[{"id":15832,"href":"https:\/\/agora.xtec.cat\/insdespuig\/wp-json\/wp\/v2\/posts\/15829\/revisions\/15832"}],"wp:featuredmedia":[{"embeddable":true,"href":"https:\/\/agora.xtec.cat\/insdespuig\/wp-json\/wp\/v2\/media\/15830"}],"wp:attachment":[{"href":"https:\/\/agora.xtec.cat\/insdespuig\/wp-json\/wp\/v2\/media?parent=15829"}],"wp:term":[{"taxonomy":"category","embeddable":true,"href":"https:\/\/agora.xtec.cat\/insdespuig\/wp-json\/wp\/v2\/categories?post=15829"},{"taxonomy":"post_tag","embeddable":true,"href":"https:\/\/agora.xtec.cat\/insdespuig\/wp-json\/wp\/v2\/tags?post=15829"}],"curies":[{"name":"wp","href":"https:\/\/api.w.org\/{rel}","templated":true}]}}