{"id":15295,"date":"2020-01-20T21:26:41","date_gmt":"2020-01-20T20:26:41","guid":{"rendered":"http:\/\/agora.xtec.cat\/insdespuig\/?p=15295"},"modified":"2020-01-20T21:26:41","modified_gmt":"2020-01-20T20:26:41","slug":"ja-podeu-llegir-el-llibre-del-x-concurs-de-microrelats-de-terror-2019","status":"publish","type":"post","link":"https:\/\/agora.xtec.cat\/insdespuig\/actualitat\/ja-podeu-llegir-el-llibre-del-x-concurs-de-microrelats-de-terror-2019\/","title":{"rendered":"Ja podeu llegir el llibre del X Concurs de microrelats de terror 2019"},"content":{"rendered":"<div class=\"separator\" style=\"clear: both; text-align: center;\"><\/div>\n<div dir=\"ltr\" style=\"text-align: left;\">\n<p><a href=\"https:\/\/calaixo-de-sastre.blogspot.com\/2018\/12\/ix-concurs-de-microrelats-de-terror-2018.html\" rel=\"attachment wp-att-15296\"><img loading=\"lazy\" decoding=\"async\" class=\"alignnone wp-image-15296 size-full\" src=\"https:\/\/agora.xtec.cat\/insdespuig\/wp-content\/uploads\/usu921\/2020\/01\/x-microrelats.png\" alt=\"\" width=\"271\" height=\"400\" srcset=\"https:\/\/agora.xtec.cat\/insdespuig\/wp-content\/uploads\/usu921\/2020\/01\/x-microrelats.png 271w, https:\/\/agora.xtec.cat\/insdespuig\/wp-content\/uploads\/usu921\/2020\/01\/x-microrelats-203x300.png 203w\" sizes=\"auto, (max-width: 271px) 100vw, 271px\" \/><\/a><\/p>\n<p>Ja podeu llegir el llibre electr\u00f2nic dels contes premiats en el X<strong> Concurs de microrelats de terror 2019<\/strong>.<\/p>\n<p>Els podeu llegir per separat al blog <strong><a href=\"https:\/\/calaixo-de-sastre.blogspot.com\/2020\/01\/premis-del-x-concurs-de-microrelats-de.html\">Calaix\u00f3 de sastre <\/a><\/strong>o b\u00e9 el llibre sencer a <b><a href=\"https:\/\/issuu.com\/instortosa\/docs\/x_concurs-microrelats-terror2019\" target=\"_blank\" rel=\"noopener noreferrer\">Issuu<\/a><\/b>.<\/p>\n<p>La resta de contes premiats en altres convocat\u00f2ries est\u00e0 disponible al blog <a href=\"http:\/\/calaixo-de-sastre.blogspot.com.es\/search\/label\/contes%20de%20terror\">Calaix\u00f3 de sastre<\/a> i tamb\u00e9 en format de llibre electr\u00f2nic a <b><a href=\"https:\/\/issuu.com\/instortosa\/stacks\/d8c610361abc441f91992731cc78f952\" target=\"_blank\" rel=\"noopener noreferrer\">Issuu<\/a><\/b>.<\/p>\n<p>El lliurament dels premis es va fer el dia <b>20 de desembre de 2019<\/b> a la biblioteca de l\u2019Institut Crist\u00f2fol Despuig en un acte presentat per un grup d&#8217;alumnes de 2n batxillerat Human\u00edstic-Econ\u00f2mic. Llegiu-ne una <a href=\"https:\/\/agora.xtec.cat\/insdespuig\/actualitat\/un-exit-de-participacio-en-la-desena-edicio-dels-microrelats-de-terror\/\">cr\u00f2nica<\/a>.<\/p>\n<\/div>\n","protected":false},"excerpt":{"rendered":"<p>Ja podeu llegir el llibre electr\u00f2nic dels contes premiats en el X Concurs de microrelats de terror 2019. Els podeu llegir per separat al blog Calaix\u00f3 de sastre o b\u00e9 el llibre sencer a Issuu. La resta de contes premiats en altres convocat\u00f2ries est\u00e0 disponible al blog Calaix\u00f3 de sastre i tamb\u00e9 en format de [&hellip;]<\/p>\n","protected":false},"author":54,"featured_media":15296,"comment_status":"closed","ping_status":"closed","sticky":false,"template":"","format":"standard","meta":{"_bbp_topic_count":0,"_bbp_reply_count":0,"_bbp_total_topic_count":0,"_bbp_total_reply_count":0,"_bbp_voice_count":0,"_bbp_anonymous_reply_count":0,"_bbp_topic_count_hidden":0,"_bbp_reply_count_hidden":0,"_bbp_forum_subforum_count":0,"site-sidebar-layout":"default","site-content-layout":"","ast-site-content-layout":"","site-content-style":"default","site-sidebar-style":"default","ast-global-header-display":"","ast-banner-title-visibility":"","ast-main-header-display":"","ast-hfb-above-header-display":"","ast-hfb-below-header-display":"","ast-hfb-mobile-header-display":"","site-post-title":"","ast-breadcrumbs-content":"","ast-featured-img":"","footer-sml-layout":"","theme-transparent-header-meta":"","adv-header-id-meta":"","stick-header-meta":"","header-above-stick-meta":"","header-main-stick-meta":"","header-below-stick-meta":"","astra-migrate-meta-layouts":"default","ast-page-background-enabled":"default","ast-page-background-meta":{"desktop":{"background-color":"var(--ast-global-color-4)","background-image":"","background-repeat":"repeat","background-position":"center center","background-size":"auto","background-attachment":"scroll","background-type":"","background-media":"","overlay-type":"","overlay-color":"","overlay-opacity":"","overlay-gradient":""},"tablet":{"background-color":"","background-image":"","background-repeat":"repeat","background-position":"center center","background-size":"auto","background-attachment":"scroll","background-type":"","background-media":"","overlay-type":"","overlay-color":"","overlay-opacity":"","overlay-gradient":""},"mobile":{"background-color":"","background-image":"","background-repeat":"repeat","background-position":"center center","background-size":"auto","background-attachment":"scroll","background-type":"","background-media":"","overlay-type":"","overlay-color":"","overlay-opacity":"","overlay-gradient":""}},"ast-content-background-meta":{"desktop":{"background-color":"var(--ast-global-color-5)","background-image":"","background-repeat":"repeat","background-position":"center center","background-size":"auto","background-attachment":"scroll","background-type":"","background-media":"","overlay-type":"","overlay-color":"","overlay-opacity":"","overlay-gradient":""},"tablet":{"background-color":"var(--ast-global-color-5)","background-image":"","background-repeat":"repeat","background-position":"center center","background-size":"auto","background-attachment":"scroll","background-type":"","background-media":"","overlay-type":"","overlay-color":"","overlay-opacity":"","overlay-gradient":""},"mobile":{"background-color":"var(--ast-global-color-5)","background-image":"","background-repeat":"repeat","background-position":"center center","background-size":"auto","background-attachment":"scroll","background-type":"","background-media":"","overlay-type":"","overlay-color":"","overlay-opacity":"","overlay-gradient":""}},"footnotes":""},"categories":[1,219,8,477,201,181,3,202,29],"tags":[135,400,96,116,105,578,97,130],"class_list":["post-15295","post","type-post","status-publish","format-standard","has-post-thumbnail","hentry","category-actualitat","category-angles","category-batxillerat","category-biblioteca","category-castella","category-catala","category-eso","category-frances","category-portada","tag-alumnat","tag-cicles-formatius","tag-concursos","tag-contes","tag-lectura","tag-llibres","tag-premis","tag-primaria"],"post_mailing_queue_ids":[],"_links":{"self":[{"href":"https:\/\/agora.xtec.cat\/insdespuig\/wp-json\/wp\/v2\/posts\/15295","targetHints":{"allow":["GET"]}}],"collection":[{"href":"https:\/\/agora.xtec.cat\/insdespuig\/wp-json\/wp\/v2\/posts"}],"about":[{"href":"https:\/\/agora.xtec.cat\/insdespuig\/wp-json\/wp\/v2\/types\/post"}],"author":[{"embeddable":true,"href":"https:\/\/agora.xtec.cat\/insdespuig\/wp-json\/wp\/v2\/users\/54"}],"replies":[{"embeddable":true,"href":"https:\/\/agora.xtec.cat\/insdespuig\/wp-json\/wp\/v2\/comments?post=15295"}],"version-history":[{"count":1,"href":"https:\/\/agora.xtec.cat\/insdespuig\/wp-json\/wp\/v2\/posts\/15295\/revisions"}],"predecessor-version":[{"id":15297,"href":"https:\/\/agora.xtec.cat\/insdespuig\/wp-json\/wp\/v2\/posts\/15295\/revisions\/15297"}],"wp:featuredmedia":[{"embeddable":true,"href":"https:\/\/agora.xtec.cat\/insdespuig\/wp-json\/wp\/v2\/media\/15296"}],"wp:attachment":[{"href":"https:\/\/agora.xtec.cat\/insdespuig\/wp-json\/wp\/v2\/media?parent=15295"}],"wp:term":[{"taxonomy":"category","embeddable":true,"href":"https:\/\/agora.xtec.cat\/insdespuig\/wp-json\/wp\/v2\/categories?post=15295"},{"taxonomy":"post_tag","embeddable":true,"href":"https:\/\/agora.xtec.cat\/insdespuig\/wp-json\/wp\/v2\/tags?post=15295"}],"curies":[{"name":"wp","href":"https:\/\/api.w.org\/{rel}","templated":true}]}}