{"id":10596,"date":"2018-01-24T21:00:37","date_gmt":"2018-01-24T20:00:37","guid":{"rendered":"http:\/\/agora.xtec.cat\/insdespuig\/?p=10596"},"modified":"2018-01-21T13:35:35","modified_gmt":"2018-01-21T12:35:35","slug":"club-de-lectura-del-professorat","status":"publish","type":"post","link":"https:\/\/agora.xtec.cat\/insdespuig\/actualitat\/club-de-lectura-del-professorat\/","title":{"rendered":"Club de lectura del professorat"},"content":{"rendered":"<p><a href=\"http:\/\/agora.xtec.cat\/insdespuig\/?attachment_id=10597\" rel=\"attachment wp-att-10597\"><img loading=\"lazy\" decoding=\"async\" class=\"alignnone wp-image-10597 size-full\" src=\"http:\/\/agora.xtec.cat\/insdespuig\/wp-content\/uploads\/usu921\/2018\/01\/IMG_7017.jpg\" alt=\"\" width=\"600\" height=\"450\" srcset=\"https:\/\/agora.xtec.cat\/insdespuig\/wp-content\/uploads\/usu921\/2018\/01\/IMG_7017.jpg 600w, https:\/\/agora.xtec.cat\/insdespuig\/wp-content\/uploads\/usu921\/2018\/01\/IMG_7017-300x225.jpg 300w, https:\/\/agora.xtec.cat\/insdespuig\/wp-content\/uploads\/usu921\/2018\/01\/IMG_7017-200x150.jpg 200w\" sizes=\"auto, (max-width: 600px) 100vw, 600px\" \/><\/a><\/p>\n<p>Dimecres passat dia <strong>17 de gener<\/strong> ens vam trobar una desena de professores i professors de l&#8217;institut per comentar la lectura del llibre de relats breus<em>\u00a0La oveja negra y dem\u00e1s\u00a0f\u00e1bulas<\/em>, de l&#8217;escriptor Augusto Monterroso.<\/p>\n<p>Acompanyats d&#8217;un bon te i pastes, vam parlar dels contes que ens van agradar m\u00e9s, dels temes que tenen en com\u00fa i de les idees i sentiments que ens van suggerir.\u00a0En definitiva, una trobada distesa i enriquidora\u00a0que repetirem aviat.<\/p>\n<p>Aquesta activitat forma part de l&#8217;homenatge que est\u00e0 preparant el departament de Castell\u00e0 amb tot l&#8217;alumnat de l&#8217;institut dedicat, com cada any, a un gran escriptor americ\u00e0 en llengua castellana.<\/p>\n","protected":false},"excerpt":{"rendered":"<p>Dimecres passat dia 17 de gener ens vam trobar una desena de professores i professors de l&#8217;institut per comentar la lectura del llibre de relats breus La oveja negra y dem\u00e1s f\u00e1bulas, de l&#8217;escriptor Augusto Monterroso.<\/p>\n","protected":false},"author":54,"featured_media":10597,"comment_status":"closed","ping_status":"closed","sticky":false,"template":"","format":"standard","meta":{"_bbp_topic_count":0,"_bbp_reply_count":0,"_bbp_total_topic_count":0,"_bbp_total_reply_count":0,"_bbp_voice_count":0,"_bbp_anonymous_reply_count":0,"_bbp_topic_count_hidden":0,"_bbp_reply_count_hidden":0,"_bbp_forum_subforum_count":0,"site-sidebar-layout":"default","site-content-layout":"","ast-site-content-layout":"","site-content-style":"default","site-sidebar-style":"default","ast-global-header-display":"","ast-banner-title-visibility":"","ast-main-header-display":"","ast-hfb-above-header-display":"","ast-hfb-below-header-display":"","ast-hfb-mobile-header-display":"","site-post-title":"","ast-breadcrumbs-content":"","ast-featured-img":"","footer-sml-layout":"","theme-transparent-header-meta":"","adv-header-id-meta":"","stick-header-meta":"","header-above-stick-meta":"","header-main-stick-meta":"","header-below-stick-meta":"","astra-migrate-meta-layouts":"default","ast-page-background-enabled":"default","ast-page-background-meta":{"desktop":{"background-color":"var(--ast-global-color-4)","background-image":"","background-repeat":"repeat","background-position":"center center","background-size":"auto","background-attachment":"scroll","background-type":"","background-media":"","overlay-type":"","overlay-color":"","overlay-opacity":"","overlay-gradient":""},"tablet":{"background-color":"","background-image":"","background-repeat":"repeat","background-position":"center center","background-size":"auto","background-attachment":"scroll","background-type":"","background-media":"","overlay-type":"","overlay-color":"","overlay-opacity":"","overlay-gradient":""},"mobile":{"background-color":"","background-image":"","background-repeat":"repeat","background-position":"center center","background-size":"auto","background-attachment":"scroll","background-type":"","background-media":"","overlay-type":"","overlay-color":"","overlay-opacity":"","overlay-gradient":""}},"ast-content-background-meta":{"desktop":{"background-color":"var(--ast-global-color-5)","background-image":"","background-repeat":"repeat","background-position":"center center","background-size":"auto","background-attachment":"scroll","background-type":"","background-media":"","overlay-type":"","overlay-color":"","overlay-opacity":"","overlay-gradient":""},"tablet":{"background-color":"var(--ast-global-color-5)","background-image":"","background-repeat":"repeat","background-position":"center center","background-size":"auto","background-attachment":"scroll","background-type":"","background-media":"","overlay-type":"","overlay-color":"","overlay-opacity":"","overlay-gradient":""},"mobile":{"background-color":"var(--ast-global-color-5)","background-image":"","background-repeat":"repeat","background-position":"center center","background-size":"auto","background-attachment":"scroll","background-type":"","background-media":"","overlay-type":"","overlay-color":"","overlay-opacity":"","overlay-gradient":""}},"footnotes":""},"categories":[1,477,201,29],"tags":[574,105,578,406,100],"class_list":["post-10596","post","type-post","status-publish","format-standard","has-post-thumbnail","hentry","category-actualitat","category-biblioteca","category-castella","category-portada","tag-club-de-lectura","tag-lectura","tag-llibres","tag-professorat","tag-trobades"],"post_mailing_queue_ids":[],"_links":{"self":[{"href":"https:\/\/agora.xtec.cat\/insdespuig\/wp-json\/wp\/v2\/posts\/10596","targetHints":{"allow":["GET"]}}],"collection":[{"href":"https:\/\/agora.xtec.cat\/insdespuig\/wp-json\/wp\/v2\/posts"}],"about":[{"href":"https:\/\/agora.xtec.cat\/insdespuig\/wp-json\/wp\/v2\/types\/post"}],"author":[{"embeddable":true,"href":"https:\/\/agora.xtec.cat\/insdespuig\/wp-json\/wp\/v2\/users\/54"}],"replies":[{"embeddable":true,"href":"https:\/\/agora.xtec.cat\/insdespuig\/wp-json\/wp\/v2\/comments?post=10596"}],"version-history":[{"count":2,"href":"https:\/\/agora.xtec.cat\/insdespuig\/wp-json\/wp\/v2\/posts\/10596\/revisions"}],"predecessor-version":[{"id":10599,"href":"https:\/\/agora.xtec.cat\/insdespuig\/wp-json\/wp\/v2\/posts\/10596\/revisions\/10599"}],"wp:featuredmedia":[{"embeddable":true,"href":"https:\/\/agora.xtec.cat\/insdespuig\/wp-json\/wp\/v2\/media\/10597"}],"wp:attachment":[{"href":"https:\/\/agora.xtec.cat\/insdespuig\/wp-json\/wp\/v2\/media?parent=10596"}],"wp:term":[{"taxonomy":"category","embeddable":true,"href":"https:\/\/agora.xtec.cat\/insdespuig\/wp-json\/wp\/v2\/categories?post=10596"},{"taxonomy":"post_tag","embeddable":true,"href":"https:\/\/agora.xtec.cat\/insdespuig\/wp-json\/wp\/v2\/tags?post=10596"}],"curies":[{"name":"wp","href":"https:\/\/api.w.org\/{rel}","templated":true}]}}