{"id":10126,"date":"2017-11-07T20:16:42","date_gmt":"2017-11-07T19:16:42","guid":{"rendered":"http:\/\/agora.xtec.cat\/insdespuig\/?p=10126"},"modified":"2017-11-12T19:58:44","modified_gmt":"2017-11-12T18:58:44","slug":"vaga-general-el-8-de-novembre","status":"publish","type":"post","link":"https:\/\/agora.xtec.cat\/insdespuig\/actualitat\/vaga-general-el-8-de-novembre\/","title":{"rendered":"Vaga general el 8 de novembre"},"content":{"rendered":"<p>Informem que el <a href=\"http:\/\/www.sindicatdestudiants.net\/index.php\/noticies\/movimient-estudiantil\/catalunya\/914-catalunya-la-dreta-com-a-la-dictadura-prou-repressio-llibertat-presos-politics-fora-el-155\">Sindicat d&#8217;Estudiants<\/a> i el\u00a0<a href=\"http:\/\/www.sepc.cat\/blog\/2017\/11\/05\/8n-vaga-general-ni-la-por-ni-la-repressio-ens-aturaran\/\">Sindicat d\u2019Estudiants dels Pa\u00efsos Catalans<\/a> (SEPC) han fet una crida a tots els estudiants d&#8217;instituts i universitats a tornar a buidar les aules d&#8217;instituts i facultats el <strong>dia 8 de novembre<\/strong>, amb el lema &#8220;Prou repressi\u00f3, llibertat presos pol\u00edtics, fora el 155!&#8221;.<\/p>\n<p><a href=\"http:\/\/www.sindicatdestudiants.net\/images\/social\/Cartellvaga8N.jpeg\" rel=\"attachment wp-att-10130\"><img loading=\"lazy\" decoding=\"async\" class=\"alignnone size-medium wp-image-10130\" src=\"http:\/\/www.sindicatdestudiants.net\/images\/social\/Cartellvaga8N.jpeg\" alt=\"\" width=\"300\" height=\"205\" \/><\/a><\/p>\n<p>Informem tamb\u00e9 que el professorat est\u00e0 cridat aquest mateix <strong>dimecres\u00a08 de novembre\u00a0<\/strong>a fer una\u00a0vaga general, amb el lema &#8220;Defensem els nostres drets!&#8221;, impulsada per la <a href=\"http:\/\/www.intersindical-csc.cat\/2017\/11\/03\/la-intersindical-csc-convoca-vaga-general-pel-proxim-dimecres-8-de-novembre-de-moment\/\">Intersindical-CSC<\/a>,\u00a0amb el suport dels sindicats <a href=\"http:\/\/www.sindicat.net\/2017\/novembre\/vaga\/comunicat.php\">USTEC-STEs (IAC<\/a>, <a href=\"http:\/\/www.cgtcatalunya.cat\/spip.php?article12665#.WgBUpYXGw3g\">CGT Catalunya<\/a>,\u00a0<a href=\"https:\/\/coseducacio.wordpress.com\/2017\/11\/05\/vaga-general-a-catalunya-el-8-de-novembre\/\">COS Educaci\u00f3<\/a>,\u00a0entre altres.<\/p>\n<p><img loading=\"lazy\" decoding=\"async\" class=\"alignnone \" src=\"http:\/\/www.intersindical-csc.cat\/nova_prova\/wp-content\/uploads\/2017\/11\/vgnov8-1-850x425.png\" width=\"300\" height=\"150\" \/><\/p>\n","protected":false},"excerpt":{"rendered":"<p>Informem que el Sindicat d&#8217;Estudiants i el\u00a0Sindicat d\u2019Estudiants dels Pa\u00efsos Catalans (SEPC) han fet una crida a tots els estudiants d&#8217;instituts i universitats a tornar a buidar les aules d&#8217;instituts i facultats el dia 8 de novembre, amb el lema &#8220;Prou repressi\u00f3, llibertat presos pol\u00edtics, fora el 155!&#8221;. Informem tamb\u00e9 que el professorat est\u00e0 cridat [&hellip;]<\/p>\n","protected":false},"author":54,"featured_media":0,"comment_status":"closed","ping_status":"closed","sticky":false,"template":"","format":"standard","meta":{"_bbp_topic_count":0,"_bbp_reply_count":0,"_bbp_total_topic_count":0,"_bbp_total_reply_count":0,"_bbp_voice_count":0,"_bbp_anonymous_reply_count":0,"_bbp_topic_count_hidden":0,"_bbp_reply_count_hidden":0,"_bbp_forum_subforum_count":0,"site-sidebar-layout":"default","site-content-layout":"","ast-site-content-layout":"","site-content-style":"default","site-sidebar-style":"default","ast-global-header-display":"","ast-banner-title-visibility":"","ast-main-header-display":"","ast-hfb-above-header-display":"","ast-hfb-below-header-display":"","ast-hfb-mobile-header-display":"","site-post-title":"","ast-breadcrumbs-content":"","ast-featured-img":"","footer-sml-layout":"","theme-transparent-header-meta":"","adv-header-id-meta":"","stick-header-meta":"","header-above-stick-meta":"","header-main-stick-meta":"","header-below-stick-meta":"","astra-migrate-meta-layouts":"default","ast-page-background-enabled":"default","ast-page-background-meta":{"desktop":{"background-color":"var(--ast-global-color-4)","background-image":"","background-repeat":"repeat","background-position":"center center","background-size":"auto","background-attachment":"scroll","background-type":"","background-media":"","overlay-type":"","overlay-color":"","overlay-opacity":"","overlay-gradient":""},"tablet":{"background-color":"","background-image":"","background-repeat":"repeat","background-position":"center center","background-size":"auto","background-attachment":"scroll","background-type":"","background-media":"","overlay-type":"","overlay-color":"","overlay-opacity":"","overlay-gradient":""},"mobile":{"background-color":"","background-image":"","background-repeat":"repeat","background-position":"center center","background-size":"auto","background-attachment":"scroll","background-type":"","background-media":"","overlay-type":"","overlay-color":"","overlay-opacity":"","overlay-gradient":""}},"ast-content-background-meta":{"desktop":{"background-color":"var(--ast-global-color-5)","background-image":"","background-repeat":"repeat","background-position":"center center","background-size":"auto","background-attachment":"scroll","background-type":"","background-media":"","overlay-type":"","overlay-color":"","overlay-opacity":"","overlay-gradient":""},"tablet":{"background-color":"var(--ast-global-color-5)","background-image":"","background-repeat":"repeat","background-position":"center center","background-size":"auto","background-attachment":"scroll","background-type":"","background-media":"","overlay-type":"","overlay-color":"","overlay-opacity":"","overlay-gradient":""},"mobile":{"background-color":"var(--ast-global-color-5)","background-image":"","background-repeat":"repeat","background-position":"center center","background-size":"auto","background-attachment":"scroll","background-type":"","background-media":"","overlay-type":"","overlay-color":"","overlay-opacity":"","overlay-gradient":""}},"footnotes":""},"categories":[1,29],"tags":[135,406],"class_list":["post-10126","post","type-post","status-publish","format-standard","hentry","category-actualitat","category-portada","tag-alumnat","tag-professorat"],"post_mailing_queue_ids":[],"_links":{"self":[{"href":"https:\/\/agora.xtec.cat\/insdespuig\/wp-json\/wp\/v2\/posts\/10126","targetHints":{"allow":["GET"]}}],"collection":[{"href":"https:\/\/agora.xtec.cat\/insdespuig\/wp-json\/wp\/v2\/posts"}],"about":[{"href":"https:\/\/agora.xtec.cat\/insdespuig\/wp-json\/wp\/v2\/types\/post"}],"author":[{"embeddable":true,"href":"https:\/\/agora.xtec.cat\/insdespuig\/wp-json\/wp\/v2\/users\/54"}],"replies":[{"embeddable":true,"href":"https:\/\/agora.xtec.cat\/insdespuig\/wp-json\/wp\/v2\/comments?post=10126"}],"version-history":[{"count":4,"href":"https:\/\/agora.xtec.cat\/insdespuig\/wp-json\/wp\/v2\/posts\/10126\/revisions"}],"predecessor-version":[{"id":10141,"href":"https:\/\/agora.xtec.cat\/insdespuig\/wp-json\/wp\/v2\/posts\/10126\/revisions\/10141"}],"wp:attachment":[{"href":"https:\/\/agora.xtec.cat\/insdespuig\/wp-json\/wp\/v2\/media?parent=10126"}],"wp:term":[{"taxonomy":"category","embeddable":true,"href":"https:\/\/agora.xtec.cat\/insdespuig\/wp-json\/wp\/v2\/categories?post=10126"},{"taxonomy":"post_tag","embeddable":true,"href":"https:\/\/agora.xtec.cat\/insdespuig\/wp-json\/wp\/v2\/tags?post=10126"}],"curies":[{"name":"wp","href":"https:\/\/api.w.org\/{rel}","templated":true}]}}