{"id":762,"date":"2018-10-31T13:28:15","date_gmt":"2018-10-31T12:28:15","guid":{"rendered":"http:\/\/agora.xtec.cat\/insdesantacoloma\/?p=762"},"modified":"2019-07-01T00:33:30","modified_gmt":"2019-06-30T22:33:30","slug":"projecte-emprenedoria-halloween","status":"publish","type":"post","link":"https:\/\/agora.xtec.cat\/insdesantacoloma\/eso\/eso-1\/projecte-emprenedoria-halloween\/","title":{"rendered":"Projecte Emprenedoria -Halloween"},"content":{"rendered":"<p>Els alumnes i equip docent de l&#8217;Institut 9 de Santa Coloma de Gramenet hem estat treballant en un projecte d&#8217;emprenedoria per autofinan\u00e7ar les col\u00f2nies. Hem escollit la data del 31 d&#8217;octubre per fer un t\u00fanel del terror i oferir berenars i snacks a preus for\u00e7a assequibles. Els alumnes de l&#8217;optativa d&#8217;expressi\u00f3 art\u00edstica han estat els actors i actrius del t\u00fanel. La resta d&#8217;alumnat ha participat del muntatge, fer berenars, venda d&#8217;entrades, decoraci\u00f3, etc. Ha estat un \u00e8xit que hem pogut compartir amb els alumnes de l&#8217;escola Ferran de Sagarra i ens han felicitat per l&#8217;activitat.<\/p>\n<p>Us deixem un <a href=\"https:\/\/drive.google.com\/file\/d\/1mfEgRE-UfiIteZ7fhOog5Slr-Hr3exuY\/view?usp=sharing\" target=\"blank\" rel=\"noopener noreferrer\">v\u00eddeo<\/a> del t\u00fanel del terror i unes quantes <a href=\"https:\/\/drive.google.com\/drive\/folders\/1zjEjwwHJ3UYkpGLufV6W-njAy9B_1Vr2?usp=sharing\" target=\"blank\" rel=\"noopener noreferrer\">fotos<\/a> de la preparaci\u00f3 del projecte.<\/p>\n<p style=\"text-align: center;\"><a href=\"https:\/\/agora.xtec.cat\/insdesantacoloma\/wp-content\/uploads\/usu1849\/2018\/10\/IMG_20181031_100729.jpg\"><img loading=\"lazy\" decoding=\"async\" class=\"alignnone size-medium wp-image-772\" src=\"https:\/\/agora.xtec.cat\/insdesantacoloma\/wp-content\/uploads\/usu1849\/2018\/10\/IMG_20181031_100729-300x225.jpg\" alt=\"\" width=\"300\" height=\"225\" srcset=\"https:\/\/agora.xtec.cat\/insdesantacoloma\/wp-content\/uploads\/usu1849\/2018\/10\/IMG_20181031_100729-300x225.jpg 300w, https:\/\/agora.xtec.cat\/insdesantacoloma\/wp-content\/uploads\/usu1849\/2018\/10\/IMG_20181031_100729-768x576.jpg 768w, https:\/\/agora.xtec.cat\/insdesantacoloma\/wp-content\/uploads\/usu1849\/2018\/10\/IMG_20181031_100729-1024x768.jpg 1024w, https:\/\/agora.xtec.cat\/insdesantacoloma\/wp-content\/uploads\/usu1849\/2018\/10\/IMG_20181031_100729-200x150.jpg 200w\" sizes=\"auto, (max-width: 300px) 100vw, 300px\" \/><\/a><\/p>\n<p>&nbsp;<\/p>\n","protected":false},"excerpt":{"rendered":"<p>Els alumnes i equip docent de l&#8217;Institut 9 de Santa Coloma de Gramenet hem estat treballant en un projecte d&#8217;emprenedoria [&hellip;]<\/p>\n","protected":false},"author":1,"featured_media":0,"comment_status":"open","ping_status":"closed","sticky":false,"template":"","format":"standard","meta":{"_bbp_topic_count":0,"_bbp_reply_count":0,"_bbp_total_topic_count":0,"_bbp_total_reply_count":0,"_bbp_voice_count":0,"_bbp_anonymous_reply_count":0,"_bbp_topic_count_hidden":0,"_bbp_reply_count_hidden":0,"_bbp_forum_subforum_count":0,"site-sidebar-layout":"default","site-content-layout":"","ast-site-content-layout":"","site-content-style":"default","site-sidebar-style":"default","ast-global-header-display":"","ast-banner-title-visibility":"","ast-main-header-display":"","ast-hfb-above-header-display":"","ast-hfb-below-header-display":"","ast-hfb-mobile-header-display":"","site-post-title":"","ast-breadcrumbs-content":"","ast-featured-img":"","footer-sml-layout":"","theme-transparent-header-meta":"","adv-header-id-meta":"","stick-header-meta":"","header-above-stick-meta":"","header-main-stick-meta":"","header-below-stick-meta":"","astra-migrate-meta-layouts":"default","ast-page-background-enabled":"default","ast-page-background-meta":{"desktop":{"background-color":"var(--ast-global-color-4)","background-image":"","background-repeat":"repeat","background-position":"center center","background-size":"auto","background-attachment":"scroll","background-type":"","background-media":"","overlay-type":"","overlay-color":"","overlay-opacity":"","overlay-gradient":""},"tablet":{"background-color":"","background-image":"","background-repeat":"repeat","background-position":"center center","background-size":"auto","background-attachment":"scroll","background-type":"","background-media":"","overlay-type":"","overlay-color":"","overlay-opacity":"","overlay-gradient":""},"mobile":{"background-color":"","background-image":"","background-repeat":"repeat","background-position":"center center","background-size":"auto","background-attachment":"scroll","background-type":"","background-media":"","overlay-type":"","overlay-color":"","overlay-opacity":"","overlay-gradient":""}},"ast-content-background-meta":{"desktop":{"background-color":"var(--ast-global-color-5)","background-image":"","background-repeat":"repeat","background-position":"center center","background-size":"auto","background-attachment":"scroll","background-type":"","background-media":"","overlay-type":"","overlay-color":"","overlay-opacity":"","overlay-gradient":""},"tablet":{"background-color":"var(--ast-global-color-5)","background-image":"","background-repeat":"repeat","background-position":"center center","background-size":"auto","background-attachment":"scroll","background-type":"","background-media":"","overlay-type":"","overlay-color":"","overlay-opacity":"","overlay-gradient":""},"mobile":{"background-color":"var(--ast-global-color-5)","background-image":"","background-repeat":"repeat","background-position":"center center","background-size":"auto","background-attachment":"scroll","background-type":"","background-media":"","overlay-type":"","overlay-color":"","overlay-opacity":"","overlay-gradient":""}},"footnotes":""},"categories":[4,29],"tags":[128,129],"class_list":["post-762","post","type-post","status-publish","format-standard","hentry","category-eso-1","category-portada","tag-halloween-2018","tag-projecte-emprenedoria"],"post_mailing_queue_ids":[],"_links":{"self":[{"href":"https:\/\/agora.xtec.cat\/insdesantacoloma\/wp-json\/wp\/v2\/posts\/762","targetHints":{"allow":["GET"]}}],"collection":[{"href":"https:\/\/agora.xtec.cat\/insdesantacoloma\/wp-json\/wp\/v2\/posts"}],"about":[{"href":"https:\/\/agora.xtec.cat\/insdesantacoloma\/wp-json\/wp\/v2\/types\/post"}],"author":[{"embeddable":true,"href":"https:\/\/agora.xtec.cat\/insdesantacoloma\/wp-json\/wp\/v2\/users\/1"}],"replies":[{"embeddable":true,"href":"https:\/\/agora.xtec.cat\/insdesantacoloma\/wp-json\/wp\/v2\/comments?post=762"}],"version-history":[{"count":3,"href":"https:\/\/agora.xtec.cat\/insdesantacoloma\/wp-json\/wp\/v2\/posts\/762\/revisions"}],"predecessor-version":[{"id":1226,"href":"https:\/\/agora.xtec.cat\/insdesantacoloma\/wp-json\/wp\/v2\/posts\/762\/revisions\/1226"}],"wp:attachment":[{"href":"https:\/\/agora.xtec.cat\/insdesantacoloma\/wp-json\/wp\/v2\/media?parent=762"}],"wp:term":[{"taxonomy":"category","embeddable":true,"href":"https:\/\/agora.xtec.cat\/insdesantacoloma\/wp-json\/wp\/v2\/categories?post=762"},{"taxonomy":"post_tag","embeddable":true,"href":"https:\/\/agora.xtec.cat\/insdesantacoloma\/wp-json\/wp\/v2\/tags?post=762"}],"curies":[{"name":"wp","href":"https:\/\/api.w.org\/{rel}","templated":true}]}}