{"id":625,"date":"2018-09-15T08:09:24","date_gmt":"2018-09-15T06:09:24","guid":{"rendered":"http:\/\/agora.xtec.cat\/insdesantacoloma\/?p=625"},"modified":"2018-09-15T08:09:24","modified_gmt":"2018-09-15T06:09:24","slug":"ja-hem-comencat","status":"publish","type":"post","link":"https:\/\/agora.xtec.cat\/insdesantacoloma\/portada\/ja-hem-comencat\/","title":{"rendered":"Ja hem comen\u00e7at!"},"content":{"rendered":"<p>Ja hem comen\u00e7at a fer hist\u00f2ria, moltes gr\u00e0cies per acompanyar-nos en aquest viatge.<\/p>\n<p>Us deixem unes fotografies de l&#8217;inici de curs.<\/p>\n<p><a href=\"http:\/\/agora.xtec.cat\/insdesantacoloma\/wp-content\/uploads\/usu1849\/2018\/09\/IMG_20180912_103900.jpg\"><img loading=\"lazy\" decoding=\"async\" class=\"alignnone size-large wp-image-626\" src=\"http:\/\/agora.xtec.cat\/insdesantacoloma\/wp-content\/uploads\/usu1849\/2018\/09\/IMG_20180912_103900-1024x768.jpg\" alt=\"\" width=\"1024\" height=\"768\" srcset=\"https:\/\/agora.xtec.cat\/insdesantacoloma\/wp-content\/uploads\/usu1849\/2018\/09\/IMG_20180912_103900-1024x768.jpg 1024w, https:\/\/agora.xtec.cat\/insdesantacoloma\/wp-content\/uploads\/usu1849\/2018\/09\/IMG_20180912_103900-300x225.jpg 300w, https:\/\/agora.xtec.cat\/insdesantacoloma\/wp-content\/uploads\/usu1849\/2018\/09\/IMG_20180912_103900-768x576.jpg 768w, https:\/\/agora.xtec.cat\/insdesantacoloma\/wp-content\/uploads\/usu1849\/2018\/09\/IMG_20180912_103900-200x150.jpg 200w\" sizes=\"auto, (max-width: 1024px) 100vw, 1024px\" \/><\/a><a href=\"http:\/\/agora.xtec.cat\/insdesantacoloma\/wp-content\/uploads\/usu1849\/2018\/09\/IMG_20180914_072621petita.jpg\"><img loading=\"lazy\" decoding=\"async\" class=\"alignnone size-large wp-image-634\" src=\"http:\/\/agora.xtec.cat\/insdesantacoloma\/wp-content\/uploads\/usu1849\/2018\/09\/IMG_20180914_072621petita-1024x768.jpg\" alt=\"\" width=\"1024\" height=\"768\" srcset=\"https:\/\/agora.xtec.cat\/insdesantacoloma\/wp-content\/uploads\/usu1849\/2018\/09\/IMG_20180914_072621petita.jpg 1024w, https:\/\/agora.xtec.cat\/insdesantacoloma\/wp-content\/uploads\/usu1849\/2018\/09\/IMG_20180914_072621petita-300x225.jpg 300w, https:\/\/agora.xtec.cat\/insdesantacoloma\/wp-content\/uploads\/usu1849\/2018\/09\/IMG_20180914_072621petita-768x576.jpg 768w, https:\/\/agora.xtec.cat\/insdesantacoloma\/wp-content\/uploads\/usu1849\/2018\/09\/IMG_20180914_072621petita-200x150.jpg 200w\" sizes=\"auto, (max-width: 1024px) 100vw, 1024px\" \/><\/a><a href=\"http:\/\/agora.xtec.cat\/insdesantacoloma\/wp-content\/uploads\/usu1849\/2018\/09\/IMG_20180914_234823petita.jpg\"><img loading=\"lazy\" decoding=\"async\" class=\"alignnone size-large wp-image-633\" src=\"http:\/\/agora.xtec.cat\/insdesantacoloma\/wp-content\/uploads\/usu1849\/2018\/09\/IMG_20180914_234823petita-1024x768.jpg\" alt=\"\" width=\"1024\" height=\"768\" srcset=\"https:\/\/agora.xtec.cat\/insdesantacoloma\/wp-content\/uploads\/usu1849\/2018\/09\/IMG_20180914_234823petita.jpg 1024w, https:\/\/agora.xtec.cat\/insdesantacoloma\/wp-content\/uploads\/usu1849\/2018\/09\/IMG_20180914_234823petita-300x225.jpg 300w, https:\/\/agora.xtec.cat\/insdesantacoloma\/wp-content\/uploads\/usu1849\/2018\/09\/IMG_20180914_234823petita-768x576.jpg 768w, https:\/\/agora.xtec.cat\/insdesantacoloma\/wp-content\/uploads\/usu1849\/2018\/09\/IMG_20180914_234823petita-200x150.jpg 200w\" sizes=\"auto, (max-width: 1024px) 100vw, 1024px\" \/><\/a><a href=\"http:\/\/agora.xtec.cat\/insdesantacoloma\/wp-content\/uploads\/usu1849\/2018\/09\/IMG_20180913_184204petita.jpg\"><img loading=\"lazy\" decoding=\"async\" class=\"alignnone size-large wp-image-632\" src=\"http:\/\/agora.xtec.cat\/insdesantacoloma\/wp-content\/uploads\/usu1849\/2018\/09\/IMG_20180913_184204petita-1024x768.jpg\" alt=\"\" width=\"1024\" height=\"768\" srcset=\"https:\/\/agora.xtec.cat\/insdesantacoloma\/wp-content\/uploads\/usu1849\/2018\/09\/IMG_20180913_184204petita.jpg 1024w, https:\/\/agora.xtec.cat\/insdesantacoloma\/wp-content\/uploads\/usu1849\/2018\/09\/IMG_20180913_184204petita-300x225.jpg 300w, https:\/\/agora.xtec.cat\/insdesantacoloma\/wp-content\/uploads\/usu1849\/2018\/09\/IMG_20180913_184204petita-768x576.jpg 768w, https:\/\/agora.xtec.cat\/insdesantacoloma\/wp-content\/uploads\/usu1849\/2018\/09\/IMG_20180913_184204petita-200x150.jpg 200w\" sizes=\"auto, (max-width: 1024px) 100vw, 1024px\" \/><\/a><\/p>\n","protected":false},"excerpt":{"rendered":"<p>Ja hem comen\u00e7at a fer hist\u00f2ria, moltes gr\u00e0cies per acompanyar-nos en aquest viatge. Us deixem unes fotografies de l&#8217;inici de [&hellip;]<\/p>\n","protected":false},"author":1,"featured_media":0,"comment_status":"open","ping_status":"closed","sticky":false,"template":"","format":"standard","meta":{"_bbp_topic_count":0,"_bbp_reply_count":0,"_bbp_total_topic_count":0,"_bbp_total_reply_count":0,"_bbp_voice_count":0,"_bbp_anonymous_reply_count":0,"_bbp_topic_count_hidden":0,"_bbp_reply_count_hidden":0,"_bbp_forum_subforum_count":0,"site-sidebar-layout":"default","site-content-layout":"","ast-site-content-layout":"","site-content-style":"default","site-sidebar-style":"default","ast-global-header-display":"","ast-banner-title-visibility":"","ast-main-header-display":"","ast-hfb-above-header-display":"","ast-hfb-below-header-display":"","ast-hfb-mobile-header-display":"","site-post-title":"","ast-breadcrumbs-content":"","ast-featured-img":"","footer-sml-layout":"","theme-transparent-header-meta":"","adv-header-id-meta":"","stick-header-meta":"","header-above-stick-meta":"","header-main-stick-meta":"","header-below-stick-meta":"","astra-migrate-meta-layouts":"default","ast-page-background-enabled":"default","ast-page-background-meta":{"desktop":{"background-color":"var(--ast-global-color-4)","background-image":"","background-repeat":"repeat","background-position":"center center","background-size":"auto","background-attachment":"scroll","background-type":"","background-media":"","overlay-type":"","overlay-color":"","overlay-opacity":"","overlay-gradient":""},"tablet":{"background-color":"","background-image":"","background-repeat":"repeat","background-position":"center center","background-size":"auto","background-attachment":"scroll","background-type":"","background-media":"","overlay-type":"","overlay-color":"","overlay-opacity":"","overlay-gradient":""},"mobile":{"background-color":"","background-image":"","background-repeat":"repeat","background-position":"center center","background-size":"auto","background-attachment":"scroll","background-type":"","background-media":"","overlay-type":"","overlay-color":"","overlay-opacity":"","overlay-gradient":""}},"ast-content-background-meta":{"desktop":{"background-color":"var(--ast-global-color-5)","background-image":"","background-repeat":"repeat","background-position":"center center","background-size":"auto","background-attachment":"scroll","background-type":"","background-media":"","overlay-type":"","overlay-color":"","overlay-opacity":"","overlay-gradient":""},"tablet":{"background-color":"var(--ast-global-color-5)","background-image":"","background-repeat":"repeat","background-position":"center center","background-size":"auto","background-attachment":"scroll","background-type":"","background-media":"","overlay-type":"","overlay-color":"","overlay-opacity":"","overlay-gradient":""},"mobile":{"background-color":"var(--ast-global-color-5)","background-image":"","background-repeat":"repeat","background-position":"center center","background-size":"auto","background-attachment":"scroll","background-type":"","background-media":"","overlay-type":"","overlay-color":"","overlay-opacity":"","overlay-gradient":""}},"footnotes":""},"categories":[29],"tags":[119,118],"class_list":["post-625","post","type-post","status-publish","format-standard","hentry","category-portada","tag-inauguracio","tag-inici-curs-2018-19"],"post_mailing_queue_ids":[],"_links":{"self":[{"href":"https:\/\/agora.xtec.cat\/insdesantacoloma\/wp-json\/wp\/v2\/posts\/625","targetHints":{"allow":["GET"]}}],"collection":[{"href":"https:\/\/agora.xtec.cat\/insdesantacoloma\/wp-json\/wp\/v2\/posts"}],"about":[{"href":"https:\/\/agora.xtec.cat\/insdesantacoloma\/wp-json\/wp\/v2\/types\/post"}],"author":[{"embeddable":true,"href":"https:\/\/agora.xtec.cat\/insdesantacoloma\/wp-json\/wp\/v2\/users\/1"}],"replies":[{"embeddable":true,"href":"https:\/\/agora.xtec.cat\/insdesantacoloma\/wp-json\/wp\/v2\/comments?post=625"}],"version-history":[{"count":1,"href":"https:\/\/agora.xtec.cat\/insdesantacoloma\/wp-json\/wp\/v2\/posts\/625\/revisions"}],"predecessor-version":[{"id":635,"href":"https:\/\/agora.xtec.cat\/insdesantacoloma\/wp-json\/wp\/v2\/posts\/625\/revisions\/635"}],"wp:attachment":[{"href":"https:\/\/agora.xtec.cat\/insdesantacoloma\/wp-json\/wp\/v2\/media?parent=625"}],"wp:term":[{"taxonomy":"category","embeddable":true,"href":"https:\/\/agora.xtec.cat\/insdesantacoloma\/wp-json\/wp\/v2\/categories?post=625"},{"taxonomy":"post_tag","embeddable":true,"href":"https:\/\/agora.xtec.cat\/insdesantacoloma\/wp-json\/wp\/v2\/tags?post=625"}],"curies":[{"name":"wp","href":"https:\/\/api.w.org\/{rel}","templated":true}]}}