{"id":5334,"date":"2026-03-04T12:42:52","date_gmt":"2026-03-04T11:42:52","guid":{"rendered":"https:\/\/agora.xtec.cat\/insdesantacoloma\/?p=5334"},"modified":"2026-03-04T16:14:21","modified_gmt":"2026-03-04T15:14:21","slug":"portes-obertes-batxillerat","status":"publish","type":"post","link":"https:\/\/agora.xtec.cat\/insdesantacoloma\/general\/portes-obertes-batxillerat\/","title":{"rendered":"Portes Obertes Batxillerat"},"content":{"rendered":"\n<p>El nostre centre obre les portes a tothom el pr\u00f2xim <strong>25 de mar\u00e7<\/strong> amb una jornada de <strong>Portes Obertes<\/strong> pensada per a fam\u00edlies i futurs alumnes.<\/p>\n\n\n\n<p>Durant la tarda, podreu con\u00e8ixer les nostres instal\u00b7lacions, descobrir el projecte educatiu i parlar amb l\u2019equip docent.<\/p>\n\n\n\n<p>La jornada comen\u00e7ar\u00e0 a les 17.30 h i inclour\u00e0 una visita guiada pels diferents espais del centre.<\/p>\n\n\n\n<p>Tamb\u00e9 hi haur\u00e0 un espai de preguntes per resoldre qualsevol dubte sobre el funcionament i els serveis que oferim.<\/p>\n\n\n\n<p>Us animem a venir i a viure de primera m\u00e0 l\u2019ambient proper i acollidor que ens caracteritza.<\/p>\n\n\n\n<p>Us hi esperem el <strong>25 de mar\u00e7<\/strong> a la SALA D&#8217;ACTES de l&#8217;EOI!<\/p>\n\n\n\n<figure class=\"wp-block-image size-large\"><a href=\"https:\/\/agora.xtec.cat\/insdesantacoloma\/wp-content\/uploads\/usu1849\/2026\/03\/PORTES-OBERTES-26-27-1.png\"><img loading=\"lazy\" decoding=\"async\" width=\"819\" height=\"1024\" src=\"https:\/\/agora.xtec.cat\/insdesantacoloma\/wp-content\/uploads\/usu1849\/2026\/03\/PORTES-OBERTES-26-27-1-819x1024.png\" alt=\"\" class=\"wp-image-5335\" srcset=\"https:\/\/agora.xtec.cat\/insdesantacoloma\/wp-content\/uploads\/usu1849\/2026\/03\/PORTES-OBERTES-26-27-1-819x1024.png 819w, https:\/\/agora.xtec.cat\/insdesantacoloma\/wp-content\/uploads\/usu1849\/2026\/03\/PORTES-OBERTES-26-27-1-240x300.png 240w, https:\/\/agora.xtec.cat\/insdesantacoloma\/wp-content\/uploads\/usu1849\/2026\/03\/PORTES-OBERTES-26-27-1-768x960.png 768w, https:\/\/agora.xtec.cat\/insdesantacoloma\/wp-content\/uploads\/usu1849\/2026\/03\/PORTES-OBERTES-26-27-1.png 1080w\" sizes=\"auto, (max-width: 819px) 100vw, 819px\" \/><\/a><\/figure>\n","protected":false},"excerpt":{"rendered":"<p>El nostre centre obre les portes a tothom el pr\u00f2xim 25 de mar\u00e7 amb una jornada de Portes Obertes pensada [&hellip;]<\/p>\n","protected":false},"author":1,"featured_media":5335,"comment_status":"open","ping_status":"open","sticky":false,"template":"","format":"standard","meta":{"_bbp_topic_count":0,"_bbp_reply_count":0,"_bbp_total_topic_count":0,"_bbp_total_reply_count":0,"_bbp_voice_count":0,"_bbp_anonymous_reply_count":0,"_bbp_topic_count_hidden":0,"_bbp_reply_count_hidden":0,"_bbp_forum_subforum_count":0,"site-sidebar-layout":"default","site-content-layout":"","ast-site-content-layout":"default","site-content-style":"default","site-sidebar-style":"default","ast-global-header-display":"","ast-banner-title-visibility":"","ast-main-header-display":"","ast-hfb-above-header-display":"","ast-hfb-below-header-display":"","ast-hfb-mobile-header-display":"","site-post-title":"","ast-breadcrumbs-content":"","ast-featured-img":"","footer-sml-layout":"","theme-transparent-header-meta":"","adv-header-id-meta":"","stick-header-meta":"","header-above-stick-meta":"","header-main-stick-meta":"","header-below-stick-meta":"","astra-migrate-meta-layouts":"set","ast-page-background-enabled":"default","ast-page-background-meta":{"desktop":{"background-color":"var(--ast-global-color-4)","background-image":"","background-repeat":"repeat","background-position":"center center","background-size":"auto","background-attachment":"scroll","background-type":"","background-media":"","overlay-type":"","overlay-color":"","overlay-opacity":"","overlay-gradient":""},"tablet":{"background-color":"","background-image":"","background-repeat":"repeat","background-position":"center center","background-size":"auto","background-attachment":"scroll","background-type":"","background-media":"","overlay-type":"","overlay-color":"","overlay-opacity":"","overlay-gradient":""},"mobile":{"background-color":"","background-image":"","background-repeat":"repeat","background-position":"center center","background-size":"auto","background-attachment":"scroll","background-type":"","background-media":"","overlay-type":"","overlay-color":"","overlay-opacity":"","overlay-gradient":""}},"ast-content-background-meta":{"desktop":{"background-color":"var(--ast-global-color-5)","background-image":"","background-repeat":"repeat","background-position":"center center","background-size":"auto","background-attachment":"scroll","background-type":"","background-media":"","overlay-type":"","overlay-color":"","overlay-opacity":"","overlay-gradient":""},"tablet":{"background-color":"var(--ast-global-color-5)","background-image":"","background-repeat":"repeat","background-position":"center center","background-size":"auto","background-attachment":"scroll","background-type":"","background-media":"","overlay-type":"","overlay-color":"","overlay-opacity":"","overlay-gradient":""},"mobile":{"background-color":"var(--ast-global-color-5)","background-image":"","background-repeat":"repeat","background-position":"center center","background-size":"auto","background-attachment":"scroll","background-type":"","background-media":"","overlay-type":"","overlay-color":"","overlay-opacity":"","overlay-gradient":""}},"footnotes":""},"categories":[251,8,1,29],"tags":[],"class_list":["post-5334","post","type-post","status-publish","format-standard","has-post-thumbnail","hentry","category-1r-batx-batxillerat","category-batxillerat","category-general","category-portada"],"post_mailing_queue_ids":[],"_links":{"self":[{"href":"https:\/\/agora.xtec.cat\/insdesantacoloma\/wp-json\/wp\/v2\/posts\/5334","targetHints":{"allow":["GET"]}}],"collection":[{"href":"https:\/\/agora.xtec.cat\/insdesantacoloma\/wp-json\/wp\/v2\/posts"}],"about":[{"href":"https:\/\/agora.xtec.cat\/insdesantacoloma\/wp-json\/wp\/v2\/types\/post"}],"author":[{"embeddable":true,"href":"https:\/\/agora.xtec.cat\/insdesantacoloma\/wp-json\/wp\/v2\/users\/1"}],"replies":[{"embeddable":true,"href":"https:\/\/agora.xtec.cat\/insdesantacoloma\/wp-json\/wp\/v2\/comments?post=5334"}],"version-history":[{"count":3,"href":"https:\/\/agora.xtec.cat\/insdesantacoloma\/wp-json\/wp\/v2\/posts\/5334\/revisions"}],"predecessor-version":[{"id":5343,"href":"https:\/\/agora.xtec.cat\/insdesantacoloma\/wp-json\/wp\/v2\/posts\/5334\/revisions\/5343"}],"wp:featuredmedia":[{"embeddable":true,"href":"https:\/\/agora.xtec.cat\/insdesantacoloma\/wp-json\/wp\/v2\/media\/5335"}],"wp:attachment":[{"href":"https:\/\/agora.xtec.cat\/insdesantacoloma\/wp-json\/wp\/v2\/media?parent=5334"}],"wp:term":[{"taxonomy":"category","embeddable":true,"href":"https:\/\/agora.xtec.cat\/insdesantacoloma\/wp-json\/wp\/v2\/categories?post=5334"},{"taxonomy":"post_tag","embeddable":true,"href":"https:\/\/agora.xtec.cat\/insdesantacoloma\/wp-json\/wp\/v2\/tags?post=5334"}],"curies":[{"name":"wp","href":"https:\/\/api.w.org\/{rel}","templated":true}]}}