{"id":5322,"date":"2026-02-24T14:59:44","date_gmt":"2026-02-24T13:59:44","guid":{"rendered":"https:\/\/agora.xtec.cat\/insdesantacoloma\/?p=5322"},"modified":"2026-02-24T15:00:35","modified_gmt":"2026-02-24T14:00:35","slug":"celebrem-les-llengues-maternes-al-centre","status":"publish","type":"post","link":"https:\/\/agora.xtec.cat\/insdesantacoloma\/general\/celebrem-les-llengues-maternes-al-centre\/","title":{"rendered":"Dia les lleng\u00fces maternes"},"content":{"rendered":"\n<p>Amb motiu del Dia Internacional de la Llengua Materna, l\u2019aula d\u2019acollida del nostre centre ha organitzat una activitat molt especial per posar en valor la riquesa ling\u00fc\u00edstica que tenim a l\u2019institut.<\/p>\n\n\n\n<p>Al llarg de la jornada, l\u2019alumnat de l\u2019aula d\u2019acollida ha passat per diferents classes per compartir amb els companys i companyes la import\u00e0ncia de les lleng\u00fces maternes com a part fonamental de la identitat de cada persona. Ha estat una experi\u00e8ncia molt enriquidora, tant per a qui explicava com per a qui escoltava.<\/p>\n\n\n\n<p>Per fer l\u2019activitat m\u00e9s din\u00e0mica i participativa, es va preparar un&nbsp;<strong>Kahoot<\/strong>&nbsp;amb preguntes sobre lleng\u00fces del m\u00f3n, curiositats ling\u00fc\u00edstiques i dades interessants sobre la diversitat cultural. L\u2019alumnat va participar amb entusiasme i competitivitat sana, demostrant que aprendre tamb\u00e9 pot ser divertit.<\/p>\n\n\n\n<p>Aquesta iniciativa no nom\u00e9s ha servit per con\u00e8ixer millor les lleng\u00fces que es parlen al nostre centre, sin\u00f3 tamb\u00e9 per fomentar el respecte, la inclusi\u00f3 i la conviv\u00e8ncia. Cada llengua \u00e9s una manera de veure el m\u00f3n, i al nostre institut tenim la sort de conviure amb una gran diversitat cultural.<\/p>\n\n\n\n<p>Des del centre volem felicitar l\u2019aula d\u2019acollida per la seva implicaci\u00f3 i per haver impulsat una activitat tan significativa. Continuarem treballant per valorar i donar visibilitat a totes les lleng\u00fces que formen part de la nostra comunitat educativa.<\/p>\n\n\n\n<p>Les lleng\u00fces ens uneixen i ens enriqueixen!<\/p>\n\n\n\n<p>Us deixo l&#8217;enlla\u00e7 per veure les fotos<\/p>\n\n\n\n<figure class=\"wp-block-image size-full is-resized\"><img loading=\"lazy\" decoding=\"async\" width=\"709\" height=\"591\" src=\"https:\/\/agora.xtec.cat\/insdesantacoloma\/wp-content\/uploads\/usu1849\/2026\/02\/Foto-noticia-web-16-1.png\" alt=\"\" class=\"wp-image-5330\" style=\"width:484px;height:auto\" srcset=\"https:\/\/agora.xtec.cat\/insdesantacoloma\/wp-content\/uploads\/usu1849\/2026\/02\/Foto-noticia-web-16-1.png 709w, https:\/\/agora.xtec.cat\/insdesantacoloma\/wp-content\/uploads\/usu1849\/2026\/02\/Foto-noticia-web-16-1-300x250.png 300w\" sizes=\"auto, (max-width: 709px) 100vw, 709px\" \/><\/figure>\n","protected":false},"excerpt":{"rendered":"<p>Amb motiu del Dia Internacional de la Llengua Materna, l\u2019aula d\u2019acollida del nostre centre ha organitzat una activitat molt especial [&hellip;]<\/p>\n","protected":false},"author":1,"featured_media":5329,"comment_status":"open","ping_status":"open","sticky":false,"template":"","format":"standard","meta":{"_bbp_topic_count":0,"_bbp_reply_count":0,"_bbp_total_topic_count":0,"_bbp_total_reply_count":0,"_bbp_voice_count":0,"_bbp_anonymous_reply_count":0,"_bbp_topic_count_hidden":0,"_bbp_reply_count_hidden":0,"_bbp_forum_subforum_count":0,"site-sidebar-layout":"default","site-content-layout":"","ast-site-content-layout":"default","site-content-style":"default","site-sidebar-style":"default","ast-global-header-display":"","ast-banner-title-visibility":"","ast-main-header-display":"","ast-hfb-above-header-display":"","ast-hfb-below-header-display":"","ast-hfb-mobile-header-display":"","site-post-title":"","ast-breadcrumbs-content":"","ast-featured-img":"","footer-sml-layout":"","theme-transparent-header-meta":"","adv-header-id-meta":"","stick-header-meta":"","header-above-stick-meta":"","header-main-stick-meta":"","header-below-stick-meta":"","astra-migrate-meta-layouts":"set","ast-page-background-enabled":"default","ast-page-background-meta":{"desktop":{"background-color":"var(--ast-global-color-4)","background-image":"","background-repeat":"repeat","background-position":"center center","background-size":"auto","background-attachment":"scroll","background-type":"","background-media":"","overlay-type":"","overlay-color":"","overlay-opacity":"","overlay-gradient":""},"tablet":{"background-color":"","background-image":"","background-repeat":"repeat","background-position":"center center","background-size":"auto","background-attachment":"scroll","background-type":"","background-media":"","overlay-type":"","overlay-color":"","overlay-opacity":"","overlay-gradient":""},"mobile":{"background-color":"","background-image":"","background-repeat":"repeat","background-position":"center center","background-size":"auto","background-attachment":"scroll","background-type":"","background-media":"","overlay-type":"","overlay-color":"","overlay-opacity":"","overlay-gradient":""}},"ast-content-background-meta":{"desktop":{"background-color":"var(--ast-global-color-5)","background-image":"","background-repeat":"repeat","background-position":"center center","background-size":"auto","background-attachment":"scroll","background-type":"","background-media":"","overlay-type":"","overlay-color":"","overlay-opacity":"","overlay-gradient":""},"tablet":{"background-color":"var(--ast-global-color-5)","background-image":"","background-repeat":"repeat","background-position":"center center","background-size":"auto","background-attachment":"scroll","background-type":"","background-media":"","overlay-type":"","overlay-color":"","overlay-opacity":"","overlay-gradient":""},"mobile":{"background-color":"var(--ast-global-color-5)","background-image":"","background-repeat":"repeat","background-position":"center center","background-size":"auto","background-attachment":"scroll","background-type":"","background-media":"","overlay-type":"","overlay-color":"","overlay-opacity":"","overlay-gradient":""}},"footnotes":""},"categories":[3,1,29],"tags":[],"class_list":["post-5322","post","type-post","status-publish","format-standard","has-post-thumbnail","hentry","category-eso","category-general","category-portada"],"post_mailing_queue_ids":[],"_links":{"self":[{"href":"https:\/\/agora.xtec.cat\/insdesantacoloma\/wp-json\/wp\/v2\/posts\/5322","targetHints":{"allow":["GET"]}}],"collection":[{"href":"https:\/\/agora.xtec.cat\/insdesantacoloma\/wp-json\/wp\/v2\/posts"}],"about":[{"href":"https:\/\/agora.xtec.cat\/insdesantacoloma\/wp-json\/wp\/v2\/types\/post"}],"author":[{"embeddable":true,"href":"https:\/\/agora.xtec.cat\/insdesantacoloma\/wp-json\/wp\/v2\/users\/1"}],"replies":[{"embeddable":true,"href":"https:\/\/agora.xtec.cat\/insdesantacoloma\/wp-json\/wp\/v2\/comments?post=5322"}],"version-history":[{"count":5,"href":"https:\/\/agora.xtec.cat\/insdesantacoloma\/wp-json\/wp\/v2\/posts\/5322\/revisions"}],"predecessor-version":[{"id":5332,"href":"https:\/\/agora.xtec.cat\/insdesantacoloma\/wp-json\/wp\/v2\/posts\/5322\/revisions\/5332"}],"wp:featuredmedia":[{"embeddable":true,"href":"https:\/\/agora.xtec.cat\/insdesantacoloma\/wp-json\/wp\/v2\/media\/5329"}],"wp:attachment":[{"href":"https:\/\/agora.xtec.cat\/insdesantacoloma\/wp-json\/wp\/v2\/media?parent=5322"}],"wp:term":[{"taxonomy":"category","embeddable":true,"href":"https:\/\/agora.xtec.cat\/insdesantacoloma\/wp-json\/wp\/v2\/categories?post=5322"},{"taxonomy":"post_tag","embeddable":true,"href":"https:\/\/agora.xtec.cat\/insdesantacoloma\/wp-json\/wp\/v2\/tags?post=5322"}],"curies":[{"name":"wp","href":"https:\/\/api.w.org\/{rel}","templated":true}]}}