{"id":5317,"date":"2026-02-24T14:58:32","date_gmt":"2026-02-24T13:58:32","guid":{"rendered":"https:\/\/agora.xtec.cat\/insdesantacoloma\/?p=5317"},"modified":"2026-02-24T15:05:52","modified_gmt":"2026-02-24T14:05:52","slug":"carnestoltes-26","status":"publish","type":"post","link":"https:\/\/agora.xtec.cat\/insdesantacoloma\/general\/carnestoltes-26\/","title":{"rendered":"Carnestoltes 26"},"content":{"rendered":"\n<p>El passat divendres 13 de febrer vam celebrar al centre la festa de <strong>Carnestoltes<\/strong>, una de les dates m\u00e9s esperades del curs. Enguany, l\u2019organitzaci\u00f3 va anar a c\u00e0rrec de l\u2019alumnat de 2n d\u2019ESO, que va preparar una jornada plena d\u2019activitats, m\u00fasica i molta creativitat. La tem\u00e0tica escollida va ser <strong>el cinema<\/strong>, i tot l\u2019institut es va transformar en un aut\u00e8ntic plat\u00f3 cinematogr\u00e0fic.<\/p>\n\n\n\n<p>Des de primera hora del mat\u00ed es respirava ambient festiu als passadissos. L\u2019alumnat i el professorat van lluir disfresses inspirades en pel\u00b7l\u00edcules i personatges coneguts: superherois, princeses, personatges d\u2019animaci\u00f3, vilans m\u00edtics i fins i tot directors de cinema. La varietat i l\u2019originalitat van ser protagonistes, i es va poder veure com cada grup havia treballat de valent per preparar la seva proposta.<\/p>\n\n\n\n<p>El jurat va tenir una feina dif\u00edcil a l\u2019hora de valorar la creativitat, la posada en escena i el treball en equip, ja que el nivell va ser molt alt.<\/p>\n\n\n\n<p>La m\u00fasica i el bon humor no van faltar en cap moment. Entre rialles, fotos i aplaudiments, vam compartir una estona de conviv\u00e8ncia que refor\u00e7a els vincles entre cursos i fa comunitat. Sens dubte, aquesta edici\u00f3 de Carnestoltes quedar\u00e0 en el record com una festa divertida, participativa i molt cinematogr\u00e0fica.<\/p>\n\n\n\n<p>Volem felicitar especialment l\u2019alumnat de 2n d\u2019ESO per la seva implicaci\u00f3 i esfor\u00e7 en l\u2019organitzaci\u00f3. Gr\u00e0cies a ells, vam poder viure una jornada de pel\u00b7l\u00edcula!<\/p>\n\n\n\n<p>Us deiexem el v\u00eddeo amb tota la Festivitat<\/p>\n\n\n\n<figure class=\"wp-block-image size-large\"><a href=\"https:\/\/drive.google.com\/file\/d\/1nbiEcUDJbgcLK89qfQ6Zr2iT--hys71_\/view?usp=drive_link\"><img loading=\"lazy\" decoding=\"async\" width=\"1024\" height=\"603\" src=\"https:\/\/agora.xtec.cat\/insdesantacoloma\/wp-content\/uploads\/usu1849\/2026\/02\/Captura-de-pantalla-2026-02-24-091936-1024x603.png\" alt=\"\" class=\"wp-image-5318\" srcset=\"https:\/\/agora.xtec.cat\/insdesantacoloma\/wp-content\/uploads\/usu1849\/2026\/02\/Captura-de-pantalla-2026-02-24-091936-1024x603.png 1024w, https:\/\/agora.xtec.cat\/insdesantacoloma\/wp-content\/uploads\/usu1849\/2026\/02\/Captura-de-pantalla-2026-02-24-091936-300x177.png 300w, https:\/\/agora.xtec.cat\/insdesantacoloma\/wp-content\/uploads\/usu1849\/2026\/02\/Captura-de-pantalla-2026-02-24-091936-768x452.png 768w, https:\/\/agora.xtec.cat\/insdesantacoloma\/wp-content\/uploads\/usu1849\/2026\/02\/Captura-de-pantalla-2026-02-24-091936.png 1419w\" sizes=\"auto, (max-width: 1024px) 100vw, 1024px\" \/><\/a><\/figure>\n\n\n\n<p>\ud83c\udfa5\u2728 Llums, c\u00e0mera\u2026 i fins al Carnestoltes de l\u2019any vinent!<\/p>\n","protected":false},"excerpt":{"rendered":"<p>El passat divendres 13 de febrer vam celebrar al centre la festa de Carnestoltes, una de les dates m\u00e9s esperades [&hellip;]<\/p>\n","protected":false},"author":1,"featured_media":5333,"comment_status":"open","ping_status":"open","sticky":false,"template":"","format":"standard","meta":{"_bbp_topic_count":0,"_bbp_reply_count":0,"_bbp_total_topic_count":0,"_bbp_total_reply_count":0,"_bbp_voice_count":0,"_bbp_anonymous_reply_count":0,"_bbp_topic_count_hidden":0,"_bbp_reply_count_hidden":0,"_bbp_forum_subforum_count":0,"site-sidebar-layout":"default","site-content-layout":"","ast-site-content-layout":"default","site-content-style":"default","site-sidebar-style":"default","ast-global-header-display":"","ast-banner-title-visibility":"","ast-main-header-display":"","ast-hfb-above-header-display":"","ast-hfb-below-header-display":"","ast-hfb-mobile-header-display":"","site-post-title":"","ast-breadcrumbs-content":"","ast-featured-img":"","footer-sml-layout":"","theme-transparent-header-meta":"","adv-header-id-meta":"","stick-header-meta":"","header-above-stick-meta":"","header-main-stick-meta":"","header-below-stick-meta":"","astra-migrate-meta-layouts":"set","ast-page-background-enabled":"default","ast-page-background-meta":{"desktop":{"background-color":"var(--ast-global-color-4)","background-image":"","background-repeat":"repeat","background-position":"center center","background-size":"auto","background-attachment":"scroll","background-type":"","background-media":"","overlay-type":"","overlay-color":"","overlay-opacity":"","overlay-gradient":""},"tablet":{"background-color":"","background-image":"","background-repeat":"repeat","background-position":"center center","background-size":"auto","background-attachment":"scroll","background-type":"","background-media":"","overlay-type":"","overlay-color":"","overlay-opacity":"","overlay-gradient":""},"mobile":{"background-color":"","background-image":"","background-repeat":"repeat","background-position":"center center","background-size":"auto","background-attachment":"scroll","background-type":"","background-media":"","overlay-type":"","overlay-color":"","overlay-opacity":"","overlay-gradient":""}},"ast-content-background-meta":{"desktop":{"background-color":"var(--ast-global-color-5)","background-image":"","background-repeat":"repeat","background-position":"center center","background-size":"auto","background-attachment":"scroll","background-type":"","background-media":"","overlay-type":"","overlay-color":"","overlay-opacity":"","overlay-gradient":""},"tablet":{"background-color":"var(--ast-global-color-5)","background-image":"","background-repeat":"repeat","background-position":"center center","background-size":"auto","background-attachment":"scroll","background-type":"","background-media":"","overlay-type":"","overlay-color":"","overlay-opacity":"","overlay-gradient":""},"mobile":{"background-color":"var(--ast-global-color-5)","background-image":"","background-repeat":"repeat","background-position":"center center","background-size":"auto","background-attachment":"scroll","background-type":"","background-media":"","overlay-type":"","overlay-color":"","overlay-opacity":"","overlay-gradient":""}},"footnotes":""},"categories":[8,3,1,29],"tags":[],"class_list":["post-5317","post","type-post","status-publish","format-standard","has-post-thumbnail","hentry","category-batxillerat","category-eso","category-general","category-portada"],"post_mailing_queue_ids":[],"_links":{"self":[{"href":"https:\/\/agora.xtec.cat\/insdesantacoloma\/wp-json\/wp\/v2\/posts\/5317","targetHints":{"allow":["GET"]}}],"collection":[{"href":"https:\/\/agora.xtec.cat\/insdesantacoloma\/wp-json\/wp\/v2\/posts"}],"about":[{"href":"https:\/\/agora.xtec.cat\/insdesantacoloma\/wp-json\/wp\/v2\/types\/post"}],"author":[{"embeddable":true,"href":"https:\/\/agora.xtec.cat\/insdesantacoloma\/wp-json\/wp\/v2\/users\/1"}],"replies":[{"embeddable":true,"href":"https:\/\/agora.xtec.cat\/insdesantacoloma\/wp-json\/wp\/v2\/comments?post=5317"}],"version-history":[{"count":2,"href":"https:\/\/agora.xtec.cat\/insdesantacoloma\/wp-json\/wp\/v2\/posts\/5317\/revisions"}],"predecessor-version":[{"id":5321,"href":"https:\/\/agora.xtec.cat\/insdesantacoloma\/wp-json\/wp\/v2\/posts\/5317\/revisions\/5321"}],"wp:featuredmedia":[{"embeddable":true,"href":"https:\/\/agora.xtec.cat\/insdesantacoloma\/wp-json\/wp\/v2\/media\/5333"}],"wp:attachment":[{"href":"https:\/\/agora.xtec.cat\/insdesantacoloma\/wp-json\/wp\/v2\/media?parent=5317"}],"wp:term":[{"taxonomy":"category","embeddable":true,"href":"https:\/\/agora.xtec.cat\/insdesantacoloma\/wp-json\/wp\/v2\/categories?post=5317"},{"taxonomy":"post_tag","embeddable":true,"href":"https:\/\/agora.xtec.cat\/insdesantacoloma\/wp-json\/wp\/v2\/tags?post=5317"}],"curies":[{"name":"wp","href":"https:\/\/api.w.org\/{rel}","templated":true}]}}