{"id":5311,"date":"2026-02-09T16:46:30","date_gmt":"2026-02-09T15:46:30","guid":{"rendered":"https:\/\/agora.xtec.cat\/insdesantacoloma\/?p=5311"},"modified":"2026-02-24T10:50:40","modified_gmt":"2026-02-24T09:50:40","slug":"portes-obertes-eso-26-27-2","status":"publish","type":"post","link":"https:\/\/agora.xtec.cat\/insdesantacoloma\/general\/portes-obertes-eso-26-27-2\/","title":{"rendered":"Portes Obertes ESO 26-27"},"content":{"rendered":"\n<figure class=\"wp-block-image size-large\"><a href=\"https:\/\/drive.google.com\/file\/d\/1Dd9Xmr-CMZloUJ2J0Tt9BPdPZntSzDvU\/view?usp=drive_link\"><img loading=\"lazy\" decoding=\"async\" width=\"1024\" height=\"601\" src=\"https:\/\/agora.xtec.cat\/insdesantacoloma\/wp-content\/uploads\/usu1849\/2026\/02\/Captura-de-pantalla-2026-02-19-124659-1024x601.png\" alt=\"\" class=\"wp-image-5315\" srcset=\"https:\/\/agora.xtec.cat\/insdesantacoloma\/wp-content\/uploads\/usu1849\/2026\/02\/Captura-de-pantalla-2026-02-19-124659-1024x601.png 1024w, https:\/\/agora.xtec.cat\/insdesantacoloma\/wp-content\/uploads\/usu1849\/2026\/02\/Captura-de-pantalla-2026-02-19-124659-300x176.png 300w, https:\/\/agora.xtec.cat\/insdesantacoloma\/wp-content\/uploads\/usu1849\/2026\/02\/Captura-de-pantalla-2026-02-19-124659-768x451.png 768w, https:\/\/agora.xtec.cat\/insdesantacoloma\/wp-content\/uploads\/usu1849\/2026\/02\/Captura-de-pantalla-2026-02-19-124659.png 1437w\" sizes=\"auto, (max-width: 1024px) 100vw, 1024px\" \/><\/a><\/figure>\n\n\n\n<p>El nostre centre educatiu obre les portes a totes les fam\u00edlies i a l\u2019alumnat interessat a con\u00e8ixer l\u2019oferta educativa de l\u2019Educaci\u00f3 Secund\u00e0ria Obligat\u00f2ria (ESO). Les <strong>Jornades de Portes Obertes<\/strong> s\u00f3n una oportunitat ideal per descobrir de primera m\u00e0 el nostre projecte educatiu, les instal\u00b7lacions i l\u2019equip docent.<\/p>\n\n\n\n<p>Durant la visita, les fam\u00edlies podran con\u00e8ixer el funcionament de l\u2019ESO, l\u2019organitzaci\u00f3 acad\u00e8mica, els projectes pedag\u00f2gics que duem a terme i els serveis que oferim. A m\u00e9s, es far\u00e0 un recorregut pel centre i s\u2019atendran totes les preguntes i dubtes que puguin sorgir sobre aquesta nova etapa educativa.<\/p>\n\n\n\n<p>L\u2019objectiu d\u2019aquestes jornades \u00e9s acompanyar l\u2019alumnat i les seves fam\u00edlies en el pas cap a l\u2019educaci\u00f3 secund\u00e0ria, oferint un espai proper, informatiu i participatiu.<\/p>\n\n\n\n<p>Us animem a participar-hi i a venir a con\u00e8ixer el nostre centre, un espai d\u2019aprenentatge, conviv\u00e8ncia i creixement personal.<\/p>\n\n\n\n<figure class=\"wp-block-image size-large\"><a href=\"https:\/\/agora.xtec.cat\/insdesantacoloma\/wp-content\/uploads\/usu1849\/2026\/02\/PHOTO-2026-01-30-15-17-03-1.jpg\"><img loading=\"lazy\" decoding=\"async\" width=\"819\" height=\"1024\" src=\"https:\/\/agora.xtec.cat\/insdesantacoloma\/wp-content\/uploads\/usu1849\/2026\/02\/PHOTO-2026-01-30-15-17-03-1-819x1024.jpg\" alt=\"\" class=\"wp-image-5313\" srcset=\"https:\/\/agora.xtec.cat\/insdesantacoloma\/wp-content\/uploads\/usu1849\/2026\/02\/PHOTO-2026-01-30-15-17-03-1-819x1024.jpg 819w, https:\/\/agora.xtec.cat\/insdesantacoloma\/wp-content\/uploads\/usu1849\/2026\/02\/PHOTO-2026-01-30-15-17-03-1-240x300.jpg 240w, https:\/\/agora.xtec.cat\/insdesantacoloma\/wp-content\/uploads\/usu1849\/2026\/02\/PHOTO-2026-01-30-15-17-03-1-768x960.jpg 768w, https:\/\/agora.xtec.cat\/insdesantacoloma\/wp-content\/uploads\/usu1849\/2026\/02\/PHOTO-2026-01-30-15-17-03-1.jpg 1080w\" sizes=\"auto, (max-width: 819px) 100vw, 819px\" \/><\/a><\/figure>\n\n\n\n<p><strong>US HI ESPEREM!<\/strong><\/p>\n","protected":false},"excerpt":{"rendered":"<p>El nostre centre educatiu obre les portes a totes les fam\u00edlies i a l\u2019alumnat interessat a con\u00e8ixer l\u2019oferta educativa de [&hellip;]<\/p>\n","protected":false},"author":1,"featured_media":5312,"comment_status":"open","ping_status":"open","sticky":false,"template":"","format":"standard","meta":{"_bbp_topic_count":0,"_bbp_reply_count":0,"_bbp_total_topic_count":0,"_bbp_total_reply_count":0,"_bbp_voice_count":0,"_bbp_anonymous_reply_count":0,"_bbp_topic_count_hidden":0,"_bbp_reply_count_hidden":0,"_bbp_forum_subforum_count":0,"site-sidebar-layout":"default","site-content-layout":"","ast-site-content-layout":"default","site-content-style":"default","site-sidebar-style":"default","ast-global-header-display":"","ast-banner-title-visibility":"","ast-main-header-display":"","ast-hfb-above-header-display":"","ast-hfb-below-header-display":"","ast-hfb-mobile-header-display":"","site-post-title":"","ast-breadcrumbs-content":"","ast-featured-img":"","footer-sml-layout":"","theme-transparent-header-meta":"","adv-header-id-meta":"","stick-header-meta":"","header-above-stick-meta":"","header-main-stick-meta":"","header-below-stick-meta":"","astra-migrate-meta-layouts":"set","ast-page-background-enabled":"default","ast-page-background-meta":{"desktop":{"background-color":"var(--ast-global-color-4)","background-image":"","background-repeat":"repeat","background-position":"center center","background-size":"auto","background-attachment":"scroll","background-type":"","background-media":"","overlay-type":"","overlay-color":"","overlay-opacity":"","overlay-gradient":""},"tablet":{"background-color":"","background-image":"","background-repeat":"repeat","background-position":"center center","background-size":"auto","background-attachment":"scroll","background-type":"","background-media":"","overlay-type":"","overlay-color":"","overlay-opacity":"","overlay-gradient":""},"mobile":{"background-color":"","background-image":"","background-repeat":"repeat","background-position":"center center","background-size":"auto","background-attachment":"scroll","background-type":"","background-media":"","overlay-type":"","overlay-color":"","overlay-opacity":"","overlay-gradient":""}},"ast-content-background-meta":{"desktop":{"background-color":"var(--ast-global-color-5)","background-image":"","background-repeat":"repeat","background-position":"center center","background-size":"auto","background-attachment":"scroll","background-type":"","background-media":"","overlay-type":"","overlay-color":"","overlay-opacity":"","overlay-gradient":""},"tablet":{"background-color":"var(--ast-global-color-5)","background-image":"","background-repeat":"repeat","background-position":"center center","background-size":"auto","background-attachment":"scroll","background-type":"","background-media":"","overlay-type":"","overlay-color":"","overlay-opacity":"","overlay-gradient":""},"mobile":{"background-color":"var(--ast-global-color-5)","background-image":"","background-repeat":"repeat","background-position":"center center","background-size":"auto","background-attachment":"scroll","background-type":"","background-media":"","overlay-type":"","overlay-color":"","overlay-opacity":"","overlay-gradient":""}},"footnotes":""},"categories":[3,1,29],"tags":[],"class_list":["post-5311","post","type-post","status-publish","format-standard","has-post-thumbnail","hentry","category-eso","category-general","category-portada"],"post_mailing_queue_ids":[],"_links":{"self":[{"href":"https:\/\/agora.xtec.cat\/insdesantacoloma\/wp-json\/wp\/v2\/posts\/5311","targetHints":{"allow":["GET"]}}],"collection":[{"href":"https:\/\/agora.xtec.cat\/insdesantacoloma\/wp-json\/wp\/v2\/posts"}],"about":[{"href":"https:\/\/agora.xtec.cat\/insdesantacoloma\/wp-json\/wp\/v2\/types\/post"}],"author":[{"embeddable":true,"href":"https:\/\/agora.xtec.cat\/insdesantacoloma\/wp-json\/wp\/v2\/users\/1"}],"replies":[{"embeddable":true,"href":"https:\/\/agora.xtec.cat\/insdesantacoloma\/wp-json\/wp\/v2\/comments?post=5311"}],"version-history":[{"count":3,"href":"https:\/\/agora.xtec.cat\/insdesantacoloma\/wp-json\/wp\/v2\/posts\/5311\/revisions"}],"predecessor-version":[{"id":5327,"href":"https:\/\/agora.xtec.cat\/insdesantacoloma\/wp-json\/wp\/v2\/posts\/5311\/revisions\/5327"}],"wp:featuredmedia":[{"embeddable":true,"href":"https:\/\/agora.xtec.cat\/insdesantacoloma\/wp-json\/wp\/v2\/media\/5312"}],"wp:attachment":[{"href":"https:\/\/agora.xtec.cat\/insdesantacoloma\/wp-json\/wp\/v2\/media?parent=5311"}],"wp:term":[{"taxonomy":"category","embeddable":true,"href":"https:\/\/agora.xtec.cat\/insdesantacoloma\/wp-json\/wp\/v2\/categories?post=5311"},{"taxonomy":"post_tag","embeddable":true,"href":"https:\/\/agora.xtec.cat\/insdesantacoloma\/wp-json\/wp\/v2\/tags?post=5311"}],"curies":[{"name":"wp","href":"https:\/\/api.w.org\/{rel}","templated":true}]}}