{"id":5303,"date":"2026-02-09T16:32:51","date_gmt":"2026-02-09T15:32:51","guid":{"rendered":"https:\/\/agora.xtec.cat\/insdesantacoloma\/?p=5303"},"modified":"2026-02-09T16:33:28","modified_gmt":"2026-02-09T15:33:28","slug":"viatge-londres-1r-batx","status":"publish","type":"post","link":"https:\/\/agora.xtec.cat\/insdesantacoloma\/general\/viatge-londres-1r-batx\/","title":{"rendered":"Viatge Londres 1r Batxillerat"},"content":{"rendered":"\n<p>Els dies 20, 21, 22 i 23 de gener, l\u2019alumnat de 1r de Batxillerat va viatjar a Londres, igual que hem fet els darrers dos cursos, per con\u00e8ixer la capital de Gran Bretanya i tenir un contacte directe amb la llengua anglesa. Al llarg dels 4 dies, vam visitar els llocs m\u00e9s emblem\u00e0tics de la ciutat: monuments, museus, carrers, mercats\u2026 i tamb\u00e9 vam \u201cpatir\u201d el clima londinenc amb for\u00e7a dies de pluja. <\/p>\n\n\n\n<p>El primer dia va comen\u00e7ar amb una passejada pels Kensington Gardens i Hyde Park, per anar despr\u00e9s cap al Natural History Museum per rec\u00f3rrer les velles sales i con\u00e8ixer aquest museu i centre d\u2019investigaci\u00f3 on moltes de les col\u00b7leccions tenen un gran valor hist\u00f2ric i cient\u00edfic com, per exemple, les esp\u00e8cies reunides per Charles Darwin. <\/p>\n\n\n\n<p>Vam acabar la jornada passejant pel Soho, Chinatown, Carnaby Street, Leicester Square i Piccadilly Circus. El segon dia va estar acompanyat per la pluja, per\u00f2 tot i aix\u00ed, es va celebrar el canvi de Gu\u00e0rdia a Buckingham Palace. Saint James Park, Westminster Abbey, les cases del Parlament i el Big Ben, Whitehall, Downing Street, Horse Guards i Trafalgar Square van ser els llocs visitats durant la ruta del mat\u00ed fins que vam fer parada al conegut mercat de Covent Garden per descansar i dinar. A la tarda, la visita va ser a la National Gallery, una pinacoteca que acull m\u00e9s de 2.300 pintures que daten des de mitjan del segle XIII fins al 1900. Aqu\u00ed vam poder gaudir d\u2019obres com \u201cEl Matrimoni Arnolfini\u201d de Jan Van Eyck, \u201cLa venus del Mirall\u201d de Vel\u00e1zquez, \u201cEls girasols\u201d de Van Gogh i moltes altres obres cabdals de la hist\u00f2ria de l\u2019art. <\/p>\n\n\n\n<p>La jornada va acabar al Mercat de Camden, conegut per ser el centre del punk rock londinenc dels anys 70 i 80. El tercer dia va comen\u00e7ar amb unes vistes espectaculars de la ciutat des del 58\u00e8 pis de l\u2019Horizon 22, el segon gratacels m\u00e9s alt de Londres i de tot el Regne Unit, despr\u00e9s d\u2019haver creuat el Tower Bridge i vist per fora la Torre de Londres. Despr\u00e9s de dinar al costat de la Saint Paul Cathedral, ens esperava el British Museum, el museu m\u00e9s important del Regne Unit i un dels m\u00e9s importants del m\u00f3n sobre hist\u00f2ria i cultura. Recull m\u00e9s de set milions d\u2019objectes que il\u00b7lustren i documenten la hist\u00f2ria de les cultures humanes a trav\u00e9s de peces i objectes de tots els continents. Aquest museu tamb\u00e9 ens va servir per parlar i reflexionar sobre el paper dels museus, de la salvaguarda del patrimoni i de l&#8217;espoli. Aquest dia el vam acabar amb una passejada prop del riu T\u00e0mesi per veure el London Eye i el Big Ben il\u00b7luminats i sopar el t\u00edpic \u201cFish and Ships\u201d en un cl\u00e0ssic pub angl\u00e8s. <\/p>\n\n\n\n<p>El divendres va ser un dia m\u00e9s tranquil i sense pluja que ens va permetre con\u00e8ixer i passejar per Portobello Road, el carrer m\u00e9s emblem\u00e0tic del barri de Notting Hill i gaudir d\u2019una caminada per Holland Park, un parc poc concorregut que inclou els Kyoto Gardens, per\u00f2 que tamb\u00e9 t\u00e9 una part de bosc silvestre ple d\u2019esquirols. Vam tornar amb la maleta ben plena dels moments viscuts, experi\u00e8ncies noves, per\u00f2 tamb\u00e9 de cansament! \ud83d\ude09 <\/p>\n\n\n\n<p>Esperem que l\u2019alumnat hagi gaudit d\u2019aquesta capital tan completa alhora que tamb\u00e9 hagi pogut fer una mica d\u2019immersi\u00f3 en llengua anglesa.<\/p>\n\n\n\n<p>Us deixem <a href=\"https:\/\/drive.google.com\/drive\/folders\/1TUqmzvD6aDkMGnmjWDtSqH6OKkfBU19G?usp=sharing\" data-type=\"link\" data-id=\"https:\/\/drive.google.com\/drive\/folders\/1TUqmzvD6aDkMGnmjWDtSqH6OKkfBU19G?usp=sharing\">l&#8217;enlla\u00e7<\/a> amb les fotografies.<\/p>\n","protected":false},"excerpt":{"rendered":"<p>Els dies 20, 21, 22 i 23 de gener, l\u2019alumnat de 1r de Batxillerat va viatjar a Londres, igual que [&hellip;]<\/p>\n","protected":false},"author":1,"featured_media":5304,"comment_status":"open","ping_status":"open","sticky":false,"template":"","format":"standard","meta":{"_bbp_topic_count":0,"_bbp_reply_count":0,"_bbp_total_topic_count":0,"_bbp_total_reply_count":0,"_bbp_voice_count":0,"_bbp_anonymous_reply_count":0,"_bbp_topic_count_hidden":0,"_bbp_reply_count_hidden":0,"_bbp_forum_subforum_count":0,"site-sidebar-layout":"default","site-content-layout":"","ast-site-content-layout":"default","site-content-style":"default","site-sidebar-style":"default","ast-global-header-display":"","ast-banner-title-visibility":"","ast-main-header-display":"","ast-hfb-above-header-display":"","ast-hfb-below-header-display":"","ast-hfb-mobile-header-display":"","site-post-title":"","ast-breadcrumbs-content":"","ast-featured-img":"","footer-sml-layout":"","theme-transparent-header-meta":"","adv-header-id-meta":"","stick-header-meta":"","header-above-stick-meta":"","header-main-stick-meta":"","header-below-stick-meta":"","astra-migrate-meta-layouts":"set","ast-page-background-enabled":"default","ast-page-background-meta":{"desktop":{"background-color":"var(--ast-global-color-4)","background-image":"","background-repeat":"repeat","background-position":"center center","background-size":"auto","background-attachment":"scroll","background-type":"","background-media":"","overlay-type":"","overlay-color":"","overlay-opacity":"","overlay-gradient":""},"tablet":{"background-color":"","background-image":"","background-repeat":"repeat","background-position":"center center","background-size":"auto","background-attachment":"scroll","background-type":"","background-media":"","overlay-type":"","overlay-color":"","overlay-opacity":"","overlay-gradient":""},"mobile":{"background-color":"","background-image":"","background-repeat":"repeat","background-position":"center center","background-size":"auto","background-attachment":"scroll","background-type":"","background-media":"","overlay-type":"","overlay-color":"","overlay-opacity":"","overlay-gradient":""}},"ast-content-background-meta":{"desktop":{"background-color":"var(--ast-global-color-5)","background-image":"","background-repeat":"repeat","background-position":"center center","background-size":"auto","background-attachment":"scroll","background-type":"","background-media":"","overlay-type":"","overlay-color":"","overlay-opacity":"","overlay-gradient":""},"tablet":{"background-color":"var(--ast-global-color-5)","background-image":"","background-repeat":"repeat","background-position":"center center","background-size":"auto","background-attachment":"scroll","background-type":"","background-media":"","overlay-type":"","overlay-color":"","overlay-opacity":"","overlay-gradient":""},"mobile":{"background-color":"var(--ast-global-color-5)","background-image":"","background-repeat":"repeat","background-position":"center center","background-size":"auto","background-attachment":"scroll","background-type":"","background-media":"","overlay-type":"","overlay-color":"","overlay-opacity":"","overlay-gradient":""}},"footnotes":""},"categories":[8,1,29],"tags":[],"class_list":["post-5303","post","type-post","status-publish","format-standard","has-post-thumbnail","hentry","category-batxillerat","category-general","category-portada"],"post_mailing_queue_ids":[],"_links":{"self":[{"href":"https:\/\/agora.xtec.cat\/insdesantacoloma\/wp-json\/wp\/v2\/posts\/5303","targetHints":{"allow":["GET"]}}],"collection":[{"href":"https:\/\/agora.xtec.cat\/insdesantacoloma\/wp-json\/wp\/v2\/posts"}],"about":[{"href":"https:\/\/agora.xtec.cat\/insdesantacoloma\/wp-json\/wp\/v2\/types\/post"}],"author":[{"embeddable":true,"href":"https:\/\/agora.xtec.cat\/insdesantacoloma\/wp-json\/wp\/v2\/users\/1"}],"replies":[{"embeddable":true,"href":"https:\/\/agora.xtec.cat\/insdesantacoloma\/wp-json\/wp\/v2\/comments?post=5303"}],"version-history":[{"count":2,"href":"https:\/\/agora.xtec.cat\/insdesantacoloma\/wp-json\/wp\/v2\/posts\/5303\/revisions"}],"predecessor-version":[{"id":5306,"href":"https:\/\/agora.xtec.cat\/insdesantacoloma\/wp-json\/wp\/v2\/posts\/5303\/revisions\/5306"}],"wp:featuredmedia":[{"embeddable":true,"href":"https:\/\/agora.xtec.cat\/insdesantacoloma\/wp-json\/wp\/v2\/media\/5304"}],"wp:attachment":[{"href":"https:\/\/agora.xtec.cat\/insdesantacoloma\/wp-json\/wp\/v2\/media?parent=5303"}],"wp:term":[{"taxonomy":"category","embeddable":true,"href":"https:\/\/agora.xtec.cat\/insdesantacoloma\/wp-json\/wp\/v2\/categories?post=5303"},{"taxonomy":"post_tag","embeddable":true,"href":"https:\/\/agora.xtec.cat\/insdesantacoloma\/wp-json\/wp\/v2\/tags?post=5303"}],"curies":[{"name":"wp","href":"https:\/\/api.w.org\/{rel}","templated":true}]}}