{"id":5282,"date":"2025-11-05T18:09:58","date_gmt":"2025-11-05T17:09:58","guid":{"rendered":"https:\/\/agora.xtec.cat\/insdesantacoloma\/?p=5282"},"modified":"2025-11-05T18:16:51","modified_gmt":"2025-11-05T17:16:51","slug":"castaween-25","status":"publish","type":"post","link":"https:\/\/agora.xtec.cat\/insdesantacoloma\/general\/castaween-25\/","title":{"rendered":"CASTAWEEN 25"},"content":{"rendered":"\n<p>\ud83c\udf83 <strong>CASTAWEEN AL 9:<\/strong><\/p>\n\n\n\n<p><strong>Benvinguts\/des al Circ dels Horrors! \ud83e\udd21<\/strong><\/p>\n\n\n\n<p>El passat <strong>divendres<\/strong> 31 d&#8217;octubre, l\u2019alumnat de <strong>4t d\u2019ESO<\/strong> va organitzar una jornada de plena d\u2019emocions, misteri i diversi\u00f3 per a tota la comunitat educativa.<\/p>\n\n\n\n<p>L\u2019activitat estrella va ser un <strong>t\u00fanel del terror<\/strong> ambientat en un <strong>circ dels horrors<\/strong>, on pallassos, mags i altres personatges inquietants van fer viure moments intensos (i algun crit!) a tots els valents que s\u2019hi van atrevir a entrar.<\/p>\n\n\n\n<p>A m\u00e9s, es van dur a terme altres <strong>activitats l\u00fadiques i creatives<\/strong> preparades amb molta il\u00b7lusi\u00f3 per l\u2019alumnat, fomentant la participaci\u00f3, el treball en equip i la conviv\u00e8ncia entre grans i petits.<\/p>\n\n\n\n<p>Felicitats a tot el grup de <strong>4t d\u2019ESO<\/strong> per la seva implicaci\u00f3, imaginaci\u00f3 i esfor\u00e7! \ud83d\udc4f<br>I gr\u00e0cies a tota la comunitat educativa per fer possible una jornada tan especial.<\/p>\n\n\n\n<p>\ud83d\udd78\ufe0f Fins l\u2019any vinent\u2026 si goses tornar al circ! \ud83c\udfaa\ud83d\udc7b<\/p>\n\n\n\n<p class=\"has-white-background-color has-background\">Us deixem un tastet &#8211;> <a href=\"https:\/\/drive.google.com\/file\/d\/1PLJSjYRUPo2lQlXDHzqVk-0C2nDh5tyx\/view?usp=drive_link\" data-type=\"link\" data-id=\"https:\/\/drive.google.com\/file\/d\/1PLJSjYRUPo2lQlXDHzqVk-0C2nDh5tyx\/view?usp=drive_link\">V\u00cdDEO<\/a><\/p>\n","protected":false},"excerpt":{"rendered":"<p>\ud83c\udf83 CASTAWEEN AL 9: Benvinguts\/des al Circ dels Horrors! \ud83e\udd21 El passat divendres 31 d&#8217;octubre, l\u2019alumnat de 4t d\u2019ESO va [&hellip;]<\/p>\n","protected":false},"author":1,"featured_media":5283,"comment_status":"open","ping_status":"open","sticky":false,"template":"","format":"standard","meta":{"_bbp_topic_count":0,"_bbp_reply_count":0,"_bbp_total_topic_count":0,"_bbp_total_reply_count":0,"_bbp_voice_count":0,"_bbp_anonymous_reply_count":0,"_bbp_topic_count_hidden":0,"_bbp_reply_count_hidden":0,"_bbp_forum_subforum_count":0,"site-sidebar-layout":"default","site-content-layout":"","ast-site-content-layout":"default","site-content-style":"default","site-sidebar-style":"default","ast-global-header-display":"","ast-banner-title-visibility":"","ast-main-header-display":"","ast-hfb-above-header-display":"","ast-hfb-below-header-display":"","ast-hfb-mobile-header-display":"","site-post-title":"","ast-breadcrumbs-content":"","ast-featured-img":"","footer-sml-layout":"","theme-transparent-header-meta":"","adv-header-id-meta":"","stick-header-meta":"","header-above-stick-meta":"","header-main-stick-meta":"","header-below-stick-meta":"","astra-migrate-meta-layouts":"set","ast-page-background-enabled":"default","ast-page-background-meta":{"desktop":{"background-color":"var(--ast-global-color-4)","background-image":"","background-repeat":"repeat","background-position":"center center","background-size":"auto","background-attachment":"scroll","background-type":"","background-media":"","overlay-type":"","overlay-color":"","overlay-opacity":"","overlay-gradient":""},"tablet":{"background-color":"","background-image":"","background-repeat":"repeat","background-position":"center center","background-size":"auto","background-attachment":"scroll","background-type":"","background-media":"","overlay-type":"","overlay-color":"","overlay-opacity":"","overlay-gradient":""},"mobile":{"background-color":"","background-image":"","background-repeat":"repeat","background-position":"center center","background-size":"auto","background-attachment":"scroll","background-type":"","background-media":"","overlay-type":"","overlay-color":"","overlay-opacity":"","overlay-gradient":""}},"ast-content-background-meta":{"desktop":{"background-color":"var(--ast-global-color-5)","background-image":"","background-repeat":"repeat","background-position":"center center","background-size":"auto","background-attachment":"scroll","background-type":"","background-media":"","overlay-type":"","overlay-color":"","overlay-opacity":"","overlay-gradient":""},"tablet":{"background-color":"var(--ast-global-color-5)","background-image":"","background-repeat":"repeat","background-position":"center center","background-size":"auto","background-attachment":"scroll","background-type":"","background-media":"","overlay-type":"","overlay-color":"","overlay-opacity":"","overlay-gradient":""},"mobile":{"background-color":"var(--ast-global-color-5)","background-image":"","background-repeat":"repeat","background-position":"center center","background-size":"auto","background-attachment":"scroll","background-type":"","background-media":"","overlay-type":"","overlay-color":"","overlay-opacity":"","overlay-gradient":""}},"footnotes":""},"categories":[1,29],"tags":[],"class_list":["post-5282","post","type-post","status-publish","format-standard","has-post-thumbnail","hentry","category-general","category-portada"],"post_mailing_queue_ids":[],"_links":{"self":[{"href":"https:\/\/agora.xtec.cat\/insdesantacoloma\/wp-json\/wp\/v2\/posts\/5282","targetHints":{"allow":["GET"]}}],"collection":[{"href":"https:\/\/agora.xtec.cat\/insdesantacoloma\/wp-json\/wp\/v2\/posts"}],"about":[{"href":"https:\/\/agora.xtec.cat\/insdesantacoloma\/wp-json\/wp\/v2\/types\/post"}],"author":[{"embeddable":true,"href":"https:\/\/agora.xtec.cat\/insdesantacoloma\/wp-json\/wp\/v2\/users\/1"}],"replies":[{"embeddable":true,"href":"https:\/\/agora.xtec.cat\/insdesantacoloma\/wp-json\/wp\/v2\/comments?post=5282"}],"version-history":[{"count":2,"href":"https:\/\/agora.xtec.cat\/insdesantacoloma\/wp-json\/wp\/v2\/posts\/5282\/revisions"}],"predecessor-version":[{"id":5286,"href":"https:\/\/agora.xtec.cat\/insdesantacoloma\/wp-json\/wp\/v2\/posts\/5282\/revisions\/5286"}],"wp:featuredmedia":[{"embeddable":true,"href":"https:\/\/agora.xtec.cat\/insdesantacoloma\/wp-json\/wp\/v2\/media\/5283"}],"wp:attachment":[{"href":"https:\/\/agora.xtec.cat\/insdesantacoloma\/wp-json\/wp\/v2\/media?parent=5282"}],"wp:term":[{"taxonomy":"category","embeddable":true,"href":"https:\/\/agora.xtec.cat\/insdesantacoloma\/wp-json\/wp\/v2\/categories?post=5282"},{"taxonomy":"post_tag","embeddable":true,"href":"https:\/\/agora.xtec.cat\/insdesantacoloma\/wp-json\/wp\/v2\/tags?post=5282"}],"curies":[{"name":"wp","href":"https:\/\/api.w.org\/{rel}","templated":true}]}}