{"id":5175,"date":"2025-06-25T09:29:30","date_gmt":"2025-06-25T07:29:30","guid":{"rendered":"https:\/\/agora.xtec.cat\/insdesantacoloma\/?p=5175"},"modified":"2025-06-25T09:29:30","modified_gmt":"2025-06-25T07:29:30","slug":"erasmus-curs-24-25","status":"publish","type":"post","link":"https:\/\/agora.xtec.cat\/insdesantacoloma\/general\/erasmus-curs-24-25\/","title":{"rendered":"ERASMUS + CURS 24-25"},"content":{"rendered":"\n<p>Aquest curs hem realitzat les primeres activitats del projecte Erasmus+ \u201cCosmopolitanism Back and Forth\u201d. Aquestes han consistit en dues mobilitats a B\u00e8lgica i It\u00e0lia, per\u00f2 tamb\u00e9 amb la rebuda d\u2019estudiants d\u2019aquests dos pa\u00efsos al nostre centre.&nbsp;<\/p>\n\n\n\n<p>Aquests dos viatges han estat el mitj\u00e0 per assolir els objectius del projecte: millorar la compet\u00e8ncia ling\u00fc\u00edstica de l\u2019alumnat i fomentar la participaci\u00f3 i coneixen\u00e7a del teixit associatiu de l&#8217;entorn.<\/p>\n\n\n\n<p>La primera mobilitat, realitzada a Brussel\u00b7les del 31 de mar\u00e7 al 4 d\u2019abril, va involucrar a 7 alumnes de 3r d\u2019ESO que van viatjar en tren fins a Anderlecht, per allotjar-se en un hostal i participar d\u2019activitats amb l\u2019institut Matteo Ricci.<\/p>\n\n\n\n<p>Durant la seva estada, les alumnes van treballar la seva compet\u00e8ncia ling\u00fc\u00edstica en angl\u00e8s (fins i tot franc\u00e8s), aix\u00ed com els valors de la Uni\u00f3 Europea amb la visita al Parlament Europeu i el descobriment d\u2019associacions culturals (Vroom Space) i de cooperaci\u00f3 pel desenvolupament (Oxfam International).<\/p>\n\n\n\n<p>Vroom Space, a trav\u00e9s del c\u00f2mic, pret\u00e9n vincular els habitants del barri d&#8217;Anderlecht (Brussel\u00b7les) amb el seu entorn i enfortir-ne les arrels. D&#8217;altra banda, Oxfam International \u00e9s una ONG de cooperaci\u00f3 al desenvolupament que treballa principalment en tres \u00e0mbits: ecologia, economia i \u00e0mbit social.&nbsp;<\/p>\n\n\n\n<p>La segona mobilitat, realitzada a Bolonya del 5 al 9 de maig, va involucrar 6 alumnes de 3r d\u2019ESO que es van allotjar a casa de fam\u00edlies del Istituto Comprensivo n.2 San Lazzaro di Savena.<\/p>\n\n\n\n<p>En aquesta mobilitat d\u2019alumnes s\u2019ha treballat l\u2019\u00fas de l\u2019angl\u00e8s com a llengua de comunicaci\u00f3 entre els estudiants i s\u2019han descobert diverses organitzacions socials i culturals com Amici dei Popoli, Open Group i Fondazione Golinelli.&nbsp;<\/p>\n\n\n\n<p>Els nostres alumnes van tenir una presentaci\u00f3 per part d&#8217;Amici dei Popoli en qu\u00e8 els van explicar els seus projectes socials actuals, per posteriorment participar en una campanya de venda d&#8217;arr\u00f2s anomenada &#8220;Abbiamo riure per una cosa seriosa&#8221; per recaptar fons per a agricultors italians. Amb la visita d&#8217;Open Group van treballar el concepte de refugiat pol\u00edtic, reflexionant sobre les causes que porten una persona a emigrar i els ajuts que aquesta associaci\u00f3 els ofereix. Per acabar, van visitar les instal\u00b7lacions de la Fondazione Golinelli, fundaci\u00f3 que promou l&#8217;art i la ci\u00e8ncia, i van fer un taller sobre la mitosi de la c\u00e8l\u00b7lula.<\/p>\n\n\n\n<p>Amb la visita a aquestes associacions en les dues mobilitats, el nostre alumnat va con\u00e8ixer com es treballa en un pa\u00eds diferent del propi i va poder fer la comparativa amb les associacions visitades al nostre barri, Santa Coloma de Gramenet (Barcelona), dins del TG \u201cFem Gramenet\u201d.&nbsp;<\/p>\n\n\n\n<p>Tota la informaci\u00f3 i les experi\u00e8ncies apreses han quedat recollides en diversos productes: infografia de les associacions, diari d&#8217;aprenentatge, presentaci\u00f3 sobre el Parlament Europeu, resum de la setmana en format c\u00f2mic, presentaci\u00f3 i v\u00eddeo; videoreceptes i la creaci\u00f3 d\u2019una \u201cGuia de superviv\u00e8ncia Erasmus+\u201d amb el recull de les frases en angl\u00e8s m\u00e9s utilitzades. Amb aix\u00f2, els coneixements s&#8217;han pogut traslladar a tota la comunitat educativa: la resta d&#8217;alumnes, professors i fam\u00edlies.<\/p>\n\n\n\n<p>Estem molt satisfets i satisfetes amb els resultats obtinguts i la resposta del nostre alumnat al projecte, i esperem seguir gaudint i aprenent entre tots i totes el proper curs!<\/p>\n\n\n\n<figure class=\"wp-block-image size-large\"><a href=\"https:\/\/agora.xtec.cat\/insdesantacoloma\/wp-content\/uploads\/usu1849\/2025\/06\/EN-Co-funded-by-the-EU_PANTONE-scaled.jpg\"><img loading=\"lazy\" decoding=\"async\" width=\"1024\" height=\"215\" src=\"https:\/\/agora.xtec.cat\/insdesantacoloma\/wp-content\/uploads\/usu1849\/2025\/06\/EN-Co-funded-by-the-EU_PANTONE-1024x215.jpg\" alt=\"\" class=\"wp-image-5176\" srcset=\"https:\/\/agora.xtec.cat\/insdesantacoloma\/wp-content\/uploads\/usu1849\/2025\/06\/EN-Co-funded-by-the-EU_PANTONE-1024x215.jpg 1024w, https:\/\/agora.xtec.cat\/insdesantacoloma\/wp-content\/uploads\/usu1849\/2025\/06\/EN-Co-funded-by-the-EU_PANTONE-300x63.jpg 300w, https:\/\/agora.xtec.cat\/insdesantacoloma\/wp-content\/uploads\/usu1849\/2025\/06\/EN-Co-funded-by-the-EU_PANTONE-768x161.jpg 768w, https:\/\/agora.xtec.cat\/insdesantacoloma\/wp-content\/uploads\/usu1849\/2025\/06\/EN-Co-funded-by-the-EU_PANTONE-1536x322.jpg 1536w, https:\/\/agora.xtec.cat\/insdesantacoloma\/wp-content\/uploads\/usu1849\/2025\/06\/EN-Co-funded-by-the-EU_PANTONE-2048x430.jpg 2048w\" sizes=\"auto, (max-width: 1024px) 100vw, 1024px\" \/><\/a><\/figure>\n\n\n\n<p><\/p>\n","protected":false},"excerpt":{"rendered":"<p>Aquest curs hem realitzat les primeres activitats del projecte Erasmus+ \u201cCosmopolitanism Back and Forth\u201d. Aquestes han consistit en dues mobilitats [&hellip;]<\/p>\n","protected":false},"author":1,"featured_media":5177,"comment_status":"open","ping_status":"open","sticky":false,"template":"","format":"standard","meta":{"_bbp_topic_count":0,"_bbp_reply_count":0,"_bbp_total_topic_count":0,"_bbp_total_reply_count":0,"_bbp_voice_count":0,"_bbp_anonymous_reply_count":0,"_bbp_topic_count_hidden":0,"_bbp_reply_count_hidden":0,"_bbp_forum_subforum_count":0,"site-sidebar-layout":"default","site-content-layout":"","ast-site-content-layout":"default","site-content-style":"default","site-sidebar-style":"default","ast-global-header-display":"","ast-banner-title-visibility":"","ast-main-header-display":"","ast-hfb-above-header-display":"","ast-hfb-below-header-display":"","ast-hfb-mobile-header-display":"","site-post-title":"","ast-breadcrumbs-content":"","ast-featured-img":"","footer-sml-layout":"","theme-transparent-header-meta":"","adv-header-id-meta":"","stick-header-meta":"","header-above-stick-meta":"","header-main-stick-meta":"","header-below-stick-meta":"","astra-migrate-meta-layouts":"set","ast-page-background-enabled":"default","ast-page-background-meta":{"desktop":{"background-color":"var(--ast-global-color-4)","background-image":"","background-repeat":"repeat","background-position":"center center","background-size":"auto","background-attachment":"scroll","background-type":"","background-media":"","overlay-type":"","overlay-color":"","overlay-opacity":"","overlay-gradient":""},"tablet":{"background-color":"","background-image":"","background-repeat":"repeat","background-position":"center center","background-size":"auto","background-attachment":"scroll","background-type":"","background-media":"","overlay-type":"","overlay-color":"","overlay-opacity":"","overlay-gradient":""},"mobile":{"background-color":"","background-image":"","background-repeat":"repeat","background-position":"center center","background-size":"auto","background-attachment":"scroll","background-type":"","background-media":"","overlay-type":"","overlay-color":"","overlay-opacity":"","overlay-gradient":""}},"ast-content-background-meta":{"desktop":{"background-color":"var(--ast-global-color-5)","background-image":"","background-repeat":"repeat","background-position":"center center","background-size":"auto","background-attachment":"scroll","background-type":"","background-media":"","overlay-type":"","overlay-color":"","overlay-opacity":"","overlay-gradient":""},"tablet":{"background-color":"var(--ast-global-color-5)","background-image":"","background-repeat":"repeat","background-position":"center center","background-size":"auto","background-attachment":"scroll","background-type":"","background-media":"","overlay-type":"","overlay-color":"","overlay-opacity":"","overlay-gradient":""},"mobile":{"background-color":"var(--ast-global-color-5)","background-image":"","background-repeat":"repeat","background-position":"center center","background-size":"auto","background-attachment":"scroll","background-type":"","background-media":"","overlay-type":"","overlay-color":"","overlay-opacity":"","overlay-gradient":""}},"footnotes":""},"categories":[1,29],"tags":[],"class_list":["post-5175","post","type-post","status-publish","format-standard","has-post-thumbnail","hentry","category-general","category-portada"],"post_mailing_queue_ids":[],"_links":{"self":[{"href":"https:\/\/agora.xtec.cat\/insdesantacoloma\/wp-json\/wp\/v2\/posts\/5175","targetHints":{"allow":["GET"]}}],"collection":[{"href":"https:\/\/agora.xtec.cat\/insdesantacoloma\/wp-json\/wp\/v2\/posts"}],"about":[{"href":"https:\/\/agora.xtec.cat\/insdesantacoloma\/wp-json\/wp\/v2\/types\/post"}],"author":[{"embeddable":true,"href":"https:\/\/agora.xtec.cat\/insdesantacoloma\/wp-json\/wp\/v2\/users\/1"}],"replies":[{"embeddable":true,"href":"https:\/\/agora.xtec.cat\/insdesantacoloma\/wp-json\/wp\/v2\/comments?post=5175"}],"version-history":[{"count":1,"href":"https:\/\/agora.xtec.cat\/insdesantacoloma\/wp-json\/wp\/v2\/posts\/5175\/revisions"}],"predecessor-version":[{"id":5178,"href":"https:\/\/agora.xtec.cat\/insdesantacoloma\/wp-json\/wp\/v2\/posts\/5175\/revisions\/5178"}],"wp:featuredmedia":[{"embeddable":true,"href":"https:\/\/agora.xtec.cat\/insdesantacoloma\/wp-json\/wp\/v2\/media\/5177"}],"wp:attachment":[{"href":"https:\/\/agora.xtec.cat\/insdesantacoloma\/wp-json\/wp\/v2\/media?parent=5175"}],"wp:term":[{"taxonomy":"category","embeddable":true,"href":"https:\/\/agora.xtec.cat\/insdesantacoloma\/wp-json\/wp\/v2\/categories?post=5175"},{"taxonomy":"post_tag","embeddable":true,"href":"https:\/\/agora.xtec.cat\/insdesantacoloma\/wp-json\/wp\/v2\/tags?post=5175"}],"curies":[{"name":"wp","href":"https:\/\/api.w.org\/{rel}","templated":true}]}}