{"id":5172,"date":"2025-06-25T09:00:30","date_gmt":"2025-06-25T07:00:30","guid":{"rendered":"https:\/\/agora.xtec.cat\/insdesantacoloma\/?p=5172"},"modified":"2025-06-25T09:43:06","modified_gmt":"2025-06-25T07:43:06","slug":"festa-final-detapa-4t-eso-%f0%9f%a4%8d","status":"publish","type":"post","link":"https:\/\/agora.xtec.cat\/insdesantacoloma\/eso\/festa-final-detapa-4t-eso-%f0%9f%a4%8d\/","title":{"rendered":"Festa final d\u2019etapa 4t ESO \ud83e\udd0d"},"content":{"rendered":"\n<p>Despr\u00e9s de quatre anys compartint moments, somriures, reptes i moltes hores a classe, ha arribat el moment de dir ad\u00e9u a una etapa que ens ha marcat per sempre. 4t d\u2019ESO no \u00e9s nom\u00e9s el final d\u2019un curs, sin\u00f3 el tancament d\u2019un cicle ple de viv\u00e8ncies que han anat teixint qui som avui.<\/p>\n\n\n\n<p>Encara recordem els primers dies de 1r d\u2019ESO, quan tot era nou, gran i una mica desconegut. Hem crescut junts, no nom\u00e9s acad\u00e8micament, sin\u00f3 tamb\u00e9 com a persones. Hem apr\u00e8s a conviure, a treballar en equip, a respectar les difer\u00e8ncies i a valorar la for\u00e7a d\u2019estar units. Hem viscut moments de nervis abans dels ex\u00e0mens, presentacions improvisades, sortides inoblidables, bromes internes que nom\u00e9s nosaltres entenem, i tamb\u00e9 dies dif\u00edcils, que hem superat gr\u00e0cies al suport dels companys i professors.<\/p>\n\n\n\n<p>Aquest comiat no \u00e9s un ad\u00e9u definitiu, sin\u00f3 un &#8220;fins aviat&#8221;. Alguns seguirem junts en el batxillerat, d\u2019altres prendran camins diferents, per\u00f2 tots marxem amb una motxilla carregada de records i experi\u00e8ncies que sempre formaran part de nosaltres.<\/p>\n\n\n\n<p>Gr\u00e0cies als professoat per haver-nos guiat, ensenyat i, sobretot, per haver confiat en nosaltres fins i tot quan ni nosaltres ho f\u00e8iem. Gr\u00e0cies tamb\u00e9 a les fam\u00edlies per ser sempre al darrere, animant-nos i acompanyant-nos. I gr\u00e0cies als companys\/es per ser m\u00e9s que amics, per haver estat una segona fam\u00edlia durant aquests anys.<\/p>\n\n\n\n<p>Marxem, per\u00f2 el que hem viscut aqu\u00ed no ho oblidarem mai. Tanquem una etapa amb nost\u00e0lgia, per\u00f2 tamb\u00e9 amb il\u00b7lusi\u00f3 pel que vindr\u00e0. El futur \u00e9s incert, per\u00f2 una cosa \u00e9s segura: aquest comiat \u00e9s nom\u00e9s el principi de tot el que ens espera.<\/p>\n\n\n\n<div class=\"wp-block-buttons is-layout-flex wp-block-buttons-is-layout-flex\">\n<div class=\"wp-block-button\"><a class=\"wp-block-button__link wp-element-button\" href=\"https:\/\/drive.google.com\/drive\/folders\/1i39g5fK4HRY48FdQLjnSYvg5F-Bje4DL?usp=sharing\">FOTOGRAFIES FESTA FINAL D&#8217;ETAPA<\/a><\/div>\n<\/div>\n\n\n\n<div class=\"wp-block-buttons is-layout-flex wp-block-buttons-is-layout-flex\">\n<div class=\"wp-block-button\"><a class=\"wp-block-button__link wp-element-button\" href=\"https:\/\/drive.google.com\/drive\/folders\/1GqPHKh68Go-QQ_f1A5pXOmjpgzRfQUER?usp=sharing\">M\u00c9S FOTOGRAFIES<\/a><\/div>\n<\/div>\n\n\n\n<p><\/p>\n","protected":false},"excerpt":{"rendered":"<p>Despr\u00e9s de quatre anys compartint moments, somriures, reptes i moltes hores a classe, ha arribat el moment de dir ad\u00e9u [&hellip;]<\/p>\n","protected":false},"author":1,"featured_media":5173,"comment_status":"open","ping_status":"open","sticky":false,"template":"","format":"standard","meta":{"_bbp_topic_count":0,"_bbp_reply_count":0,"_bbp_total_topic_count":0,"_bbp_total_reply_count":0,"_bbp_voice_count":0,"_bbp_anonymous_reply_count":0,"_bbp_topic_count_hidden":0,"_bbp_reply_count_hidden":0,"_bbp_forum_subforum_count":0,"site-sidebar-layout":"default","site-content-layout":"","ast-site-content-layout":"default","site-content-style":"default","site-sidebar-style":"default","ast-global-header-display":"","ast-banner-title-visibility":"","ast-main-header-display":"","ast-hfb-above-header-display":"","ast-hfb-below-header-display":"","ast-hfb-mobile-header-display":"","site-post-title":"","ast-breadcrumbs-content":"","ast-featured-img":"","footer-sml-layout":"","theme-transparent-header-meta":"","adv-header-id-meta":"","stick-header-meta":"","header-above-stick-meta":"","header-main-stick-meta":"","header-below-stick-meta":"","astra-migrate-meta-layouts":"set","ast-page-background-enabled":"default","ast-page-background-meta":{"desktop":{"background-color":"var(--ast-global-color-4)","background-image":"","background-repeat":"repeat","background-position":"center center","background-size":"auto","background-attachment":"scroll","background-type":"","background-media":"","overlay-type":"","overlay-color":"","overlay-opacity":"","overlay-gradient":""},"tablet":{"background-color":"","background-image":"","background-repeat":"repeat","background-position":"center center","background-size":"auto","background-attachment":"scroll","background-type":"","background-media":"","overlay-type":"","overlay-color":"","overlay-opacity":"","overlay-gradient":""},"mobile":{"background-color":"","background-image":"","background-repeat":"repeat","background-position":"center center","background-size":"auto","background-attachment":"scroll","background-type":"","background-media":"","overlay-type":"","overlay-color":"","overlay-opacity":"","overlay-gradient":""}},"ast-content-background-meta":{"desktop":{"background-color":"var(--ast-global-color-5)","background-image":"","background-repeat":"repeat","background-position":"center center","background-size":"auto","background-attachment":"scroll","background-type":"","background-media":"","overlay-type":"","overlay-color":"","overlay-opacity":"","overlay-gradient":""},"tablet":{"background-color":"var(--ast-global-color-5)","background-image":"","background-repeat":"repeat","background-position":"center center","background-size":"auto","background-attachment":"scroll","background-type":"","background-media":"","overlay-type":"","overlay-color":"","overlay-opacity":"","overlay-gradient":""},"mobile":{"background-color":"var(--ast-global-color-5)","background-image":"","background-repeat":"repeat","background-position":"center center","background-size":"auto","background-attachment":"scroll","background-type":"","background-media":"","overlay-type":"","overlay-color":"","overlay-opacity":"","overlay-gradient":""}},"footnotes":""},"categories":[3,7,29],"tags":[],"class_list":["post-5172","post","type-post","status-publish","format-standard","has-post-thumbnail","hentry","category-eso","category-eso-4","category-portada"],"post_mailing_queue_ids":[],"_links":{"self":[{"href":"https:\/\/agora.xtec.cat\/insdesantacoloma\/wp-json\/wp\/v2\/posts\/5172","targetHints":{"allow":["GET"]}}],"collection":[{"href":"https:\/\/agora.xtec.cat\/insdesantacoloma\/wp-json\/wp\/v2\/posts"}],"about":[{"href":"https:\/\/agora.xtec.cat\/insdesantacoloma\/wp-json\/wp\/v2\/types\/post"}],"author":[{"embeddable":true,"href":"https:\/\/agora.xtec.cat\/insdesantacoloma\/wp-json\/wp\/v2\/users\/1"}],"replies":[{"embeddable":true,"href":"https:\/\/agora.xtec.cat\/insdesantacoloma\/wp-json\/wp\/v2\/comments?post=5172"}],"version-history":[{"count":2,"href":"https:\/\/agora.xtec.cat\/insdesantacoloma\/wp-json\/wp\/v2\/posts\/5172\/revisions"}],"predecessor-version":[{"id":5183,"href":"https:\/\/agora.xtec.cat\/insdesantacoloma\/wp-json\/wp\/v2\/posts\/5172\/revisions\/5183"}],"wp:featuredmedia":[{"embeddable":true,"href":"https:\/\/agora.xtec.cat\/insdesantacoloma\/wp-json\/wp\/v2\/media\/5173"}],"wp:attachment":[{"href":"https:\/\/agora.xtec.cat\/insdesantacoloma\/wp-json\/wp\/v2\/media?parent=5172"}],"wp:term":[{"taxonomy":"category","embeddable":true,"href":"https:\/\/agora.xtec.cat\/insdesantacoloma\/wp-json\/wp\/v2\/categories?post=5172"},{"taxonomy":"post_tag","embeddable":true,"href":"https:\/\/agora.xtec.cat\/insdesantacoloma\/wp-json\/wp\/v2\/tags?post=5172"}],"curies":[{"name":"wp","href":"https:\/\/api.w.org\/{rel}","templated":true}]}}