{"id":5158,"date":"2025-06-02T09:58:35","date_gmt":"2025-06-02T07:58:35","guid":{"rendered":"https:\/\/agora.xtec.cat\/insdesantacoloma\/?p=5158"},"modified":"2025-06-02T10:04:17","modified_gmt":"2025-06-02T08:04:17","slug":"festa-final-detapa-2n-batxillerat-%f0%9f%a4%8d","status":"publish","type":"post","link":"https:\/\/agora.xtec.cat\/insdesantacoloma\/portada\/festa-final-detapa-2n-batxillerat-%f0%9f%a4%8d\/","title":{"rendered":"Festa final d&#8217;etapa 2n Batxillerat \ud83e\udd0d"},"content":{"rendered":"\n<p>El passat 30 de maig, el nostre centre va viure una jornada molt especial, la <strong>festa de final d\u2019etapa<\/strong> dels alumnes de 2n de batxillerat. Un acte carregat d\u2019emocions, records, agra\u00efments i molta il\u00b7lusi\u00f3, que marca el tancament d\u2019una etapa vital i l\u2019inici d\u2019un nou cam\u00ed per als nostres estudiants.<\/p>\n\n\n\n<p>La celebraci\u00f3 va comen\u00e7ar amb un acte on es van pronunciar paraules plenes de sentiment per part del professorat, l\u2019equip directiu i alguns\/es alumnes. No hi van faltar els discursos emotius, les an\u00e8cdotes que han marcat aquests dos anys intensos i un reconeixement especial a l&#8217;esfor\u00e7, la const\u00e0ncia i la superaci\u00f3 que ha suposat aquest per\u00edode per a tothom.<\/p>\n\n\n\n<p>Despr\u00e9s, tothom va gaudir d\u2019un ambient festiu, amb m\u00fasica, fotos, rialles i retrobaments que van fer evident el vincle entre l&#8217;alumnat, fam\u00edlies i l\u2019estima pels docents. L\u2019acte va ser un homenatge col\u00b7lectiu a tot el que s\u2019ha viscut: classes, ex\u00e0mens, nervis, per\u00f2 tamb\u00e9 amistats, aprenentatges i creixement personal.<\/p>\n\n\n\n<p>Des del centre volem felicitar aquest gran grup d\u2019alumnes per haver arribat fins aqu\u00ed, i desitjar-los molta sort i encerts en la nova etapa que comencen, ja sigui als estudis superiors, al m\u00f3n laboral o a qualsevol cam\u00ed que tri\u00efn.<\/p>\n\n\n\n<p>Gr\u00e0cies per tot el que heu aportat. Sempre formareu part de la nostra comunitat educativa!<\/p>\n\n\n\n<figure class=\"wp-block-image size-large\"><a href=\"https:\/\/agora.xtec.cat\/insdesantacoloma\/wp-content\/uploads\/usu1849\/2025\/06\/PHOTO-2025-06-02-09-53-57.jpg\"><img loading=\"lazy\" decoding=\"async\" width=\"1024\" height=\"557\" src=\"https:\/\/agora.xtec.cat\/insdesantacoloma\/wp-content\/uploads\/usu1849\/2025\/06\/PHOTO-2025-06-02-09-53-57-1024x557.jpg\" alt=\"\" class=\"wp-image-5159\" srcset=\"https:\/\/agora.xtec.cat\/insdesantacoloma\/wp-content\/uploads\/usu1849\/2025\/06\/PHOTO-2025-06-02-09-53-57-1024x557.jpg 1024w, https:\/\/agora.xtec.cat\/insdesantacoloma\/wp-content\/uploads\/usu1849\/2025\/06\/PHOTO-2025-06-02-09-53-57-300x163.jpg 300w, https:\/\/agora.xtec.cat\/insdesantacoloma\/wp-content\/uploads\/usu1849\/2025\/06\/PHOTO-2025-06-02-09-53-57-768x417.jpg 768w, https:\/\/agora.xtec.cat\/insdesantacoloma\/wp-content\/uploads\/usu1849\/2025\/06\/PHOTO-2025-06-02-09-53-57.jpg 1321w\" sizes=\"auto, (max-width: 1024px) 100vw, 1024px\" \/><\/a><\/figure>\n\n\n\n<p class=\"has-text-align-center\">Us deixem les imatges d&#8217;aquell dia <\/p>\n\n\n\n<div class=\"wp-block-buttons is-layout-flex wp-block-buttons-is-layout-flex\">\n<div class=\"wp-block-button\"><a class=\"wp-block-button__link wp-element-button\" href=\"https:\/\/drive.google.com\/drive\/folders\/1GhmwOOvn735MvaIDdwuxVhwdIYIDXULM?usp=sharing\">FOTOS FESTA FINAL D&#8217;ETAPA<\/a><\/div>\n<\/div>\n\n\n\n<p><\/p>\n","protected":false},"excerpt":{"rendered":"<p>El passat 30 de maig, el nostre centre va viure una jornada molt especial, la festa de final d\u2019etapa dels [&hellip;]<\/p>\n","protected":false},"author":1,"featured_media":5160,"comment_status":"open","ping_status":"open","sticky":false,"template":"","format":"standard","meta":{"_bbp_topic_count":0,"_bbp_reply_count":0,"_bbp_total_topic_count":0,"_bbp_total_reply_count":0,"_bbp_voice_count":0,"_bbp_anonymous_reply_count":0,"_bbp_topic_count_hidden":0,"_bbp_reply_count_hidden":0,"_bbp_forum_subforum_count":0,"site-sidebar-layout":"default","site-content-layout":"","ast-site-content-layout":"default","site-content-style":"default","site-sidebar-style":"default","ast-global-header-display":"","ast-banner-title-visibility":"","ast-main-header-display":"","ast-hfb-above-header-display":"","ast-hfb-below-header-display":"","ast-hfb-mobile-header-display":"","site-post-title":"","ast-breadcrumbs-content":"","ast-featured-img":"","footer-sml-layout":"","theme-transparent-header-meta":"","adv-header-id-meta":"","stick-header-meta":"","header-above-stick-meta":"","header-main-stick-meta":"","header-below-stick-meta":"","astra-migrate-meta-layouts":"set","ast-page-background-enabled":"default","ast-page-background-meta":{"desktop":{"background-color":"var(--ast-global-color-4)","background-image":"","background-repeat":"repeat","background-position":"center center","background-size":"auto","background-attachment":"scroll","background-type":"","background-media":"","overlay-type":"","overlay-color":"","overlay-opacity":"","overlay-gradient":""},"tablet":{"background-color":"","background-image":"","background-repeat":"repeat","background-position":"center center","background-size":"auto","background-attachment":"scroll","background-type":"","background-media":"","overlay-type":"","overlay-color":"","overlay-opacity":"","overlay-gradient":""},"mobile":{"background-color":"","background-image":"","background-repeat":"repeat","background-position":"center center","background-size":"auto","background-attachment":"scroll","background-type":"","background-media":"","overlay-type":"","overlay-color":"","overlay-opacity":"","overlay-gradient":""}},"ast-content-background-meta":{"desktop":{"background-color":"var(--ast-global-color-5)","background-image":"","background-repeat":"repeat","background-position":"center center","background-size":"auto","background-attachment":"scroll","background-type":"","background-media":"","overlay-type":"","overlay-color":"","overlay-opacity":"","overlay-gradient":""},"tablet":{"background-color":"var(--ast-global-color-5)","background-image":"","background-repeat":"repeat","background-position":"center center","background-size":"auto","background-attachment":"scroll","background-type":"","background-media":"","overlay-type":"","overlay-color":"","overlay-opacity":"","overlay-gradient":""},"mobile":{"background-color":"var(--ast-global-color-5)","background-image":"","background-repeat":"repeat","background-position":"center center","background-size":"auto","background-attachment":"scroll","background-type":"","background-media":"","overlay-type":"","overlay-color":"","overlay-opacity":"","overlay-gradient":""}},"footnotes":""},"categories":[250,29],"tags":[],"class_list":["post-5158","post","type-post","status-publish","format-standard","has-post-thumbnail","hentry","category-2n-batx","category-portada"],"post_mailing_queue_ids":[],"_links":{"self":[{"href":"https:\/\/agora.xtec.cat\/insdesantacoloma\/wp-json\/wp\/v2\/posts\/5158","targetHints":{"allow":["GET"]}}],"collection":[{"href":"https:\/\/agora.xtec.cat\/insdesantacoloma\/wp-json\/wp\/v2\/posts"}],"about":[{"href":"https:\/\/agora.xtec.cat\/insdesantacoloma\/wp-json\/wp\/v2\/types\/post"}],"author":[{"embeddable":true,"href":"https:\/\/agora.xtec.cat\/insdesantacoloma\/wp-json\/wp\/v2\/users\/1"}],"replies":[{"embeddable":true,"href":"https:\/\/agora.xtec.cat\/insdesantacoloma\/wp-json\/wp\/v2\/comments?post=5158"}],"version-history":[{"count":6,"href":"https:\/\/agora.xtec.cat\/insdesantacoloma\/wp-json\/wp\/v2\/posts\/5158\/revisions"}],"predecessor-version":[{"id":5166,"href":"https:\/\/agora.xtec.cat\/insdesantacoloma\/wp-json\/wp\/v2\/posts\/5158\/revisions\/5166"}],"wp:featuredmedia":[{"embeddable":true,"href":"https:\/\/agora.xtec.cat\/insdesantacoloma\/wp-json\/wp\/v2\/media\/5160"}],"wp:attachment":[{"href":"https:\/\/agora.xtec.cat\/insdesantacoloma\/wp-json\/wp\/v2\/media?parent=5158"}],"wp:term":[{"taxonomy":"category","embeddable":true,"href":"https:\/\/agora.xtec.cat\/insdesantacoloma\/wp-json\/wp\/v2\/categories?post=5158"},{"taxonomy":"post_tag","embeddable":true,"href":"https:\/\/agora.xtec.cat\/insdesantacoloma\/wp-json\/wp\/v2\/tags?post=5158"}],"curies":[{"name":"wp","href":"https:\/\/api.w.org\/{rel}","templated":true}]}}