{"id":5149,"date":"2025-06-02T09:09:02","date_gmt":"2025-06-02T07:09:02","guid":{"rendered":"https:\/\/agora.xtec.cat\/insdesantacoloma\/?p=5149"},"modified":"2025-06-04T10:39:15","modified_gmt":"2025-06-04T08:39:15","slug":"projecte-de-lectura-%f0%9f%93%96","status":"publish","type":"post","link":"https:\/\/agora.xtec.cat\/insdesantacoloma\/general\/projecte-de-lectura-%f0%9f%93%96\/","title":{"rendered":"Projecte de lectura \ud83d\udcd6"},"content":{"rendered":"\n<p>La lectura \u00e9s una eina que ens permet cr\u00e9ixer des de l\u2019enriquiment personal, ja que gr\u00e0cies a ella som capa\u00e7os d\u2019adquirir un munt de coneixements i podem desenvolupar la nostra capacitat d\u2019imaginaci\u00f3 i la nostra creativitat, destreses fonamentals durant tota la vida. Per aix\u00f2, a l\u2019Institut 9 de Santa Coloma de Gramenet considerem que motivar els nostres alumnes per tal que llegeixin cada cop m\u00e9s i esdevinguin lectors capa\u00e7os i aut\u00f2noms t\u00e9 una import\u00e0ncia cabdal dins el nostre projecte educatiu.<\/p>\n\n\n\n<p>Tenint en compte aquesta idea, i despr\u00e9s de molts anys impulsant la lectura al centre amb diverses din\u00e0miques, el curs 2024-2025 hem decidit engegar una nova proposta per aconseguir engrescar els nostres joves amb la lectura: la Fantasy Lectura. La idea principal en la qual es basa tot el projecte \u00e9s que els alumnes comencen el curs sent lectors i finalitzen com a lectors aut\u00f2noms. Per\u00f2 com hem arribat fins aquest punt?<\/p>\n\n\n\n<p>Doncs b\u00e9, abans d\u2019entrar en mat\u00e8ria, cal destacar que al nostre institut fem un sistema de rotacions per tal que els alumnes puguin llegir en catal\u00e0, en castell\u00e0 i en angl\u00e8s. Aix\u00ed, durant cada trimestre tenen l\u2019oportunitat de llegir en cadascuna de les lleng\u00fces que estudien i els oferim la possibilitat d\u2019apropar-se a la lectura des de diferents punts de vista.<\/p>\n\n\n\n<p>Durant el primer trimestre, els alumnes van haver de llegir-se tots el mateix llibre a cada assignatura, \u00e9s a dir, hi havia una lectura obligat\u00f2ria per cadascuna de les mat\u00e8ries de llengua. Per poder fer-ne el seguiment acad\u00e8mic i anar seguint el seu creixement com a lectors, els vam oferir una \u00e0mplia gamma d\u2019activitats i de treballs que anaven des dels m\u00e9s art\u00edstics, com els knollings literaris, fins als m\u00e9s textuals, com la creaci\u00f3 d\u2019una conversa de WhatsApp amb algun personatge del llibre.<\/p>\n\n\n\n<p>Un cop va acabar-se aquesta part, l\u2019arribada del segon trimestre va suposar l\u2019inici de la seg\u00fcent secci\u00f3 del projecte. En aquest cas, els professors els vam fer una proposta de tres llibres a escollir, tamb\u00e9 per a cadascuna de les mat\u00e8ries, i va ser cada alumne qui va decidir quins tres llibres llegir-se, del total de nou que tenien per seleccionar. Quant al seguiment d\u2019aquesta part, vam decidir que es faria una competici\u00f3 basada en reptes: cada alumne havia de superar una s\u00e8rie de proves, relacionades amb les lectures, per tal d\u2019anar aconseguint punts i quedar el m\u00e9s amunt possible en una taula classificat\u00f2ria. D\u2019aquesta forma, hem estat capa\u00e7os d\u2019acompanyar-los en el seu proc\u00e9s d\u2019aprenentatge i hem pogut veure la seva evoluci\u00f3 com a lectors. Ara b\u00e9, quin sentit tindria fer-ne una competici\u00f3 i que no hi hagu\u00e9s cap premi?<\/p>\n\n\n\n<p>Arribem aix\u00ed a l\u2019\u00faltima part del projecte, que es va desenvolupar en el tercer trimestre. En aquest cas, els alumnes guanyadors de les lligues de la Fantasy Lectura han pogut gaudir d\u2019un espai espec\u00edfic que hem creat per impulsar la lectura al centre. Dins d\u2019aquest, els nostres joves tenen una mena de zona <em>chill out <\/em>en la qual poden llegir en un ambient molt m\u00e9s relaxat. Aix\u00ed, durant les hores de lectura del tercer trimestre, alguns dels nostres alumnes han estat sortint de la seva classe per gaudir del seu premi anant a un espai espec\u00edficament dissenyat per a ells. A m\u00e9s a m\u00e9s, en aquesta zona es proposaven diferents activitats per tal de dinamitzar la lectura i, fins i tot, un cop al mes els vam preparar un esmorzar com a premi final al seu esfor\u00e7 i a la seva motivaci\u00f3 per adquirir un bon h\u00e0bit lector.<\/p>\n\n\n\n<p class=\"has-text-align-right\">Autoria Rub\u00e9n Reina (professor de Llengua i Literatura Castellana)<\/p>\n\n\n\n<figure class=\"wp-block-image size-large\"><a href=\"https:\/\/agora.xtec.cat\/insdesantacoloma\/wp-content\/uploads\/usu1849\/2025\/06\/Certificado-de-Reconocimiento-Curso-de-Artes-Ilustrado-Infantil-Multicolor.jpg\"><img loading=\"lazy\" decoding=\"async\" width=\"1024\" height=\"724\" src=\"https:\/\/agora.xtec.cat\/insdesantacoloma\/wp-content\/uploads\/usu1849\/2025\/06\/Certificado-de-Reconocimiento-Curso-de-Artes-Ilustrado-Infantil-Multicolor-1024x724.jpg\" alt=\"\" class=\"wp-image-5154\" srcset=\"https:\/\/agora.xtec.cat\/insdesantacoloma\/wp-content\/uploads\/usu1849\/2025\/06\/Certificado-de-Reconocimiento-Curso-de-Artes-Ilustrado-Infantil-Multicolor-1024x724.jpg 1024w, https:\/\/agora.xtec.cat\/insdesantacoloma\/wp-content\/uploads\/usu1849\/2025\/06\/Certificado-de-Reconocimiento-Curso-de-Artes-Ilustrado-Infantil-Multicolor-300x212.jpg 300w, https:\/\/agora.xtec.cat\/insdesantacoloma\/wp-content\/uploads\/usu1849\/2025\/06\/Certificado-de-Reconocimiento-Curso-de-Artes-Ilustrado-Infantil-Multicolor-768x543.jpg 768w, https:\/\/agora.xtec.cat\/insdesantacoloma\/wp-content\/uploads\/usu1849\/2025\/06\/Certificado-de-Reconocimiento-Curso-de-Artes-Ilustrado-Infantil-Multicolor-1536x1086.jpg 1536w, https:\/\/agora.xtec.cat\/insdesantacoloma\/wp-content\/uploads\/usu1849\/2025\/06\/Certificado-de-Reconocimiento-Curso-de-Artes-Ilustrado-Infantil-Multicolor.jpg 2000w\" sizes=\"auto, (max-width: 1024px) 100vw, 1024px\" \/><\/a><\/figure>\n\n\n\n<p><\/p>\n","protected":false},"excerpt":{"rendered":"<p>La lectura \u00e9s una eina que ens permet cr\u00e9ixer des de l\u2019enriquiment personal, ja que gr\u00e0cies a ella som capa\u00e7os [&hellip;]<\/p>\n","protected":false},"author":1,"featured_media":5156,"comment_status":"open","ping_status":"open","sticky":false,"template":"","format":"standard","meta":{"_bbp_topic_count":0,"_bbp_reply_count":0,"_bbp_total_topic_count":0,"_bbp_total_reply_count":0,"_bbp_voice_count":0,"_bbp_anonymous_reply_count":0,"_bbp_topic_count_hidden":0,"_bbp_reply_count_hidden":0,"_bbp_forum_subforum_count":0,"site-sidebar-layout":"default","site-content-layout":"","ast-site-content-layout":"default","site-content-style":"default","site-sidebar-style":"default","ast-global-header-display":"","ast-banner-title-visibility":"","ast-main-header-display":"","ast-hfb-above-header-display":"","ast-hfb-below-header-display":"","ast-hfb-mobile-header-display":"","site-post-title":"","ast-breadcrumbs-content":"","ast-featured-img":"","footer-sml-layout":"","theme-transparent-header-meta":"","adv-header-id-meta":"","stick-header-meta":"","header-above-stick-meta":"","header-main-stick-meta":"","header-below-stick-meta":"","astra-migrate-meta-layouts":"set","ast-page-background-enabled":"default","ast-page-background-meta":{"desktop":{"background-color":"var(--ast-global-color-4)","background-image":"","background-repeat":"repeat","background-position":"center center","background-size":"auto","background-attachment":"scroll","background-type":"","background-media":"","overlay-type":"","overlay-color":"","overlay-opacity":"","overlay-gradient":""},"tablet":{"background-color":"","background-image":"","background-repeat":"repeat","background-position":"center center","background-size":"auto","background-attachment":"scroll","background-type":"","background-media":"","overlay-type":"","overlay-color":"","overlay-opacity":"","overlay-gradient":""},"mobile":{"background-color":"","background-image":"","background-repeat":"repeat","background-position":"center center","background-size":"auto","background-attachment":"scroll","background-type":"","background-media":"","overlay-type":"","overlay-color":"","overlay-opacity":"","overlay-gradient":""}},"ast-content-background-meta":{"desktop":{"background-color":"var(--ast-global-color-5)","background-image":"","background-repeat":"repeat","background-position":"center center","background-size":"auto","background-attachment":"scroll","background-type":"","background-media":"","overlay-type":"","overlay-color":"","overlay-opacity":"","overlay-gradient":""},"tablet":{"background-color":"var(--ast-global-color-5)","background-image":"","background-repeat":"repeat","background-position":"center center","background-size":"auto","background-attachment":"scroll","background-type":"","background-media":"","overlay-type":"","overlay-color":"","overlay-opacity":"","overlay-gradient":""},"mobile":{"background-color":"var(--ast-global-color-5)","background-image":"","background-repeat":"repeat","background-position":"center center","background-size":"auto","background-attachment":"scroll","background-type":"","background-media":"","overlay-type":"","overlay-color":"","overlay-opacity":"","overlay-gradient":""}},"footnotes":""},"categories":[3,1,29],"tags":[],"class_list":["post-5149","post","type-post","status-publish","format-standard","has-post-thumbnail","hentry","category-eso","category-general","category-portada"],"post_mailing_queue_ids":[],"_links":{"self":[{"href":"https:\/\/agora.xtec.cat\/insdesantacoloma\/wp-json\/wp\/v2\/posts\/5149","targetHints":{"allow":["GET"]}}],"collection":[{"href":"https:\/\/agora.xtec.cat\/insdesantacoloma\/wp-json\/wp\/v2\/posts"}],"about":[{"href":"https:\/\/agora.xtec.cat\/insdesantacoloma\/wp-json\/wp\/v2\/types\/post"}],"author":[{"embeddable":true,"href":"https:\/\/agora.xtec.cat\/insdesantacoloma\/wp-json\/wp\/v2\/users\/1"}],"replies":[{"embeddable":true,"href":"https:\/\/agora.xtec.cat\/insdesantacoloma\/wp-json\/wp\/v2\/comments?post=5149"}],"version-history":[{"count":3,"href":"https:\/\/agora.xtec.cat\/insdesantacoloma\/wp-json\/wp\/v2\/posts\/5149\/revisions"}],"predecessor-version":[{"id":5167,"href":"https:\/\/agora.xtec.cat\/insdesantacoloma\/wp-json\/wp\/v2\/posts\/5149\/revisions\/5167"}],"wp:featuredmedia":[{"embeddable":true,"href":"https:\/\/agora.xtec.cat\/insdesantacoloma\/wp-json\/wp\/v2\/media\/5156"}],"wp:attachment":[{"href":"https:\/\/agora.xtec.cat\/insdesantacoloma\/wp-json\/wp\/v2\/media?parent=5149"}],"wp:term":[{"taxonomy":"category","embeddable":true,"href":"https:\/\/agora.xtec.cat\/insdesantacoloma\/wp-json\/wp\/v2\/categories?post=5149"},{"taxonomy":"post_tag","embeddable":true,"href":"https:\/\/agora.xtec.cat\/insdesantacoloma\/wp-json\/wp\/v2\/tags?post=5149"}],"curies":[{"name":"wp","href":"https:\/\/api.w.org\/{rel}","templated":true}]}}