{"id":5132,"date":"2025-05-05T10:56:34","date_gmt":"2025-05-05T08:56:34","guid":{"rendered":"https:\/\/agora.xtec.cat\/insdesantacoloma\/?p=5132"},"modified":"2025-05-05T13:46:04","modified_gmt":"2025-05-05T11:46:04","slug":"sant-jordi-2025","status":"publish","type":"post","link":"https:\/\/agora.xtec.cat\/insdesantacoloma\/general\/sant-jordi-2025\/","title":{"rendered":"SANT JORDI 2025"},"content":{"rendered":"\n<p>El passat <strong>23 d\u2019abril<\/strong>, l\u2019esperit de Sant Jordi va omplir els passadissos i la CIBA amb una festa plena de cultura, emoci\u00f3 i creativitat. Per\u00f2 aquest any, la diada va tenir un valor afegit molt especial: <strong>tota la celebraci\u00f3 va ser ideada, organitzada i dinamitzada per l\u2019alumnat de 3r d\u2019ESO<\/strong>.<\/p>\n\n\n\n<p>Amb una gran implicaci\u00f3 i entusiasme, els i les alumnes van assumir la responsabilitat de donar forma a la festa, des del disseny del programa fins a l\u2019execuci\u00f3 de les activitats. Durant setmanes pr\u00e8vies, els diferents grups van treballar en comissions encarregades de diferents \u00e0mbits: escenografia, comunicaci\u00f3, log\u00edstica, activitats l\u00fadiques i lectura.<\/p>\n\n\n\n<p>Entre les activitats destacades hi va haver un <strong>concurs de microrelats<\/strong>, un espai de <strong>lectura en veu alta multiling\u00fce<\/strong>, alumnat d&#8217;<strong>Erasmus +<\/strong> de Brussel\u00b7les.<\/p>\n\n\n\n<p>Gr\u00e0cies a la seva iniciativa, esfor\u00e7 i comprom\u00eds, els nois i noies de 3r d\u2019ESO van demostrar que la joventut t\u00e9 molt a dir i a aportar. El seu lideratge ha estat clau per transformar la diada de Sant Jordi en una festa viva, participativa i plena de sentit.<\/p>\n\n\n\n<p>Des del centre, volem felicitar-los i agrair-los <strong>una diada inoblidable que ha deixat empremta en tota la comunitat educativa<\/strong>.<\/p>\n\n\n\n<p>Us deixem el v\u00eddeo d&#8217;aquell dia. <\/p>\n\n\n\n<p><\/p>\n\n\n\n<div class=\"wp-block-buttons is-layout-flex wp-block-buttons-is-layout-flex\">\n<div class=\"wp-block-button\"><a class=\"wp-block-button__link wp-element-button\" href=\"https:\/\/drive.google.com\/file\/d\/1w2JlisXeL9ZV4RKd08cLYBWLjofkftdW\/view?usp=drive_link\">SANT JORDI 2025<\/a><\/div>\n<\/div>\n","protected":false},"excerpt":{"rendered":"<p>El passat 23 d\u2019abril, l\u2019esperit de Sant Jordi va omplir els passadissos i la CIBA amb una festa plena de [&hellip;]<\/p>\n","protected":false},"author":1,"featured_media":5136,"comment_status":"open","ping_status":"open","sticky":false,"template":"","format":"standard","meta":{"_bbp_topic_count":0,"_bbp_reply_count":0,"_bbp_total_topic_count":0,"_bbp_total_reply_count":0,"_bbp_voice_count":0,"_bbp_anonymous_reply_count":0,"_bbp_topic_count_hidden":0,"_bbp_reply_count_hidden":0,"_bbp_forum_subforum_count":0,"site-sidebar-layout":"default","site-content-layout":"","ast-site-content-layout":"default","site-content-style":"default","site-sidebar-style":"default","ast-global-header-display":"","ast-banner-title-visibility":"","ast-main-header-display":"","ast-hfb-above-header-display":"","ast-hfb-below-header-display":"","ast-hfb-mobile-header-display":"","site-post-title":"","ast-breadcrumbs-content":"","ast-featured-img":"","footer-sml-layout":"","theme-transparent-header-meta":"","adv-header-id-meta":"","stick-header-meta":"","header-above-stick-meta":"","header-main-stick-meta":"","header-below-stick-meta":"","astra-migrate-meta-layouts":"set","ast-page-background-enabled":"default","ast-page-background-meta":{"desktop":{"background-color":"var(--ast-global-color-4)","background-image":"","background-repeat":"repeat","background-position":"center center","background-size":"auto","background-attachment":"scroll","background-type":"","background-media":"","overlay-type":"","overlay-color":"","overlay-opacity":"","overlay-gradient":""},"tablet":{"background-color":"","background-image":"","background-repeat":"repeat","background-position":"center center","background-size":"auto","background-attachment":"scroll","background-type":"","background-media":"","overlay-type":"","overlay-color":"","overlay-opacity":"","overlay-gradient":""},"mobile":{"background-color":"","background-image":"","background-repeat":"repeat","background-position":"center center","background-size":"auto","background-attachment":"scroll","background-type":"","background-media":"","overlay-type":"","overlay-color":"","overlay-opacity":"","overlay-gradient":""}},"ast-content-background-meta":{"desktop":{"background-color":"var(--ast-global-color-5)","background-image":"","background-repeat":"repeat","background-position":"center center","background-size":"auto","background-attachment":"scroll","background-type":"","background-media":"","overlay-type":"","overlay-color":"","overlay-opacity":"","overlay-gradient":""},"tablet":{"background-color":"var(--ast-global-color-5)","background-image":"","background-repeat":"repeat","background-position":"center center","background-size":"auto","background-attachment":"scroll","background-type":"","background-media":"","overlay-type":"","overlay-color":"","overlay-opacity":"","overlay-gradient":""},"mobile":{"background-color":"var(--ast-global-color-5)","background-image":"","background-repeat":"repeat","background-position":"center center","background-size":"auto","background-attachment":"scroll","background-type":"","background-media":"","overlay-type":"","overlay-color":"","overlay-opacity":"","overlay-gradient":""}},"footnotes":""},"categories":[3,1,29],"tags":[],"class_list":["post-5132","post","type-post","status-publish","format-standard","has-post-thumbnail","hentry","category-eso","category-general","category-portada"],"post_mailing_queue_ids":[],"_links":{"self":[{"href":"https:\/\/agora.xtec.cat\/insdesantacoloma\/wp-json\/wp\/v2\/posts\/5132","targetHints":{"allow":["GET"]}}],"collection":[{"href":"https:\/\/agora.xtec.cat\/insdesantacoloma\/wp-json\/wp\/v2\/posts"}],"about":[{"href":"https:\/\/agora.xtec.cat\/insdesantacoloma\/wp-json\/wp\/v2\/types\/post"}],"author":[{"embeddable":true,"href":"https:\/\/agora.xtec.cat\/insdesantacoloma\/wp-json\/wp\/v2\/users\/1"}],"replies":[{"embeddable":true,"href":"https:\/\/agora.xtec.cat\/insdesantacoloma\/wp-json\/wp\/v2\/comments?post=5132"}],"version-history":[{"count":1,"href":"https:\/\/agora.xtec.cat\/insdesantacoloma\/wp-json\/wp\/v2\/posts\/5132\/revisions"}],"predecessor-version":[{"id":5133,"href":"https:\/\/agora.xtec.cat\/insdesantacoloma\/wp-json\/wp\/v2\/posts\/5132\/revisions\/5133"}],"wp:featuredmedia":[{"embeddable":true,"href":"https:\/\/agora.xtec.cat\/insdesantacoloma\/wp-json\/wp\/v2\/media\/5136"}],"wp:attachment":[{"href":"https:\/\/agora.xtec.cat\/insdesantacoloma\/wp-json\/wp\/v2\/media?parent=5132"}],"wp:term":[{"taxonomy":"category","embeddable":true,"href":"https:\/\/agora.xtec.cat\/insdesantacoloma\/wp-json\/wp\/v2\/categories?post=5132"},{"taxonomy":"post_tag","embeddable":true,"href":"https:\/\/agora.xtec.cat\/insdesantacoloma\/wp-json\/wp\/v2\/tags?post=5132"}],"curies":[{"name":"wp","href":"https:\/\/api.w.org\/{rel}","templated":true}]}}