{"id":4790,"date":"2025-02-05T19:57:32","date_gmt":"2025-02-05T18:57:32","guid":{"rendered":"https:\/\/agora.xtec.cat\/insdesantacoloma\/?p=4790"},"modified":"2025-03-11T13:48:28","modified_gmt":"2025-03-11T12:48:28","slug":"erasmus","status":"publish","type":"post","link":"https:\/\/agora.xtec.cat\/insdesantacoloma\/eso\/erasmus\/","title":{"rendered":"ERASMUS +"},"content":{"rendered":"<p><a href=\"https:\/\/agora.xtec.cat\/insdesantacoloma\/wp-content\/uploads\/usu1849\/2025\/02\/images-1.png\"><img loading=\"lazy\" decoding=\"async\" class=\" wp-image-4791 alignleft\" src=\"https:\/\/agora.xtec.cat\/insdesantacoloma\/wp-content\/uploads\/usu1849\/2025\/02\/images-1-300x134.png\" alt=\"\" width=\"275\" height=\"123\" srcset=\"https:\/\/agora.xtec.cat\/insdesantacoloma\/wp-content\/uploads\/usu1849\/2025\/02\/images-1-300x134.png 300w, https:\/\/agora.xtec.cat\/insdesantacoloma\/wp-content\/uploads\/usu1849\/2025\/02\/images-1.png 336w\" sizes=\"auto, (max-width: 275px) 100vw, 275px\" \/><\/a><i>Cosmopolitanism back and forth<\/i> \u00e9s el t\u00edtol del projecte d&#8217;Erasmus+ que la Uni\u00f3 Europea ens ha atorgat a l&#8217;Institut 9. Ens hem de sentir molt afortunats, ja que formem part del 14% dels centres aplicats a qui se&#8217;ls ha concedit l&#8217;ajut! Aquest projecte es dur\u00e0 a terme durant els cursos acad\u00e8mics 2024-2025 i 2025-2026 i s&#8217;emmarca dins del TG d&#8217;Avancem &#8220;Fem Santa Coloma&#8221; que es duu a terme a 3r d&#8217;ESO. La nostra proposta es basa en tres eixos: la millora de la compet\u00e8ncia ling\u00fc\u00edstica en angl\u00e8s de l&#8217;alumnat, la participaci\u00f3 d&#8217;aquest en el teixit associatiu de la ciutat de Santa Coloma de Gramenet, i el desenvolupament i la implementaci\u00f3 de la metodologia AICLE \/CLIL per part del professorat.<\/p>\n<p>Per tal d&#8217;aconseguir assolir aquests objectius, es duran a terme diverses activitats. La primera \u00e9s la realitzaci\u00f3 de diverses mobilitats per part de l&#8217;alumnat: dues per al curs 2024-2025 i dues per al curs 2025-2026. Enguany l&#8217;alumnat seleccionat marxar\u00e0 uns dies a Brussel\u00b7les i a Bolonya, aix\u00ed com rebrem a l&#8217;institut diversos alumnes dels centres acollidors. En aquest sentit, ja s&#8217;ha fet la visita preparat\u00f2ria al centre belga, aix\u00ed com hem rebut els seus docents. Igualment, tamb\u00e9 es preveuen diverses accions de qu\u00e8 prendr\u00e0 part el professorat: un\u00a0<i>jobshadowing<\/i>\u00a0a un centre encara per determinar i un curs de formaci\u00f3 en metodologia CLIL.<\/p>\n<p>Ben segur que aquest projecte enriquir\u00e0 l&#8217;experi\u00e8ncia de tota la comunitat educativa del centre. Europe, here we go!<\/p>\n<div><\/div>\n<div><a href=\"https:\/\/agora.xtec.cat\/insdesantacoloma\/wp-content\/uploads\/usu1849\/2025\/02\/IMG_20250120_112549-scaled.jpg\"><img loading=\"lazy\" decoding=\"async\" class=\"alignnone size-medium wp-image-4792\" src=\"https:\/\/agora.xtec.cat\/insdesantacoloma\/wp-content\/uploads\/usu1849\/2025\/02\/IMG_20250120_112549-225x300.jpg\" alt=\"\" width=\"225\" height=\"300\" srcset=\"https:\/\/agora.xtec.cat\/insdesantacoloma\/wp-content\/uploads\/usu1849\/2025\/02\/IMG_20250120_112549-225x300.jpg 225w, https:\/\/agora.xtec.cat\/insdesantacoloma\/wp-content\/uploads\/usu1849\/2025\/02\/IMG_20250120_112549-768x1024.jpg 768w, https:\/\/agora.xtec.cat\/insdesantacoloma\/wp-content\/uploads\/usu1849\/2025\/02\/IMG_20250120_112549-1152x1536.jpg 1152w, https:\/\/agora.xtec.cat\/insdesantacoloma\/wp-content\/uploads\/usu1849\/2025\/02\/IMG_20250120_112549-1536x2048.jpg 1536w, https:\/\/agora.xtec.cat\/insdesantacoloma\/wp-content\/uploads\/usu1849\/2025\/02\/IMG_20250120_112549-scaled.jpg 1920w\" sizes=\"auto, (max-width: 225px) 100vw, 225px\" \/><\/a> <a href=\"https:\/\/agora.xtec.cat\/insdesantacoloma\/wp-content\/uploads\/usu1849\/2025\/02\/IMG-20250124-WA0012.jpg\"><img loading=\"lazy\" decoding=\"async\" class=\"alignnone size-medium wp-image-4793\" src=\"https:\/\/agora.xtec.cat\/insdesantacoloma\/wp-content\/uploads\/usu1849\/2025\/02\/IMG-20250124-WA0012-169x300.jpg\" alt=\"\" width=\"169\" height=\"300\" srcset=\"https:\/\/agora.xtec.cat\/insdesantacoloma\/wp-content\/uploads\/usu1849\/2025\/02\/IMG-20250124-WA0012-169x300.jpg 169w, https:\/\/agora.xtec.cat\/insdesantacoloma\/wp-content\/uploads\/usu1849\/2025\/02\/IMG-20250124-WA0012-576x1024.jpg 576w, https:\/\/agora.xtec.cat\/insdesantacoloma\/wp-content\/uploads\/usu1849\/2025\/02\/IMG-20250124-WA0012-768x1365.jpg 768w, https:\/\/agora.xtec.cat\/insdesantacoloma\/wp-content\/uploads\/usu1849\/2025\/02\/IMG-20250124-WA0012-864x1536.jpg 864w, https:\/\/agora.xtec.cat\/insdesantacoloma\/wp-content\/uploads\/usu1849\/2025\/02\/IMG-20250124-WA0012.jpg 900w\" sizes=\"auto, (max-width: 169px) 100vw, 169px\" \/><\/a><\/div>\n<div><\/div>\n<div><\/div>\n","protected":false},"excerpt":{"rendered":"<p>Cosmopolitanism back and forth \u00e9s el t\u00edtol del projecte d&#8217;Erasmus+ que la Uni\u00f3 Europea ens ha atorgat a l&#8217;Institut 9. [&hellip;]<\/p>\n","protected":false},"author":1,"featured_media":4992,"comment_status":"open","ping_status":"closed","sticky":true,"template":"","format":"standard","meta":{"_bbp_topic_count":0,"_bbp_reply_count":0,"_bbp_total_topic_count":0,"_bbp_total_reply_count":0,"_bbp_voice_count":0,"_bbp_anonymous_reply_count":0,"_bbp_topic_count_hidden":0,"_bbp_reply_count_hidden":0,"_bbp_forum_subforum_count":0,"site-sidebar-layout":"default","site-content-layout":"","ast-site-content-layout":"default","site-content-style":"default","site-sidebar-style":"default","ast-global-header-display":"","ast-banner-title-visibility":"","ast-main-header-display":"","ast-hfb-above-header-display":"","ast-hfb-below-header-display":"","ast-hfb-mobile-header-display":"","site-post-title":"","ast-breadcrumbs-content":"","ast-featured-img":"","footer-sml-layout":"","theme-transparent-header-meta":"","adv-header-id-meta":"","stick-header-meta":"","header-above-stick-meta":"","header-main-stick-meta":"","header-below-stick-meta":"","astra-migrate-meta-layouts":"set","ast-page-background-enabled":"default","ast-page-background-meta":{"desktop":{"background-color":"var(--ast-global-color-4)","background-image":"","background-repeat":"repeat","background-position":"center center","background-size":"auto","background-attachment":"scroll","background-type":"","background-media":"","overlay-type":"","overlay-color":"","overlay-opacity":"","overlay-gradient":""},"tablet":{"background-color":"","background-image":"","background-repeat":"repeat","background-position":"center center","background-size":"auto","background-attachment":"scroll","background-type":"","background-media":"","overlay-type":"","overlay-color":"","overlay-opacity":"","overlay-gradient":""},"mobile":{"background-color":"","background-image":"","background-repeat":"repeat","background-position":"center center","background-size":"auto","background-attachment":"scroll","background-type":"","background-media":"","overlay-type":"","overlay-color":"","overlay-opacity":"","overlay-gradient":""}},"ast-content-background-meta":{"desktop":{"background-color":"var(--ast-global-color-5)","background-image":"","background-repeat":"repeat","background-position":"center center","background-size":"auto","background-attachment":"scroll","background-type":"","background-media":"","overlay-type":"","overlay-color":"","overlay-opacity":"","overlay-gradient":""},"tablet":{"background-color":"var(--ast-global-color-5)","background-image":"","background-repeat":"repeat","background-position":"center center","background-size":"auto","background-attachment":"scroll","background-type":"","background-media":"","overlay-type":"","overlay-color":"","overlay-opacity":"","overlay-gradient":""},"mobile":{"background-color":"var(--ast-global-color-5)","background-image":"","background-repeat":"repeat","background-position":"center center","background-size":"auto","background-attachment":"scroll","background-type":"","background-media":"","overlay-type":"","overlay-color":"","overlay-opacity":"","overlay-gradient":""}},"footnotes":""},"categories":[3,29],"tags":[],"class_list":["post-4790","post","type-post","status-publish","format-standard","has-post-thumbnail","hentry","category-eso","category-portada"],"post_mailing_queue_ids":[],"_links":{"self":[{"href":"https:\/\/agora.xtec.cat\/insdesantacoloma\/wp-json\/wp\/v2\/posts\/4790","targetHints":{"allow":["GET"]}}],"collection":[{"href":"https:\/\/agora.xtec.cat\/insdesantacoloma\/wp-json\/wp\/v2\/posts"}],"about":[{"href":"https:\/\/agora.xtec.cat\/insdesantacoloma\/wp-json\/wp\/v2\/types\/post"}],"author":[{"embeddable":true,"href":"https:\/\/agora.xtec.cat\/insdesantacoloma\/wp-json\/wp\/v2\/users\/1"}],"replies":[{"embeddable":true,"href":"https:\/\/agora.xtec.cat\/insdesantacoloma\/wp-json\/wp\/v2\/comments?post=4790"}],"version-history":[{"count":5,"href":"https:\/\/agora.xtec.cat\/insdesantacoloma\/wp-json\/wp\/v2\/posts\/4790\/revisions"}],"predecessor-version":[{"id":4847,"href":"https:\/\/agora.xtec.cat\/insdesantacoloma\/wp-json\/wp\/v2\/posts\/4790\/revisions\/4847"}],"wp:featuredmedia":[{"embeddable":true,"href":"https:\/\/agora.xtec.cat\/insdesantacoloma\/wp-json\/wp\/v2\/media\/4992"}],"wp:attachment":[{"href":"https:\/\/agora.xtec.cat\/insdesantacoloma\/wp-json\/wp\/v2\/media?parent=4790"}],"wp:term":[{"taxonomy":"category","embeddable":true,"href":"https:\/\/agora.xtec.cat\/insdesantacoloma\/wp-json\/wp\/v2\/categories?post=4790"},{"taxonomy":"post_tag","embeddable":true,"href":"https:\/\/agora.xtec.cat\/insdesantacoloma\/wp-json\/wp\/v2\/tags?post=4790"}],"curies":[{"name":"wp","href":"https:\/\/api.w.org\/{rel}","templated":true}]}}