{"id":4715,"date":"2025-01-23T15:53:03","date_gmt":"2025-01-23T14:53:03","guid":{"rendered":"https:\/\/agora.xtec.cat\/insdesantacoloma\/?p=4715"},"modified":"2025-03-11T13:50:24","modified_gmt":"2025-03-11T12:50:24","slug":"cursa-solidaria-save-the-children","status":"publish","type":"post","link":"https:\/\/agora.xtec.cat\/insdesantacoloma\/general\/cursa-solidaria-save-the-children\/","title":{"rendered":"CURSA SOLID\u00c0RIA"},"content":{"rendered":"<p>Aquest any al centre hem corregut la <strong><span style=\"color: #33cccc;\">5a cursa Solid\u00e0ria<\/span><\/strong>. L&#8217;alumnat de 1r d&#8217;ESO encarregat d&#8217;aquest esdeveniment tan important per nosaltres ha treballat durant les \u00faltimes setmanes de desembre per dur a terme aquest dia. Des de les diferents mat\u00e8ries han promocionat la cursa amb cartells, han creat polseres solid\u00e0ries a trav\u00e9s de la mat\u00e8ria de tecnologia per una paradeta que tamb\u00e9 es va fer el dia de la cursa, entre d&#8217;altres.<\/p>\n<p><span style=\"font-family: inherit; font-size: 1em;\">L&#8217;Institut, a trav\u00e9s de la cursa solid\u00e0ria va recaptar fons per a les<strong><span style=\"color: #33cccc;\"> v\u00edctimes de la DANA<\/span><\/strong> del poble ve\u00ed, amb la col\u00b7laboraci\u00f3 de Save the Children. L&#8217;activitat va comptar amb la participaci\u00f3 de l&#8217;alumnat, professorat, i fam\u00edlies. Els diners recaptats es destinaran a l&#8217;ajuda humanit\u00e0ria urgent per a nens i nenes afectats per la tempesta, especialment en \u00e0rees com l&#8217;educaci\u00f3. A m\u00e9s hem contactat amb un institut d&#8217;Algemes\u00ed i ens hem agermanat.\u00a0 (<strong><span style=\"color: #33cccc;\">IES Agermanats &#8211; IES Bernat Guinovart d&#8217;Algemes\u00ed i Institut 9 de Santa Coloma de Gramenet<\/span><\/strong>).<\/span><\/p>\n<p><a href=\"https:\/\/agora.xtec.cat\/insdesantacoloma\/wp-content\/uploads\/usu1849\/2025\/01\/IMG_3689.heic\"><img decoding=\"async\" class=\"size-full wp-image-4722 aligncenter\" src=\"https:\/\/agora.xtec.cat\/insdesantacoloma\/wp-content\/uploads\/usu1849\/2025\/01\/IMG_3689.heic\" alt=\"\" \/><\/a><\/p>\n<p>Gr\u00e0cies a la gran implicaci\u00f3 de la comunitat educativa (alumnat, professorat i fam\u00edlies), l\u2019esdeveniment va ser un \u00e8xit, demostrant el poder de la solidaritat per ajudar aquells que m\u00e9s ho necessiten.<\/p>\n<p><a href=\"https:\/\/agora.xtec.cat\/insdesantacoloma\/wp-content\/uploads\/usu1849\/2025\/01\/IMG_3691.heic\"><img decoding=\"async\" class=\"size-full wp-image-4718 aligncenter\" src=\"https:\/\/agora.xtec.cat\/insdesantacoloma\/wp-content\/uploads\/usu1849\/2025\/01\/IMG_3691.heic\" alt=\"\" \/><\/a><\/p>\n","protected":false},"excerpt":{"rendered":"<p>Aquest any al centre hem corregut la 5a cursa Solid\u00e0ria. L&#8217;alumnat de 1r d&#8217;ESO encarregat d&#8217;aquest esdeveniment tan important per [&hellip;]<\/p>\n","protected":false},"author":1,"featured_media":4996,"comment_status":"open","ping_status":"closed","sticky":true,"template":"","format":"standard","meta":{"_bbp_topic_count":0,"_bbp_reply_count":0,"_bbp_total_topic_count":0,"_bbp_total_reply_count":0,"_bbp_voice_count":0,"_bbp_anonymous_reply_count":0,"_bbp_topic_count_hidden":0,"_bbp_reply_count_hidden":0,"_bbp_forum_subforum_count":0,"site-sidebar-layout":"default","site-content-layout":"","ast-site-content-layout":"default","site-content-style":"default","site-sidebar-style":"default","ast-global-header-display":"","ast-banner-title-visibility":"","ast-main-header-display":"","ast-hfb-above-header-display":"","ast-hfb-below-header-display":"","ast-hfb-mobile-header-display":"","site-post-title":"","ast-breadcrumbs-content":"","ast-featured-img":"","footer-sml-layout":"","theme-transparent-header-meta":"","adv-header-id-meta":"","stick-header-meta":"","header-above-stick-meta":"","header-main-stick-meta":"","header-below-stick-meta":"","astra-migrate-meta-layouts":"set","ast-page-background-enabled":"default","ast-page-background-meta":{"desktop":{"background-color":"var(--ast-global-color-4)","background-image":"","background-repeat":"repeat","background-position":"center center","background-size":"auto","background-attachment":"scroll","background-type":"","background-media":"","overlay-type":"","overlay-color":"","overlay-opacity":"","overlay-gradient":""},"tablet":{"background-color":"","background-image":"","background-repeat":"repeat","background-position":"center center","background-size":"auto","background-attachment":"scroll","background-type":"","background-media":"","overlay-type":"","overlay-color":"","overlay-opacity":"","overlay-gradient":""},"mobile":{"background-color":"","background-image":"","background-repeat":"repeat","background-position":"center center","background-size":"auto","background-attachment":"scroll","background-type":"","background-media":"","overlay-type":"","overlay-color":"","overlay-opacity":"","overlay-gradient":""}},"ast-content-background-meta":{"desktop":{"background-color":"var(--ast-global-color-5)","background-image":"","background-repeat":"repeat","background-position":"center center","background-size":"auto","background-attachment":"scroll","background-type":"","background-media":"","overlay-type":"","overlay-color":"","overlay-opacity":"","overlay-gradient":""},"tablet":{"background-color":"var(--ast-global-color-5)","background-image":"","background-repeat":"repeat","background-position":"center center","background-size":"auto","background-attachment":"scroll","background-type":"","background-media":"","overlay-type":"","overlay-color":"","overlay-opacity":"","overlay-gradient":""},"mobile":{"background-color":"var(--ast-global-color-5)","background-image":"","background-repeat":"repeat","background-position":"center center","background-size":"auto","background-attachment":"scroll","background-type":"","background-media":"","overlay-type":"","overlay-color":"","overlay-opacity":"","overlay-gradient":""}},"footnotes":""},"categories":[3,1,29],"tags":[],"class_list":["post-4715","post","type-post","status-publish","format-standard","has-post-thumbnail","hentry","category-eso","category-general","category-portada"],"post_mailing_queue_ids":[],"_links":{"self":[{"href":"https:\/\/agora.xtec.cat\/insdesantacoloma\/wp-json\/wp\/v2\/posts\/4715","targetHints":{"allow":["GET"]}}],"collection":[{"href":"https:\/\/agora.xtec.cat\/insdesantacoloma\/wp-json\/wp\/v2\/posts"}],"about":[{"href":"https:\/\/agora.xtec.cat\/insdesantacoloma\/wp-json\/wp\/v2\/types\/post"}],"author":[{"embeddable":true,"href":"https:\/\/agora.xtec.cat\/insdesantacoloma\/wp-json\/wp\/v2\/users\/1"}],"replies":[{"embeddable":true,"href":"https:\/\/agora.xtec.cat\/insdesantacoloma\/wp-json\/wp\/v2\/comments?post=4715"}],"version-history":[{"count":6,"href":"https:\/\/agora.xtec.cat\/insdesantacoloma\/wp-json\/wp\/v2\/posts\/4715\/revisions"}],"predecessor-version":[{"id":4860,"href":"https:\/\/agora.xtec.cat\/insdesantacoloma\/wp-json\/wp\/v2\/posts\/4715\/revisions\/4860"}],"wp:featuredmedia":[{"embeddable":true,"href":"https:\/\/agora.xtec.cat\/insdesantacoloma\/wp-json\/wp\/v2\/media\/4996"}],"wp:attachment":[{"href":"https:\/\/agora.xtec.cat\/insdesantacoloma\/wp-json\/wp\/v2\/media?parent=4715"}],"wp:term":[{"taxonomy":"category","embeddable":true,"href":"https:\/\/agora.xtec.cat\/insdesantacoloma\/wp-json\/wp\/v2\/categories?post=4715"},{"taxonomy":"post_tag","embeddable":true,"href":"https:\/\/agora.xtec.cat\/insdesantacoloma\/wp-json\/wp\/v2\/tags?post=4715"}],"curies":[{"name":"wp","href":"https:\/\/api.w.org\/{rel}","templated":true}]}}