{"id":4703,"date":"2024-11-07T17:45:24","date_gmt":"2024-11-07T16:45:24","guid":{"rendered":"https:\/\/agora.xtec.cat\/insdesantacoloma\/?p=4703"},"modified":"2025-03-05T18:21:00","modified_gmt":"2025-03-05T17:21:00","slug":"castaween-2024","status":"publish","type":"post","link":"https:\/\/agora.xtec.cat\/insdesantacoloma\/general\/castaween-2024\/","title":{"rendered":"ESDEVENIMENT: CASTAWEEN 2024"},"content":{"rendered":"<p>Com cada curs, tornem a repetir la primera festivitat del curs: <strong><span style=\"color: #33cccc;\">el Castaween<\/span><\/strong>, festa que organitza l&#8217;alumnat de 4t d&#8217;ESO a trav\u00e9s d&#8217;un projecte transversal de les diferents mat\u00e8ries del curs: economia, arts esc\u00e8niques, matem\u00e0tiques, Visual i Pl\u00e0stica, entre d&#8217;altres. Aquest any ha disposat de quatre espais ben diferents: hist\u00f2ries de por, enigmes terror\u00edfics, paradetes amb castanyes, crispetes i begudes i el nostre magn\u00edfic T\u00fanel del Terror.<\/p>\n<p>Com cada any, ha estat un \u00e8xit i l&#8217;alumnat o ha gaudit molt.<\/p>\n<p><a href=\"https:\/\/agora.xtec.cat\/insdesantacoloma\/wp-content\/uploads\/usu1849\/2024\/11\/Captura-de-pantalla-2024-11-07-174310.png\"><img loading=\"lazy\" decoding=\"async\" class=\"alignnone size-medium wp-image-4704\" src=\"https:\/\/agora.xtec.cat\/insdesantacoloma\/wp-content\/uploads\/usu1849\/2024\/11\/Captura-de-pantalla-2024-11-07-174310-300x159.png\" alt=\"\" width=\"300\" height=\"159\" srcset=\"https:\/\/agora.xtec.cat\/insdesantacoloma\/wp-content\/uploads\/usu1849\/2024\/11\/Captura-de-pantalla-2024-11-07-174310-300x159.png 300w, https:\/\/agora.xtec.cat\/insdesantacoloma\/wp-content\/uploads\/usu1849\/2024\/11\/Captura-de-pantalla-2024-11-07-174310-1024x544.png 1024w, https:\/\/agora.xtec.cat\/insdesantacoloma\/wp-content\/uploads\/usu1849\/2024\/11\/Captura-de-pantalla-2024-11-07-174310-768x408.png 768w, https:\/\/agora.xtec.cat\/insdesantacoloma\/wp-content\/uploads\/usu1849\/2024\/11\/Captura-de-pantalla-2024-11-07-174310.png 1108w\" sizes=\"auto, (max-width: 300px) 100vw, 300px\" \/><\/a><\/p>\n<p>Us deixem un petit tastet d&#8217;aquell dia!<\/p>\n<p><a href=\"https:\/\/drive.google.com\/file\/d\/1Fw0w2xYTpv9GkAyruuEt7xpTLxPAjJ3d\/view?usp=sharing\" target=\"_blank\" rel=\"noopener\">V\u00cdDEO CASTAWEEN 2024<\/a><\/p>\n","protected":false},"excerpt":{"rendered":"<p>Com cada curs, tornem a repetir la primera festivitat del curs: el Castaween, festa que organitza l&#8217;alumnat de 4t d&#8217;ESO [&hellip;]<\/p>\n","protected":false},"author":1,"featured_media":4866,"comment_status":"open","ping_status":"closed","sticky":true,"template":"","format":"standard","meta":{"_bbp_topic_count":0,"_bbp_reply_count":0,"_bbp_total_topic_count":0,"_bbp_total_reply_count":0,"_bbp_voice_count":0,"_bbp_anonymous_reply_count":0,"_bbp_topic_count_hidden":0,"_bbp_reply_count_hidden":0,"_bbp_forum_subforum_count":0,"site-sidebar-layout":"default","site-content-layout":"","ast-site-content-layout":"default","site-content-style":"default","site-sidebar-style":"default","ast-global-header-display":"","ast-banner-title-visibility":"","ast-main-header-display":"","ast-hfb-above-header-display":"","ast-hfb-below-header-display":"","ast-hfb-mobile-header-display":"","site-post-title":"","ast-breadcrumbs-content":"","ast-featured-img":"","footer-sml-layout":"","theme-transparent-header-meta":"","adv-header-id-meta":"","stick-header-meta":"","header-above-stick-meta":"","header-main-stick-meta":"","header-below-stick-meta":"","astra-migrate-meta-layouts":"set","ast-page-background-enabled":"default","ast-page-background-meta":{"desktop":{"background-color":"var(--ast-global-color-4)","background-image":"","background-repeat":"repeat","background-position":"center center","background-size":"auto","background-attachment":"scroll","background-type":"","background-media":"","overlay-type":"","overlay-color":"","overlay-opacity":"","overlay-gradient":""},"tablet":{"background-color":"","background-image":"","background-repeat":"repeat","background-position":"center center","background-size":"auto","background-attachment":"scroll","background-type":"","background-media":"","overlay-type":"","overlay-color":"","overlay-opacity":"","overlay-gradient":""},"mobile":{"background-color":"","background-image":"","background-repeat":"repeat","background-position":"center center","background-size":"auto","background-attachment":"scroll","background-type":"","background-media":"","overlay-type":"","overlay-color":"","overlay-opacity":"","overlay-gradient":""}},"ast-content-background-meta":{"desktop":{"background-color":"var(--ast-global-color-5)","background-image":"","background-repeat":"repeat","background-position":"center center","background-size":"auto","background-attachment":"scroll","background-type":"","background-media":"","overlay-type":"","overlay-color":"","overlay-opacity":"","overlay-gradient":""},"tablet":{"background-color":"var(--ast-global-color-5)","background-image":"","background-repeat":"repeat","background-position":"center center","background-size":"auto","background-attachment":"scroll","background-type":"","background-media":"","overlay-type":"","overlay-color":"","overlay-opacity":"","overlay-gradient":""},"mobile":{"background-color":"var(--ast-global-color-5)","background-image":"","background-repeat":"repeat","background-position":"center center","background-size":"auto","background-attachment":"scroll","background-type":"","background-media":"","overlay-type":"","overlay-color":"","overlay-opacity":"","overlay-gradient":""}},"footnotes":""},"categories":[3,1,29],"tags":[],"class_list":["post-4703","post","type-post","status-publish","format-standard","has-post-thumbnail","hentry","category-eso","category-general","category-portada"],"post_mailing_queue_ids":[],"_links":{"self":[{"href":"https:\/\/agora.xtec.cat\/insdesantacoloma\/wp-json\/wp\/v2\/posts\/4703","targetHints":{"allow":["GET"]}}],"collection":[{"href":"https:\/\/agora.xtec.cat\/insdesantacoloma\/wp-json\/wp\/v2\/posts"}],"about":[{"href":"https:\/\/agora.xtec.cat\/insdesantacoloma\/wp-json\/wp\/v2\/types\/post"}],"author":[{"embeddable":true,"href":"https:\/\/agora.xtec.cat\/insdesantacoloma\/wp-json\/wp\/v2\/users\/1"}],"replies":[{"embeddable":true,"href":"https:\/\/agora.xtec.cat\/insdesantacoloma\/wp-json\/wp\/v2\/comments?post=4703"}],"version-history":[{"count":6,"href":"https:\/\/agora.xtec.cat\/insdesantacoloma\/wp-json\/wp\/v2\/posts\/4703\/revisions"}],"predecessor-version":[{"id":4889,"href":"https:\/\/agora.xtec.cat\/insdesantacoloma\/wp-json\/wp\/v2\/posts\/4703\/revisions\/4889"}],"wp:featuredmedia":[{"embeddable":true,"href":"https:\/\/agora.xtec.cat\/insdesantacoloma\/wp-json\/wp\/v2\/media\/4866"}],"wp:attachment":[{"href":"https:\/\/agora.xtec.cat\/insdesantacoloma\/wp-json\/wp\/v2\/media?parent=4703"}],"wp:term":[{"taxonomy":"category","embeddable":true,"href":"https:\/\/agora.xtec.cat\/insdesantacoloma\/wp-json\/wp\/v2\/categories?post=4703"},{"taxonomy":"post_tag","embeddable":true,"href":"https:\/\/agora.xtec.cat\/insdesantacoloma\/wp-json\/wp\/v2\/tags?post=4703"}],"curies":[{"name":"wp","href":"https:\/\/api.w.org\/{rel}","templated":true}]}}