{"id":4645,"date":"2024-09-18T18:01:46","date_gmt":"2024-09-18T16:01:46","guid":{"rendered":"https:\/\/agora.xtec.cat\/insdesantacoloma\/?p=4645"},"modified":"2025-03-05T18:44:05","modified_gmt":"2025-03-05T17:44:05","slug":"sortida-inici-de-curs-2n-batxillerat","status":"publish","type":"post","link":"https:\/\/agora.xtec.cat\/insdesantacoloma\/batxillerat\/sortida-inici-de-curs-2n-batxillerat\/","title":{"rendered":"ACTIVITAT INICI DE CURS 2n BATX"},"content":{"rendered":"<p>Iniciem el curs amb calma i consci\u00e8ncia plena&#8230;<\/p>\n<p><strong><span style=\"color: #33cccc;\">L<\/span><\/strong><span style=\"color: #000000;\"><strong><span style=\"color: #33cccc;\">a comunitat<a href=\"https:\/\/agora.xtec.cat\/insdesantacoloma\/wp-content\/uploads\/usu1849\/2024\/09\/Captura-de-pantalla-2024-09-18-175021.png\"><img loading=\"lazy\" decoding=\"async\" class=\"wp-image-4664 alignleft\" src=\"https:\/\/agora.xtec.cat\/insdesantacoloma\/wp-content\/uploads\/usu1849\/2024\/09\/Captura-de-pantalla-2024-09-18-175021-300x274.png\" alt=\"\" width=\"251\" height=\"229\" srcset=\"https:\/\/agora.xtec.cat\/insdesantacoloma\/wp-content\/uploads\/usu1849\/2024\/09\/Captura-de-pantalla-2024-09-18-175021-300x274.png 300w, https:\/\/agora.xtec.cat\/insdesantacoloma\/wp-content\/uploads\/usu1849\/2024\/09\/Captura-de-pantalla-2024-09-18-175021.png 465w\" sizes=\"auto, (max-width: 251px) 100vw, 251px\" \/><\/a> educativa<\/span><\/strong> \u00e9s coneixedora que 2n de batxillerat \u00e9s, a part d&#8217;un curs molt important, un curs dif\u00edcil pel que fa a la gesti\u00f3 del temps, pels ex\u00e0mens concentrats, temari llarg i a m\u00e9s s&#8217;afegeix la incertesa del que voldran fer. Tot aix\u00f2, sovint es tradueix en angoixa i nervis per la finalitzaci\u00f3 d&#8217;una de les etapes m\u00e9s importants i transcendents per als estudiants.\u00a0\u00a0<\/span><\/p>\n<p><span style=\"color: #000000;\">Nosaltres els acompanyarem durant el curs i hem volgut comen\u00e7ar amb una primera sessi\u00f3 per part de les orientadores, coordinadora i tutores on els hem fet saber\u00a0que no estan sols i soles i que podran tirar endavant. Tamb\u00e9 hem\u00a0volgut convidar la <\/span><span style=\"color: #33cccc;\"><strong>Cristina del centre KADAMPA de Barcelona<\/strong><\/span><span style=\"color: #000000;\">, per compartir una <strong><span style=\"color: #33cccc;\">Iniciaci\u00f3 a la Meditaci\u00f3<\/span><\/strong>, eina que potser\u00a0podran\u00a0utilitzar durant el curs. Est\u00e0 cient\u00edficament\u00a0comprovat que meditar pot aportar pau interior, creativitat\u00a0i un\u00a0millor sentit de connexi\u00f3 que es\u00a0tradueix en una ment m\u00e9s relaxada\u00a0que t&#8217;ajuda a tenir una bona concentraci\u00f3 i autoestima. Evidentment, tot aix\u00f2 ha d&#8217;anar lligat a l&#8217;esfor\u00e7 i la const\u00e0ncia que els hi demanem perqu\u00e8 aquest curs sigui del tot profit\u00f3s.<\/span><\/p>\n<p><span style=\"color: #33cccc;\"><strong>Comencem!!\u00a0<\/strong><\/span><\/p>\n<p><a href=\"https:\/\/agora.xtec.cat\/insdesantacoloma\/wp-content\/uploads\/usu1849\/2024\/09\/Captura-de-pantalla-2024-09-17-091920.png\"><img loading=\"lazy\" decoding=\"async\" class=\"alignnone wp-image-4659\" src=\"https:\/\/agora.xtec.cat\/insdesantacoloma\/wp-content\/uploads\/usu1849\/2024\/09\/Captura-de-pantalla-2024-09-17-091920-300x204.png\" alt=\"\" width=\"313\" height=\"213\" srcset=\"https:\/\/agora.xtec.cat\/insdesantacoloma\/wp-content\/uploads\/usu1849\/2024\/09\/Captura-de-pantalla-2024-09-17-091920-300x204.png 300w, https:\/\/agora.xtec.cat\/insdesantacoloma\/wp-content\/uploads\/usu1849\/2024\/09\/Captura-de-pantalla-2024-09-17-091920-768x523.png 768w, https:\/\/agora.xtec.cat\/insdesantacoloma\/wp-content\/uploads\/usu1849\/2024\/09\/Captura-de-pantalla-2024-09-17-091920.png 883w\" sizes=\"auto, (max-width: 313px) 100vw, 313px\" \/>\u00a0\u00a0\u00a0 <\/a><a href=\"https:\/\/agora.xtec.cat\/insdesantacoloma\/wp-content\/uploads\/usu1849\/2024\/09\/Captura-de-pantalla-2024-09-17-091938.png\"><img loading=\"lazy\" decoding=\"async\" class=\"alignnone wp-image-4660\" src=\"https:\/\/agora.xtec.cat\/insdesantacoloma\/wp-content\/uploads\/usu1849\/2024\/09\/Captura-de-pantalla-2024-09-17-091938-300x211.png\" alt=\"\" width=\"302\" height=\"212\" srcset=\"https:\/\/agora.xtec.cat\/insdesantacoloma\/wp-content\/uploads\/usu1849\/2024\/09\/Captura-de-pantalla-2024-09-17-091938-300x211.png 300w, https:\/\/agora.xtec.cat\/insdesantacoloma\/wp-content\/uploads\/usu1849\/2024\/09\/Captura-de-pantalla-2024-09-17-091938-768x539.png 768w, https:\/\/agora.xtec.cat\/insdesantacoloma\/wp-content\/uploads\/usu1849\/2024\/09\/Captura-de-pantalla-2024-09-17-091938.png 894w\" sizes=\"auto, (max-width: 302px) 100vw, 302px\" \/><\/a><\/p>\n","protected":false},"excerpt":{"rendered":"<p>Iniciem el curs amb calma i consci\u00e8ncia plena&#8230; La comunitat educativa \u00e9s coneixedora que 2n de batxillerat \u00e9s, a part [&hellip;]<\/p>\n","protected":false},"author":1,"featured_media":4895,"comment_status":"open","ping_status":"closed","sticky":true,"template":"","format":"standard","meta":{"_bbp_topic_count":0,"_bbp_reply_count":0,"_bbp_total_topic_count":0,"_bbp_total_reply_count":0,"_bbp_voice_count":0,"_bbp_anonymous_reply_count":0,"_bbp_topic_count_hidden":0,"_bbp_reply_count_hidden":0,"_bbp_forum_subforum_count":0,"site-sidebar-layout":"default","site-content-layout":"","ast-site-content-layout":"default","site-content-style":"default","site-sidebar-style":"default","ast-global-header-display":"","ast-banner-title-visibility":"","ast-main-header-display":"","ast-hfb-above-header-display":"","ast-hfb-below-header-display":"","ast-hfb-mobile-header-display":"","site-post-title":"","ast-breadcrumbs-content":"","ast-featured-img":"","footer-sml-layout":"","theme-transparent-header-meta":"","adv-header-id-meta":"","stick-header-meta":"","header-above-stick-meta":"","header-main-stick-meta":"","header-below-stick-meta":"","astra-migrate-meta-layouts":"set","ast-page-background-enabled":"default","ast-page-background-meta":{"desktop":{"background-color":"var(--ast-global-color-4)","background-image":"","background-repeat":"repeat","background-position":"center center","background-size":"auto","background-attachment":"scroll","background-type":"","background-media":"","overlay-type":"","overlay-color":"","overlay-opacity":"","overlay-gradient":""},"tablet":{"background-color":"","background-image":"","background-repeat":"repeat","background-position":"center center","background-size":"auto","background-attachment":"scroll","background-type":"","background-media":"","overlay-type":"","overlay-color":"","overlay-opacity":"","overlay-gradient":""},"mobile":{"background-color":"","background-image":"","background-repeat":"repeat","background-position":"center center","background-size":"auto","background-attachment":"scroll","background-type":"","background-media":"","overlay-type":"","overlay-color":"","overlay-opacity":"","overlay-gradient":""}},"ast-content-background-meta":{"desktop":{"background-color":"var(--ast-global-color-5)","background-image":"","background-repeat":"repeat","background-position":"center center","background-size":"auto","background-attachment":"scroll","background-type":"","background-media":"","overlay-type":"","overlay-color":"","overlay-opacity":"","overlay-gradient":""},"tablet":{"background-color":"var(--ast-global-color-5)","background-image":"","background-repeat":"repeat","background-position":"center center","background-size":"auto","background-attachment":"scroll","background-type":"","background-media":"","overlay-type":"","overlay-color":"","overlay-opacity":"","overlay-gradient":""},"mobile":{"background-color":"var(--ast-global-color-5)","background-image":"","background-repeat":"repeat","background-position":"center center","background-size":"auto","background-attachment":"scroll","background-type":"","background-media":"","overlay-type":"","overlay-color":"","overlay-opacity":"","overlay-gradient":""}},"footnotes":""},"categories":[8,29],"tags":[],"class_list":["post-4645","post","type-post","status-publish","format-standard","has-post-thumbnail","hentry","category-batxillerat","category-portada"],"post_mailing_queue_ids":[],"_links":{"self":[{"href":"https:\/\/agora.xtec.cat\/insdesantacoloma\/wp-json\/wp\/v2\/posts\/4645","targetHints":{"allow":["GET"]}}],"collection":[{"href":"https:\/\/agora.xtec.cat\/insdesantacoloma\/wp-json\/wp\/v2\/posts"}],"about":[{"href":"https:\/\/agora.xtec.cat\/insdesantacoloma\/wp-json\/wp\/v2\/types\/post"}],"author":[{"embeddable":true,"href":"https:\/\/agora.xtec.cat\/insdesantacoloma\/wp-json\/wp\/v2\/users\/1"}],"replies":[{"embeddable":true,"href":"https:\/\/agora.xtec.cat\/insdesantacoloma\/wp-json\/wp\/v2\/comments?post=4645"}],"version-history":[{"count":6,"href":"https:\/\/agora.xtec.cat\/insdesantacoloma\/wp-json\/wp\/v2\/posts\/4645\/revisions"}],"predecessor-version":[{"id":4888,"href":"https:\/\/agora.xtec.cat\/insdesantacoloma\/wp-json\/wp\/v2\/posts\/4645\/revisions\/4888"}],"wp:featuredmedia":[{"embeddable":true,"href":"https:\/\/agora.xtec.cat\/insdesantacoloma\/wp-json\/wp\/v2\/media\/4895"}],"wp:attachment":[{"href":"https:\/\/agora.xtec.cat\/insdesantacoloma\/wp-json\/wp\/v2\/media?parent=4645"}],"wp:term":[{"taxonomy":"category","embeddable":true,"href":"https:\/\/agora.xtec.cat\/insdesantacoloma\/wp-json\/wp\/v2\/categories?post=4645"},{"taxonomy":"post_tag","embeddable":true,"href":"https:\/\/agora.xtec.cat\/insdesantacoloma\/wp-json\/wp\/v2\/tags?post=4645"}],"curies":[{"name":"wp","href":"https:\/\/api.w.org\/{rel}","templated":true}]}}