{"id":4641,"date":"2024-09-17T09:10:46","date_gmt":"2024-09-17T07:10:46","guid":{"rendered":"https:\/\/agora.xtec.cat\/insdesantacoloma\/?p=4641"},"modified":"2025-03-05T18:42:13","modified_gmt":"2025-03-05T17:42:13","slug":"sortides-inici-de-curs-de-leso","status":"publish","type":"post","link":"https:\/\/agora.xtec.cat\/insdesantacoloma\/general\/sortides-inici-de-curs-de-leso\/","title":{"rendered":"SORTIDES INICI DE CURS L&#8217;ESO"},"content":{"rendered":"<p>Hola a tothom,<\/p>\n<p>La primera setmana de curs tots els nivells de l&#8217;ESO a m\u00e9s de fer activitats a l\u2019aula i din\u00e0miques de cohesi\u00f3 de grup tamb\u00e9 van realitzar sortides a diferents espais de la ciutat.<\/p>\n<p><strong><span style=\"color: #33cccc;\">Primer d\u2019ESO<\/span><\/strong> va poder aprofitar el mat\u00ed al Parc de les Aig\u00fces (Montcada i Reixac) fent un recorregut de 45 minuts caminat per moure una mica el cos, m\u00e9s tard, com el temps no acompanyava van acabar fent activitats variades al parc de Can Zam.<\/p>\n<p><a href=\"https:\/\/agora.xtec.cat\/insdesantacoloma\/wp-content\/uploads\/usu1849\/2024\/09\/IMG-20240912-WA0005.jpg\"><img loading=\"lazy\" decoding=\"async\" class=\"size-medium wp-image-4649 alignleft\" src=\"https:\/\/agora.xtec.cat\/insdesantacoloma\/wp-content\/uploads\/usu1849\/2024\/09\/IMG-20240912-WA0005-300x134.jpg\" alt=\"\" width=\"300\" height=\"134\" srcset=\"https:\/\/agora.xtec.cat\/insdesantacoloma\/wp-content\/uploads\/usu1849\/2024\/09\/IMG-20240912-WA0005-300x134.jpg 300w, https:\/\/agora.xtec.cat\/insdesantacoloma\/wp-content\/uploads\/usu1849\/2024\/09\/IMG-20240912-WA0005-1024x458.jpg 1024w, https:\/\/agora.xtec.cat\/insdesantacoloma\/wp-content\/uploads\/usu1849\/2024\/09\/IMG-20240912-WA0005-768x343.jpg 768w, https:\/\/agora.xtec.cat\/insdesantacoloma\/wp-content\/uploads\/usu1849\/2024\/09\/IMG-20240912-WA0005-1536x686.jpg 1536w, https:\/\/agora.xtec.cat\/insdesantacoloma\/wp-content\/uploads\/usu1849\/2024\/09\/IMG-20240912-WA0005.jpg 1600w\" sizes=\"auto, (max-width: 300px) 100vw, 300px\" \/><\/a><\/p>\n<p style=\"text-align: right;\"><strong><span style=\"color: #33cccc;\">Segon de l\u2019ESO<\/span><\/strong> va gaudir d\u2019un dia d\u2019activitats a la platja de Badalona fent din\u00e0miques, jugant a v\u00f2lei, les pales\u2026<\/p>\n<p><a href=\"https:\/\/agora.xtec.cat\/insdesantacoloma\/wp-content\/uploads\/usu1849\/2024\/09\/Captura-de-pantalla-2024-09-17-090313.png\"><img loading=\"lazy\" decoding=\"async\" class=\"size-medium wp-image-4650 alignright\" src=\"https:\/\/agora.xtec.cat\/insdesantacoloma\/wp-content\/uploads\/usu1849\/2024\/09\/Captura-de-pantalla-2024-09-17-090313-300x163.png\" alt=\"\" width=\"300\" height=\"163\" srcset=\"https:\/\/agora.xtec.cat\/insdesantacoloma\/wp-content\/uploads\/usu1849\/2024\/09\/Captura-de-pantalla-2024-09-17-090313-300x163.png 300w, https:\/\/agora.xtec.cat\/insdesantacoloma\/wp-content\/uploads\/usu1849\/2024\/09\/Captura-de-pantalla-2024-09-17-090313-1024x555.png 1024w, https:\/\/agora.xtec.cat\/insdesantacoloma\/wp-content\/uploads\/usu1849\/2024\/09\/Captura-de-pantalla-2024-09-17-090313-768x416.png 768w, https:\/\/agora.xtec.cat\/insdesantacoloma\/wp-content\/uploads\/usu1849\/2024\/09\/Captura-de-pantalla-2024-09-17-090313.png 1186w\" sizes=\"auto, (max-width: 300px) 100vw, 300px\" \/><\/a><\/p>\n<p><strong><span style=\"color: #33cccc;\">Tercer d\u2019ESO<\/span><\/strong> va passar el dia al Parc de la Ciutadella, van tenir l\u2019oportunitat de con\u00e8ixer els seus espais verds i fer de navegants dins del llac.<\/p>\n<p><a href=\"https:\/\/agora.xtec.cat\/insdesantacoloma\/wp-content\/uploads\/usu1849\/2024\/09\/IMG-20240913-WA0005.jpg\"><img loading=\"lazy\" decoding=\"async\" class=\"size-medium wp-image-4648 alignleft\" src=\"https:\/\/agora.xtec.cat\/insdesantacoloma\/wp-content\/uploads\/usu1849\/2024\/09\/IMG-20240913-WA0005-300x226.jpg\" alt=\"\" width=\"300\" height=\"226\" srcset=\"https:\/\/agora.xtec.cat\/insdesantacoloma\/wp-content\/uploads\/usu1849\/2024\/09\/IMG-20240913-WA0005-300x226.jpg 300w, https:\/\/agora.xtec.cat\/insdesantacoloma\/wp-content\/uploads\/usu1849\/2024\/09\/IMG-20240913-WA0005-1024x771.jpg 1024w, https:\/\/agora.xtec.cat\/insdesantacoloma\/wp-content\/uploads\/usu1849\/2024\/09\/IMG-20240913-WA0005-768x578.jpg 768w, https:\/\/agora.xtec.cat\/insdesantacoloma\/wp-content\/uploads\/usu1849\/2024\/09\/IMG-20240913-WA0005-1536x1156.jpg 1536w, https:\/\/agora.xtec.cat\/insdesantacoloma\/wp-content\/uploads\/usu1849\/2024\/09\/IMG-20240913-WA0005-200x150.jpg 200w, https:\/\/agora.xtec.cat\/insdesantacoloma\/wp-content\/uploads\/usu1849\/2024\/09\/IMG-20240913-WA0005.jpg 1600w\" sizes=\"auto, (max-width: 300px) 100vw, 300px\" \/><\/a><\/p>\n<p style=\"text-align: right;\"><span style=\"font-family: inherit; font-size: 1em;\"><strong><span style=\"color: #33cccc;\">Quart d\u2019ESO<\/span><\/strong> es va endinsar en activitats d&#8217;aventura aqu\u00e0tiques a la platja. Acompanyats de monitors van poder aprendre P\u00e0del surf i Kayak.<\/span><\/p>\n<p><a href=\"https:\/\/agora.xtec.cat\/insdesantacoloma\/wp-content\/uploads\/usu1849\/2024\/09\/95024c70-53c1-4b9a-9685-d5d363ef0407.jpg\"><img loading=\"lazy\" decoding=\"async\" class=\"size-medium wp-image-4647 alignright\" src=\"https:\/\/agora.xtec.cat\/insdesantacoloma\/wp-content\/uploads\/usu1849\/2024\/09\/95024c70-53c1-4b9a-9685-d5d363ef0407-300x169.jpg\" alt=\"\" width=\"300\" height=\"169\" srcset=\"https:\/\/agora.xtec.cat\/insdesantacoloma\/wp-content\/uploads\/usu1849\/2024\/09\/95024c70-53c1-4b9a-9685-d5d363ef0407-300x169.jpg 300w, https:\/\/agora.xtec.cat\/insdesantacoloma\/wp-content\/uploads\/usu1849\/2024\/09\/95024c70-53c1-4b9a-9685-d5d363ef0407-1024x576.jpg 1024w, https:\/\/agora.xtec.cat\/insdesantacoloma\/wp-content\/uploads\/usu1849\/2024\/09\/95024c70-53c1-4b9a-9685-d5d363ef0407-768x432.jpg 768w, https:\/\/agora.xtec.cat\/insdesantacoloma\/wp-content\/uploads\/usu1849\/2024\/09\/95024c70-53c1-4b9a-9685-d5d363ef0407-1536x864.jpg 1536w, https:\/\/agora.xtec.cat\/insdesantacoloma\/wp-content\/uploads\/usu1849\/2024\/09\/95024c70-53c1-4b9a-9685-d5d363ef0407.jpg 1600w\" sizes=\"auto, (max-width: 300px) 100vw, 300px\" \/><\/a><\/p>\n<p>Us deixem el recull de fotografies de totes les sortides per nivells.<\/p>\n<p><a href=\"https:\/\/drive.google.com\/drive\/folders\/1gh60ApFsRVijm1ipJ_pCVzMT0KE-J0nl?usp=sharing\" target=\"_blank\" rel=\"noopener\">1r ESO\u00a0 \u00a0 \u00a0 \u00a0 \u00a0 \u00a0 <\/a><a href=\"https:\/\/drive.google.com\/drive\/folders\/1NlDh284aFZI9nDZKqCa50Xwql4iOXfb5?usp=sharing\" target=\"_blank\" rel=\"noopener\">2n ESO \u00a0 \u00a0 \u00a0 \u00a0 \u00a0 \u00a0 \u00a0 <\/a><a href=\"https:\/\/drive.google.com\/drive\/folders\/1nyTP31yod25NUUmwSxKNrV94QJJ-1U72?usp=sharing\" target=\"_blank\" rel=\"noopener\">3r ESO \u00a0 \u00a0 \u00a0 \u00a0 \u00a0 \u00a0 \u00a0 <\/a><a href=\"https:\/\/drive.google.com\/drive\/folders\/17cvDRP1-i6_Tu03MvuQ77B5bQLObsmcd?usp=sharing\" target=\"_blank\" rel=\"noopener\">4t ESO<\/a><\/p>\n<p>Esperem que us agradi!!<\/p>\n","protected":false},"excerpt":{"rendered":"<p>Hola a tothom, La primera setmana de curs tots els nivells de l&#8217;ESO a m\u00e9s de fer activitats a l\u2019aula [&hellip;]<\/p>\n","protected":false},"author":1,"featured_media":4894,"comment_status":"open","ping_status":"closed","sticky":true,"template":"","format":"standard","meta":{"_bbp_topic_count":0,"_bbp_reply_count":0,"_bbp_total_topic_count":0,"_bbp_total_reply_count":0,"_bbp_voice_count":0,"_bbp_anonymous_reply_count":0,"_bbp_topic_count_hidden":0,"_bbp_reply_count_hidden":0,"_bbp_forum_subforum_count":0,"site-sidebar-layout":"default","site-content-layout":"","ast-site-content-layout":"default","site-content-style":"default","site-sidebar-style":"default","ast-global-header-display":"","ast-banner-title-visibility":"","ast-main-header-display":"","ast-hfb-above-header-display":"","ast-hfb-below-header-display":"","ast-hfb-mobile-header-display":"","site-post-title":"","ast-breadcrumbs-content":"","ast-featured-img":"","footer-sml-layout":"","theme-transparent-header-meta":"","adv-header-id-meta":"","stick-header-meta":"","header-above-stick-meta":"","header-main-stick-meta":"","header-below-stick-meta":"","astra-migrate-meta-layouts":"set","ast-page-background-enabled":"default","ast-page-background-meta":{"desktop":{"background-color":"var(--ast-global-color-4)","background-image":"","background-repeat":"repeat","background-position":"center center","background-size":"auto","background-attachment":"scroll","background-type":"","background-media":"","overlay-type":"","overlay-color":"","overlay-opacity":"","overlay-gradient":""},"tablet":{"background-color":"","background-image":"","background-repeat":"repeat","background-position":"center center","background-size":"auto","background-attachment":"scroll","background-type":"","background-media":"","overlay-type":"","overlay-color":"","overlay-opacity":"","overlay-gradient":""},"mobile":{"background-color":"","background-image":"","background-repeat":"repeat","background-position":"center center","background-size":"auto","background-attachment":"scroll","background-type":"","background-media":"","overlay-type":"","overlay-color":"","overlay-opacity":"","overlay-gradient":""}},"ast-content-background-meta":{"desktop":{"background-color":"var(--ast-global-color-5)","background-image":"","background-repeat":"repeat","background-position":"center center","background-size":"auto","background-attachment":"scroll","background-type":"","background-media":"","overlay-type":"","overlay-color":"","overlay-opacity":"","overlay-gradient":""},"tablet":{"background-color":"var(--ast-global-color-5)","background-image":"","background-repeat":"repeat","background-position":"center center","background-size":"auto","background-attachment":"scroll","background-type":"","background-media":"","overlay-type":"","overlay-color":"","overlay-opacity":"","overlay-gradient":""},"mobile":{"background-color":"var(--ast-global-color-5)","background-image":"","background-repeat":"repeat","background-position":"center center","background-size":"auto","background-attachment":"scroll","background-type":"","background-media":"","overlay-type":"","overlay-color":"","overlay-opacity":"","overlay-gradient":""}},"footnotes":""},"categories":[3,1,29],"tags":[],"class_list":["post-4641","post","type-post","status-publish","format-standard","has-post-thumbnail","hentry","category-eso","category-general","category-portada"],"post_mailing_queue_ids":[],"_links":{"self":[{"href":"https:\/\/agora.xtec.cat\/insdesantacoloma\/wp-json\/wp\/v2\/posts\/4641","targetHints":{"allow":["GET"]}}],"collection":[{"href":"https:\/\/agora.xtec.cat\/insdesantacoloma\/wp-json\/wp\/v2\/posts"}],"about":[{"href":"https:\/\/agora.xtec.cat\/insdesantacoloma\/wp-json\/wp\/v2\/types\/post"}],"author":[{"embeddable":true,"href":"https:\/\/agora.xtec.cat\/insdesantacoloma\/wp-json\/wp\/v2\/users\/1"}],"replies":[{"embeddable":true,"href":"https:\/\/agora.xtec.cat\/insdesantacoloma\/wp-json\/wp\/v2\/comments?post=4641"}],"version-history":[{"count":6,"href":"https:\/\/agora.xtec.cat\/insdesantacoloma\/wp-json\/wp\/v2\/posts\/4641\/revisions"}],"predecessor-version":[{"id":4882,"href":"https:\/\/agora.xtec.cat\/insdesantacoloma\/wp-json\/wp\/v2\/posts\/4641\/revisions\/4882"}],"wp:featuredmedia":[{"embeddable":true,"href":"https:\/\/agora.xtec.cat\/insdesantacoloma\/wp-json\/wp\/v2\/media\/4894"}],"wp:attachment":[{"href":"https:\/\/agora.xtec.cat\/insdesantacoloma\/wp-json\/wp\/v2\/media?parent=4641"}],"wp:term":[{"taxonomy":"category","embeddable":true,"href":"https:\/\/agora.xtec.cat\/insdesantacoloma\/wp-json\/wp\/v2\/categories?post=4641"},{"taxonomy":"post_tag","embeddable":true,"href":"https:\/\/agora.xtec.cat\/insdesantacoloma\/wp-json\/wp\/v2\/tags?post=4641"}],"curies":[{"name":"wp","href":"https:\/\/api.w.org\/{rel}","templated":true}]}}