{"id":4210,"date":"2024-04-29T09:53:30","date_gmt":"2024-04-29T07:53:30","guid":{"rendered":"https:\/\/agora.xtec.cat\/insdesantacoloma\/?p=4210"},"modified":"2024-09-01T20:13:49","modified_gmt":"2024-09-01T18:13:49","slug":"sant-jordi-24","status":"publish","type":"post","link":"https:\/\/agora.xtec.cat\/insdesantacoloma\/general\/sant-jordi-24\/","title":{"rendered":"SANT JORDI 24"},"content":{"rendered":"<p style=\"text-align: justify;\">Un any m\u00e9s, el <span style=\"color: #33cccc;\"><strong>23 d&#8217;abril<\/strong><\/span>, vam celebrar Sant Jordi dedicant el dia a la literatura i gaudint d&#8217;un recital de poesia, dansa i interpretacions musicals!<\/p>\n<p style=\"text-align: justify;\">L&#8217;alumnat de 3r d&#8217;ESO va ser l&#8217;encarregat d&#8217;organitzar la festivitat. En arribar a l&#8217;institut, ens van sorprendre amb una decoraci\u00f3 que ens convidava\u00a0a endinsar-nos en\u00a0la llegenda de Sant Jordi. A m\u00e9s, tamb\u00e9 van muntar paradetes de venda de roses de paper i punts de llibre. Finalment, l&#8217;acte central de la diada va ser la cerim\u00f2nia de lliurament dels premis del Certamen Literari i del concurs de Matem\u00e0tiques, que va tenir lloc a La Ciba.<\/p>\n<p style=\"text-align: justify;\">Enguany la tem\u00e0tica del <span style=\"color: #33cccc;\"><strong>Certamen Literari era la distopia liter\u00e0ria<\/strong><\/span>, que hem treballat a la franja de Lectura i des de les mat\u00e8ries de llengua per poder crear relats i poemes de mons dist\u00f2pics\u00a0en totes les lleng\u00fces que s&#8217;estudien a l&#8217;institut.<\/p>\n<p style=\"text-align: justify;\">L&#8217;alumnat de 3r tamb\u00e9 van ser els responsables de preparar l&#8217;acte d&#8217;entrega dels premis. No nom\u00e9s van preparar el gui\u00f3 i es van ocupar de presentar-lo, sin\u00f3 que tamb\u00e9 ens van recitar diversos poemes en catal\u00e0, castell\u00e0, angl\u00e8s i franc\u00e8s que havien\u00a0preparat a classe.<\/p>\n<p style=\"text-align: justify;\">Un cop lliurats tots els premis i encara amb l&#8217;emoci\u00f3 de la poesia i la m\u00fasica, qui va voler, es\u00a0va acostar a la pla\u00e7a de la Vila per seguir gaudint de la diada de Sant Jordi passejant entre les parades de llibres i roses.<\/p>\n<p style=\"text-align: justify;\">En aquest enlla\u00e7 podeu veure el <a href=\"https:\/\/drive.google.com\/file\/d\/1uOkI7r2QH9dgn6eKu9rJGxdocY21Rr8w\/view?usp=sharing\" target=\"_blank\" rel=\"noopener\">certamen de Sant Jordi 2024.<\/a><\/p>\n<div><\/div>\n<p><a href=\"https:\/\/agora.xtec.cat\/insdesantacoloma\/wp-content\/uploads\/usu1849\/2024\/04\/Captura-de-pantalla-2024-04-29-091238-1_Easy-Resize.jpg\"><img loading=\"lazy\" decoding=\"async\" class=\"alignnone size-medium wp-image-4213\" src=\"https:\/\/agora.xtec.cat\/insdesantacoloma\/wp-content\/uploads\/usu1849\/2024\/04\/Captura-de-pantalla-2024-04-29-091238-1_Easy-Resize-300x167.jpg\" alt=\"\" width=\"300\" height=\"167\" srcset=\"https:\/\/agora.xtec.cat\/insdesantacoloma\/wp-content\/uploads\/usu1849\/2024\/04\/Captura-de-pantalla-2024-04-29-091238-1_Easy-Resize-300x167.jpg 300w, https:\/\/agora.xtec.cat\/insdesantacoloma\/wp-content\/uploads\/usu1849\/2024\/04\/Captura-de-pantalla-2024-04-29-091238-1_Easy-Resize-1024x571.jpg 1024w, https:\/\/agora.xtec.cat\/insdesantacoloma\/wp-content\/uploads\/usu1849\/2024\/04\/Captura-de-pantalla-2024-04-29-091238-1_Easy-Resize-768x428.jpg 768w, https:\/\/agora.xtec.cat\/insdesantacoloma\/wp-content\/uploads\/usu1849\/2024\/04\/Captura-de-pantalla-2024-04-29-091238-1_Easy-Resize.jpg 1280w\" sizes=\"auto, (max-width: 300px) 100vw, 300px\" \/><\/a><\/p>\n<p>Esperem que us agradi!<\/p>\n","protected":false},"excerpt":{"rendered":"<p>Un any m\u00e9s, el 23 d&#8217;abril, vam celebrar Sant Jordi dedicant el dia a la literatura i gaudint d&#8217;un recital [&hellip;]<\/p>\n","protected":false},"author":1,"featured_media":4213,"comment_status":"open","ping_status":"closed","sticky":false,"template":"","format":"standard","meta":{"_bbp_topic_count":0,"_bbp_reply_count":0,"_bbp_total_topic_count":0,"_bbp_total_reply_count":0,"_bbp_voice_count":0,"_bbp_anonymous_reply_count":0,"_bbp_topic_count_hidden":0,"_bbp_reply_count_hidden":0,"_bbp_forum_subforum_count":0,"site-sidebar-layout":"default","site-content-layout":"","ast-site-content-layout":"","site-content-style":"default","site-sidebar-style":"default","ast-global-header-display":"","ast-banner-title-visibility":"","ast-main-header-display":"","ast-hfb-above-header-display":"","ast-hfb-below-header-display":"","ast-hfb-mobile-header-display":"","site-post-title":"","ast-breadcrumbs-content":"","ast-featured-img":"","footer-sml-layout":"","theme-transparent-header-meta":"","adv-header-id-meta":"","stick-header-meta":"","header-above-stick-meta":"","header-main-stick-meta":"","header-below-stick-meta":"","astra-migrate-meta-layouts":"default","ast-page-background-enabled":"default","ast-page-background-meta":{"desktop":{"background-color":"var(--ast-global-color-4)","background-image":"","background-repeat":"repeat","background-position":"center center","background-size":"auto","background-attachment":"scroll","background-type":"","background-media":"","overlay-type":"","overlay-color":"","overlay-opacity":"","overlay-gradient":""},"tablet":{"background-color":"","background-image":"","background-repeat":"repeat","background-position":"center center","background-size":"auto","background-attachment":"scroll","background-type":"","background-media":"","overlay-type":"","overlay-color":"","overlay-opacity":"","overlay-gradient":""},"mobile":{"background-color":"","background-image":"","background-repeat":"repeat","background-position":"center center","background-size":"auto","background-attachment":"scroll","background-type":"","background-media":"","overlay-type":"","overlay-color":"","overlay-opacity":"","overlay-gradient":""}},"ast-content-background-meta":{"desktop":{"background-color":"var(--ast-global-color-5)","background-image":"","background-repeat":"repeat","background-position":"center center","background-size":"auto","background-attachment":"scroll","background-type":"","background-media":"","overlay-type":"","overlay-color":"","overlay-opacity":"","overlay-gradient":""},"tablet":{"background-color":"var(--ast-global-color-5)","background-image":"","background-repeat":"repeat","background-position":"center center","background-size":"auto","background-attachment":"scroll","background-type":"","background-media":"","overlay-type":"","overlay-color":"","overlay-opacity":"","overlay-gradient":""},"mobile":{"background-color":"var(--ast-global-color-5)","background-image":"","background-repeat":"repeat","background-position":"center center","background-size":"auto","background-attachment":"scroll","background-type":"","background-media":"","overlay-type":"","overlay-color":"","overlay-opacity":"","overlay-gradient":""}},"footnotes":""},"categories":[3,1,29],"tags":[],"class_list":["post-4210","post","type-post","status-publish","format-standard","has-post-thumbnail","hentry","category-eso","category-general","category-portada"],"post_mailing_queue_ids":[],"_links":{"self":[{"href":"https:\/\/agora.xtec.cat\/insdesantacoloma\/wp-json\/wp\/v2\/posts\/4210","targetHints":{"allow":["GET"]}}],"collection":[{"href":"https:\/\/agora.xtec.cat\/insdesantacoloma\/wp-json\/wp\/v2\/posts"}],"about":[{"href":"https:\/\/agora.xtec.cat\/insdesantacoloma\/wp-json\/wp\/v2\/types\/post"}],"author":[{"embeddable":true,"href":"https:\/\/agora.xtec.cat\/insdesantacoloma\/wp-json\/wp\/v2\/users\/1"}],"replies":[{"embeddable":true,"href":"https:\/\/agora.xtec.cat\/insdesantacoloma\/wp-json\/wp\/v2\/comments?post=4210"}],"version-history":[{"count":5,"href":"https:\/\/agora.xtec.cat\/insdesantacoloma\/wp-json\/wp\/v2\/posts\/4210\/revisions"}],"predecessor-version":[{"id":4226,"href":"https:\/\/agora.xtec.cat\/insdesantacoloma\/wp-json\/wp\/v2\/posts\/4210\/revisions\/4226"}],"wp:featuredmedia":[{"embeddable":true,"href":"https:\/\/agora.xtec.cat\/insdesantacoloma\/wp-json\/wp\/v2\/media\/4213"}],"wp:attachment":[{"href":"https:\/\/agora.xtec.cat\/insdesantacoloma\/wp-json\/wp\/v2\/media?parent=4210"}],"wp:term":[{"taxonomy":"category","embeddable":true,"href":"https:\/\/agora.xtec.cat\/insdesantacoloma\/wp-json\/wp\/v2\/categories?post=4210"},{"taxonomy":"post_tag","embeddable":true,"href":"https:\/\/agora.xtec.cat\/insdesantacoloma\/wp-json\/wp\/v2\/tags?post=4210"}],"curies":[{"name":"wp","href":"https:\/\/api.w.org\/{rel}","templated":true}]}}