{"id":4181,"date":"2024-03-14T15:53:50","date_gmt":"2024-03-14T14:53:50","guid":{"rendered":"https:\/\/agora.xtec.cat\/insdesantacoloma\/?p=4181"},"modified":"2024-05-01T20:31:38","modified_gmt":"2024-05-01T18:31:38","slug":"colloqui-eu-manzanares-i-sergi-bernal","status":"publish","type":"post","link":"https:\/\/agora.xtec.cat\/insdesantacoloma\/general\/colloqui-eu-manzanares-i-sergi-bernal\/","title":{"rendered":"Col\u00b7loqui Eu Manzanares i Sergi Bernal"},"content":{"rendered":"<p style=\"text-align: justify;\"><strong>El passat 7 de mar\u00e7<\/strong>, l&#8217;alumnat de <strong>1r de Batxillerat<\/strong> va poder fer un col\u00b7loqui amb l&#8217;<span style=\"color: #33cccc;\"><strong>Eu Manzanares<\/strong><\/span>, directora de l&#8217;obra de teatre &#8220;El mestre i el mar&#8221;, entre d&#8217;altres, i en <span style=\"color: #33cccc;\"><strong>Sergi Bernal<\/strong><\/span>, fot\u00f2graf i documentalista de professi\u00f3 que ha posat la seva experi\u00e8ncia i coneixements sobre la mem\u00f2ria hist\u00f2rica entorns la qual versa l&#8217;obra de teatre que l&#8217;alumnat va poder anar a veure al teatre E\u00f2lia a finals de febrer. Despr\u00e9s de quedar impactats\/es amb la posada en escena, la hist\u00f2ria que narra i amb emocions remogudes, han estat treballant a l&#8217;aula diferents eixos i finalment van poder conversar amb l&#8217;Eu Manzanares i en Sergi Bernal sobre l&#8217;escenografia, la caracteritzaci\u00f3 dels personatges, la m\u00fasica, les idees transmeses, l&#8217;exhumaci\u00f3 de la fossa, els sentiments dels familiars&#8230;<\/p>\n<p style=\"text-align: justify;\">Us deixem el <a href=\"https:\/\/www.youtube.com\/watch?v=7wpiiLrklwA\">v\u00eddeo sencer d\u2019aquell dia.<\/a><\/p>\n<p style=\"text-align: justify;\"><span style=\"font-family: inherit; font-size: 1em;\">Moltes gr\u00e0cies per la vostra <\/span><strong style=\"font-family: inherit; font-size: 1em;\"><span style=\"color: #33cccc;\">visita i col\u00b7loqui!<\/span><\/strong><\/p>\n<div><\/div>\n<div><\/div>\n<div><\/div>\n<div><a href=\"https:\/\/agora.xtec.cat\/insdesantacoloma\/wp-content\/uploads\/usu1849\/2024\/03\/WhatsApp-Image-2024-03-07-at-13.14.01.jpeg\" target=\"_blank\" rel=\"noopener\"><img loading=\"lazy\" decoding=\"async\" class=\"alignnone size-medium wp-image-4183\" src=\"https:\/\/agora.xtec.cat\/insdesantacoloma\/wp-content\/uploads\/usu1849\/2024\/03\/WhatsApp-Image-2024-03-07-at-13.14.01-300x139.jpeg\" alt=\"\" width=\"300\" height=\"139\" srcset=\"https:\/\/agora.xtec.cat\/insdesantacoloma\/wp-content\/uploads\/usu1849\/2024\/03\/WhatsApp-Image-2024-03-07-at-13.14.01-300x139.jpeg 300w, https:\/\/agora.xtec.cat\/insdesantacoloma\/wp-content\/uploads\/usu1849\/2024\/03\/WhatsApp-Image-2024-03-07-at-13.14.01-1024x473.jpeg 1024w, https:\/\/agora.xtec.cat\/insdesantacoloma\/wp-content\/uploads\/usu1849\/2024\/03\/WhatsApp-Image-2024-03-07-at-13.14.01-768x355.jpeg 768w, https:\/\/agora.xtec.cat\/insdesantacoloma\/wp-content\/uploads\/usu1849\/2024\/03\/WhatsApp-Image-2024-03-07-at-13.14.01-1536x709.jpeg 1536w, https:\/\/agora.xtec.cat\/insdesantacoloma\/wp-content\/uploads\/usu1849\/2024\/03\/WhatsApp-Image-2024-03-07-at-13.14.01.jpeg 1600w\" sizes=\"auto, (max-width: 300px) 100vw, 300px\" \/><\/a> <a href=\"https:\/\/agora.xtec.cat\/insdesantacoloma\/wp-content\/uploads\/usu1849\/2024\/03\/WhatsApp-Image-2024-03-07-at-13.13.37.jpeg\"><img loading=\"lazy\" decoding=\"async\" class=\"alignnone size-medium wp-image-4184\" src=\"https:\/\/agora.xtec.cat\/insdesantacoloma\/wp-content\/uploads\/usu1849\/2024\/03\/WhatsApp-Image-2024-03-07-at-13.13.37-300x139.jpeg\" alt=\"\" width=\"300\" height=\"139\" srcset=\"https:\/\/agora.xtec.cat\/insdesantacoloma\/wp-content\/uploads\/usu1849\/2024\/03\/WhatsApp-Image-2024-03-07-at-13.13.37-300x139.jpeg 300w, https:\/\/agora.xtec.cat\/insdesantacoloma\/wp-content\/uploads\/usu1849\/2024\/03\/WhatsApp-Image-2024-03-07-at-13.13.37-1024x473.jpeg 1024w, https:\/\/agora.xtec.cat\/insdesantacoloma\/wp-content\/uploads\/usu1849\/2024\/03\/WhatsApp-Image-2024-03-07-at-13.13.37-768x355.jpeg 768w, https:\/\/agora.xtec.cat\/insdesantacoloma\/wp-content\/uploads\/usu1849\/2024\/03\/WhatsApp-Image-2024-03-07-at-13.13.37-1536x709.jpeg 1536w, https:\/\/agora.xtec.cat\/insdesantacoloma\/wp-content\/uploads\/usu1849\/2024\/03\/WhatsApp-Image-2024-03-07-at-13.13.37.jpeg 1600w\" sizes=\"auto, (max-width: 300px) 100vw, 300px\" \/><\/a><\/div>\n<div><\/div>\n<div><\/div>\n","protected":false},"excerpt":{"rendered":"<p>El passat 7 de mar\u00e7, l&#8217;alumnat de 1r de Batxillerat va poder fer un col\u00b7loqui amb l&#8217;Eu Manzanares, directora de [&hellip;]<\/p>\n","protected":false},"author":1,"featured_media":0,"comment_status":"open","ping_status":"closed","sticky":false,"template":"","format":"standard","meta":{"_bbp_topic_count":0,"_bbp_reply_count":0,"_bbp_total_topic_count":0,"_bbp_total_reply_count":0,"_bbp_voice_count":0,"_bbp_anonymous_reply_count":0,"_bbp_topic_count_hidden":0,"_bbp_reply_count_hidden":0,"_bbp_forum_subforum_count":0,"site-sidebar-layout":"default","site-content-layout":"","ast-site-content-layout":"","site-content-style":"default","site-sidebar-style":"default","ast-global-header-display":"","ast-banner-title-visibility":"","ast-main-header-display":"","ast-hfb-above-header-display":"","ast-hfb-below-header-display":"","ast-hfb-mobile-header-display":"","site-post-title":"","ast-breadcrumbs-content":"","ast-featured-img":"","footer-sml-layout":"","theme-transparent-header-meta":"","adv-header-id-meta":"","stick-header-meta":"","header-above-stick-meta":"","header-main-stick-meta":"","header-below-stick-meta":"","astra-migrate-meta-layouts":"default","ast-page-background-enabled":"default","ast-page-background-meta":{"desktop":{"background-color":"var(--ast-global-color-4)","background-image":"","background-repeat":"repeat","background-position":"center center","background-size":"auto","background-attachment":"scroll","background-type":"","background-media":"","overlay-type":"","overlay-color":"","overlay-opacity":"","overlay-gradient":""},"tablet":{"background-color":"","background-image":"","background-repeat":"repeat","background-position":"center center","background-size":"auto","background-attachment":"scroll","background-type":"","background-media":"","overlay-type":"","overlay-color":"","overlay-opacity":"","overlay-gradient":""},"mobile":{"background-color":"","background-image":"","background-repeat":"repeat","background-position":"center center","background-size":"auto","background-attachment":"scroll","background-type":"","background-media":"","overlay-type":"","overlay-color":"","overlay-opacity":"","overlay-gradient":""}},"ast-content-background-meta":{"desktop":{"background-color":"var(--ast-global-color-5)","background-image":"","background-repeat":"repeat","background-position":"center center","background-size":"auto","background-attachment":"scroll","background-type":"","background-media":"","overlay-type":"","overlay-color":"","overlay-opacity":"","overlay-gradient":""},"tablet":{"background-color":"var(--ast-global-color-5)","background-image":"","background-repeat":"repeat","background-position":"center center","background-size":"auto","background-attachment":"scroll","background-type":"","background-media":"","overlay-type":"","overlay-color":"","overlay-opacity":"","overlay-gradient":""},"mobile":{"background-color":"var(--ast-global-color-5)","background-image":"","background-repeat":"repeat","background-position":"center center","background-size":"auto","background-attachment":"scroll","background-type":"","background-media":"","overlay-type":"","overlay-color":"","overlay-opacity":"","overlay-gradient":""}},"footnotes":""},"categories":[8,1,29],"tags":[],"class_list":["post-4181","post","type-post","status-publish","format-standard","hentry","category-batxillerat","category-general","category-portada"],"post_mailing_queue_ids":[],"_links":{"self":[{"href":"https:\/\/agora.xtec.cat\/insdesantacoloma\/wp-json\/wp\/v2\/posts\/4181","targetHints":{"allow":["GET"]}}],"collection":[{"href":"https:\/\/agora.xtec.cat\/insdesantacoloma\/wp-json\/wp\/v2\/posts"}],"about":[{"href":"https:\/\/agora.xtec.cat\/insdesantacoloma\/wp-json\/wp\/v2\/types\/post"}],"author":[{"embeddable":true,"href":"https:\/\/agora.xtec.cat\/insdesantacoloma\/wp-json\/wp\/v2\/users\/1"}],"replies":[{"embeddable":true,"href":"https:\/\/agora.xtec.cat\/insdesantacoloma\/wp-json\/wp\/v2\/comments?post=4181"}],"version-history":[{"count":7,"href":"https:\/\/agora.xtec.cat\/insdesantacoloma\/wp-json\/wp\/v2\/posts\/4181\/revisions"}],"predecessor-version":[{"id":4219,"href":"https:\/\/agora.xtec.cat\/insdesantacoloma\/wp-json\/wp\/v2\/posts\/4181\/revisions\/4219"}],"wp:attachment":[{"href":"https:\/\/agora.xtec.cat\/insdesantacoloma\/wp-json\/wp\/v2\/media?parent=4181"}],"wp:term":[{"taxonomy":"category","embeddable":true,"href":"https:\/\/agora.xtec.cat\/insdesantacoloma\/wp-json\/wp\/v2\/categories?post=4181"},{"taxonomy":"post_tag","embeddable":true,"href":"https:\/\/agora.xtec.cat\/insdesantacoloma\/wp-json\/wp\/v2\/tags?post=4181"}],"curies":[{"name":"wp","href":"https:\/\/api.w.org\/{rel}","templated":true}]}}