{"id":4151,"date":"2024-02-16T14:39:05","date_gmt":"2024-02-16T13:39:05","guid":{"rendered":"https:\/\/agora.xtec.cat\/insdesantacoloma\/?p=4151"},"modified":"2024-05-01T20:31:00","modified_gmt":"2024-05-01T18:31:00","slug":"xerrada-maria-belon-i-eduardo-strauch","status":"publish","type":"post","link":"https:\/\/agora.xtec.cat\/insdesantacoloma\/general\/xerrada-maria-belon-i-eduardo-strauch\/","title":{"rendered":"XERRADA MAR\u00cdA BEL\u00d3N I EDUARDO STRAUCH"},"content":{"rendered":"<p style=\"text-align: justify;\">\n<p style=\"text-align: justify;\">\n<p style=\"text-align: justify;\"><a href=\"https:\/\/agora.xtec.cat\/insdesantacoloma\/wp-content\/uploads\/usu1849\/2024\/02\/IMG_5966-1-scaled.jpg\"><img loading=\"lazy\" decoding=\"async\" class=\"wp-image-4167 alignleft\" src=\"https:\/\/agora.xtec.cat\/insdesantacoloma\/wp-content\/uploads\/usu1849\/2024\/02\/IMG_5966-1-300x225.jpg\" alt=\"\" width=\"310\" height=\"232\" srcset=\"https:\/\/agora.xtec.cat\/insdesantacoloma\/wp-content\/uploads\/usu1849\/2024\/02\/IMG_5966-1-300x225.jpg 300w, https:\/\/agora.xtec.cat\/insdesantacoloma\/wp-content\/uploads\/usu1849\/2024\/02\/IMG_5966-1-1024x768.jpg 1024w, https:\/\/agora.xtec.cat\/insdesantacoloma\/wp-content\/uploads\/usu1849\/2024\/02\/IMG_5966-1-768x576.jpg 768w, https:\/\/agora.xtec.cat\/insdesantacoloma\/wp-content\/uploads\/usu1849\/2024\/02\/IMG_5966-1-1536x1152.jpg 1536w, https:\/\/agora.xtec.cat\/insdesantacoloma\/wp-content\/uploads\/usu1849\/2024\/02\/IMG_5966-1-2048x1536.jpg 2048w, https:\/\/agora.xtec.cat\/insdesantacoloma\/wp-content\/uploads\/usu1849\/2024\/02\/IMG_5966-1-200x150.jpg 200w\" sizes=\"auto, (max-width: 310px) 100vw, 310px\" \/><\/a><\/p>\n<p>Dimarts passat <strong>13 de febrer<\/strong> vam tenir la sort de comptar amb <span style=\"color: #33cccc;\"><strong>Maria Bel\u00f3n i amb Eduardo Strauch<\/strong><\/span>, dos supervivents reals en la que es basen les pel\u2022l\u00edcules: \u201cLo imposible\u201d i \u201cLa sociedad de la nieve\u201d.<\/p>\n<p style=\"text-align: justify;\">Ha estat una oportunitat \u00fanica de connectar amb un mateix a trav\u00e9s de la seva hist\u00f2ria i les seves paraules, fer introspecci\u00f3 personal, meditar i reflexionar sobre les prioritats, treure els vels que et resten visibilitat per contemplar el que \u00e9s important, i no rendir-se davant les serralades i tsunamis que et posa de la vida. Motivador i enriquidor, per\u00f2 sobretot, escoltar-vos ha estat sanador.Gr\u00e0cies, Maria i Eduardo per transmetre tant amb les vostres paraules, compartir la vostra experi\u00e8ncia i fer d&#8217;aquestes trobades la vostra missi\u00f3 de vida.<\/p>\n<p style=\"text-align: justify;\"><span style=\"font-family: inherit; font-size: 1em;\">Quin millor exemple de superaci\u00f3, solidaritat, suport i valor que el v<\/span><img loading=\"lazy\" decoding=\"async\" class=\" wp-image-4166 alignright\" src=\"https:\/\/agora.xtec.cat\/insdesantacoloma\/wp-content\/uploads\/usu1849\/2024\/02\/IMG_0706-300x200.jpg\" alt=\"\" width=\"422\" height=\"281\" srcset=\"https:\/\/agora.xtec.cat\/insdesantacoloma\/wp-content\/uploads\/usu1849\/2024\/02\/IMG_0706-300x200.jpg 300w, https:\/\/agora.xtec.cat\/insdesantacoloma\/wp-content\/uploads\/usu1849\/2024\/02\/IMG_0706-1024x683.jpg 1024w, https:\/\/agora.xtec.cat\/insdesantacoloma\/wp-content\/uploads\/usu1849\/2024\/02\/IMG_0706-768x512.jpg 768w, https:\/\/agora.xtec.cat\/insdesantacoloma\/wp-content\/uploads\/usu1849\/2024\/02\/IMG_0706-1536x1024.jpg 1536w, https:\/\/agora.xtec.cat\/insdesantacoloma\/wp-content\/uploads\/usu1849\/2024\/02\/IMG_0706-2048x1365.jpg 2048w\" sizes=\"auto, (max-width: 422px) 100vw, 422px\" \/><span style=\"font-family: inherit; font-size: 1em;\">ostre.<\/span><\/p>\n<p style=\"text-align: justify;\"><a href=\"https:\/\/www.youtube.com\/watch?v=EjeJt1BdN0Y\" target=\"_blank\" rel=\"noopener\">Cliqueu aqu\u00ed<\/a> per veure el Cine Forum!<\/p>\n<p style=\"text-align: justify;\">Un plaer!!<\/p>\n","protected":false},"excerpt":{"rendered":"<p>Dimarts passat 13 de febrer vam tenir la sort de comptar amb Maria Bel\u00f3n i amb Eduardo Strauch, dos supervivents [&hellip;]<\/p>\n","protected":false},"author":1,"featured_media":0,"comment_status":"open","ping_status":"closed","sticky":false,"template":"","format":"standard","meta":{"_bbp_topic_count":0,"_bbp_reply_count":0,"_bbp_total_topic_count":0,"_bbp_total_reply_count":0,"_bbp_voice_count":0,"_bbp_anonymous_reply_count":0,"_bbp_topic_count_hidden":0,"_bbp_reply_count_hidden":0,"_bbp_forum_subforum_count":0,"site-sidebar-layout":"default","site-content-layout":"","ast-site-content-layout":"","site-content-style":"default","site-sidebar-style":"default","ast-global-header-display":"","ast-banner-title-visibility":"","ast-main-header-display":"","ast-hfb-above-header-display":"","ast-hfb-below-header-display":"","ast-hfb-mobile-header-display":"","site-post-title":"","ast-breadcrumbs-content":"","ast-featured-img":"","footer-sml-layout":"","theme-transparent-header-meta":"","adv-header-id-meta":"","stick-header-meta":"","header-above-stick-meta":"","header-main-stick-meta":"","header-below-stick-meta":"","astra-migrate-meta-layouts":"default","ast-page-background-enabled":"default","ast-page-background-meta":{"desktop":{"background-color":"var(--ast-global-color-4)","background-image":"","background-repeat":"repeat","background-position":"center center","background-size":"auto","background-attachment":"scroll","background-type":"","background-media":"","overlay-type":"","overlay-color":"","overlay-opacity":"","overlay-gradient":""},"tablet":{"background-color":"","background-image":"","background-repeat":"repeat","background-position":"center center","background-size":"auto","background-attachment":"scroll","background-type":"","background-media":"","overlay-type":"","overlay-color":"","overlay-opacity":"","overlay-gradient":""},"mobile":{"background-color":"","background-image":"","background-repeat":"repeat","background-position":"center center","background-size":"auto","background-attachment":"scroll","background-type":"","background-media":"","overlay-type":"","overlay-color":"","overlay-opacity":"","overlay-gradient":""}},"ast-content-background-meta":{"desktop":{"background-color":"var(--ast-global-color-5)","background-image":"","background-repeat":"repeat","background-position":"center center","background-size":"auto","background-attachment":"scroll","background-type":"","background-media":"","overlay-type":"","overlay-color":"","overlay-opacity":"","overlay-gradient":""},"tablet":{"background-color":"var(--ast-global-color-5)","background-image":"","background-repeat":"repeat","background-position":"center center","background-size":"auto","background-attachment":"scroll","background-type":"","background-media":"","overlay-type":"","overlay-color":"","overlay-opacity":"","overlay-gradient":""},"mobile":{"background-color":"var(--ast-global-color-5)","background-image":"","background-repeat":"repeat","background-position":"center center","background-size":"auto","background-attachment":"scroll","background-type":"","background-media":"","overlay-type":"","overlay-color":"","overlay-opacity":"","overlay-gradient":""}},"footnotes":""},"categories":[8,1,29],"tags":[],"class_list":["post-4151","post","type-post","status-publish","format-standard","hentry","category-batxillerat","category-general","category-portada"],"post_mailing_queue_ids":[],"_links":{"self":[{"href":"https:\/\/agora.xtec.cat\/insdesantacoloma\/wp-json\/wp\/v2\/posts\/4151","targetHints":{"allow":["GET"]}}],"collection":[{"href":"https:\/\/agora.xtec.cat\/insdesantacoloma\/wp-json\/wp\/v2\/posts"}],"about":[{"href":"https:\/\/agora.xtec.cat\/insdesantacoloma\/wp-json\/wp\/v2\/types\/post"}],"author":[{"embeddable":true,"href":"https:\/\/agora.xtec.cat\/insdesantacoloma\/wp-json\/wp\/v2\/users\/1"}],"replies":[{"embeddable":true,"href":"https:\/\/agora.xtec.cat\/insdesantacoloma\/wp-json\/wp\/v2\/comments?post=4151"}],"version-history":[{"count":6,"href":"https:\/\/agora.xtec.cat\/insdesantacoloma\/wp-json\/wp\/v2\/posts\/4151\/revisions"}],"predecessor-version":[{"id":4225,"href":"https:\/\/agora.xtec.cat\/insdesantacoloma\/wp-json\/wp\/v2\/posts\/4151\/revisions\/4225"}],"wp:attachment":[{"href":"https:\/\/agora.xtec.cat\/insdesantacoloma\/wp-json\/wp\/v2\/media?parent=4151"}],"wp:term":[{"taxonomy":"category","embeddable":true,"href":"https:\/\/agora.xtec.cat\/insdesantacoloma\/wp-json\/wp\/v2\/categories?post=4151"},{"taxonomy":"post_tag","embeddable":true,"href":"https:\/\/agora.xtec.cat\/insdesantacoloma\/wp-json\/wp\/v2\/tags?post=4151"}],"curies":[{"name":"wp","href":"https:\/\/api.w.org\/{rel}","templated":true}]}}