{"id":3920,"date":"2023-06-12T10:58:58","date_gmt":"2023-06-12T08:58:58","guid":{"rendered":"https:\/\/agora.xtec.cat\/insdesantacoloma\/?p=3920"},"modified":"2023-06-12T10:58:58","modified_gmt":"2023-06-12T08:58:58","slug":"laboratori-de-transformacio-educativa","status":"publish","type":"post","link":"https:\/\/agora.xtec.cat\/insdesantacoloma\/general\/laboratori-de-transformacio-educativa\/","title":{"rendered":"Laboratori de transformaci\u00f3 educativa"},"content":{"rendered":"<p>Qu\u00e8 \u00e9s el\u00a0<em>Laboratori de Transformaci\u00f3 educativa<\/em>?<a href=\"https:\/\/agora.xtec.cat\/insdesantacoloma\/wp-content\/uploads\/usu1849\/2023\/06\/laboratori.png\"><img loading=\"lazy\" decoding=\"async\" class=\"size-medium wp-image-3922 alignright\" src=\"https:\/\/agora.xtec.cat\/insdesantacoloma\/wp-content\/uploads\/usu1849\/2023\/06\/laboratori-259x300.png\" alt=\"\" width=\"259\" height=\"300\" srcset=\"https:\/\/agora.xtec.cat\/insdesantacoloma\/wp-content\/uploads\/usu1849\/2023\/06\/laboratori-259x300.png 259w, https:\/\/agora.xtec.cat\/insdesantacoloma\/wp-content\/uploads\/usu1849\/2023\/06\/laboratori.png 406w\" sizes=\"auto, (max-width: 259px) 100vw, 259px\" \/><\/a><\/p>\n<p style=\"text-align: justify;\">El Laboratori de Transformaci\u00f3 Educativa s\u2019emmarca dins l\u2019\u00e0mbit de les pol\u00edtiques educatives per enfortir el model d\u2019escola catalana, amb el prop\u00f2sit transformador de millorar la qualitat educativa dels centres de Catalunya. Es tracta d\u2019una estrat\u00e8gia departamental que preveu el treball i el suport de diferents unitats del Departament, dels Serveis Territorials, del Consorci d\u2019Educaci\u00f3 de Barcelona, i aliances amb altres agents, especialment l\u2019Administraci\u00f3 local i els ICE de les universitats en un nou escenari de corresponsabilitat que ha d\u2019assegurar una millor prestaci\u00f3 del servei p\u00fablic d\u2019educaci\u00f3. Les seves caracter\u00edstiques estructurals i metodol\u00f2giques li confereixen les caracter\u00edstiques espec\u00edfiques d\u2019una iniciativa R+D+I flexible en el conjunt de processos i estrat\u00e8gies i en constant progr\u00e9s entre els \u201cinputs\u201d i els productes emergents dels seus \u201coutputs\u201d.<\/p>\n<p>Us deixem m\u00e9s informaci\u00f3 del Departament fent clic al seg\u00fcent enlla\u00e7: <a href=\"https:\/\/projectes.xtec.cat\/transformacioenxarxa\/wp-content\/uploads\/usu1468\/2021\/06\/Laboratori-de-Transformaci%C3%B3-1.pdf\" target=\"_blank\" rel=\"noopener\">LABORATORI TRANSFORMACI\u00d3<\/a><\/p>\n<p>Nosaltres, com a centre que forma part d&#8217;aquest projecte, hem fet diferents activitats i visites per poder promoure aquesta nova manera de treball educatiu. Us deixem al nostre <a href=\"https:\/\/sites.google.com\/xtec.cat\/ins9stacolomaenxarxa\/xarxa-de-transformaci%C3%B3-educativa\" target=\"_blank\" rel=\"noopener\">SITES<\/a> per poder accedir al que hem anat fent.<\/p>\n<p>Si voleu aprofundir m\u00e9s sobre aquest projecte us deixem tamb\u00e9 l&#8217;enlla\u00e7 de la seva p\u00e0gina <a href=\"https:\/\/projectes.xtec.cat\/transformacioenxarxa\/\" target=\"_blank\" rel=\"noopener\">XTEC<\/a>.<\/p>\n","protected":false},"excerpt":{"rendered":"<p>Qu\u00e8 \u00e9s el\u00a0Laboratori de Transformaci\u00f3 educativa? El Laboratori de Transformaci\u00f3 Educativa s\u2019emmarca dins l\u2019\u00e0mbit de les pol\u00edtiques educatives per enfortir [&hellip;]<\/p>\n","protected":false},"author":1,"featured_media":3925,"comment_status":"open","ping_status":"closed","sticky":false,"template":"","format":"standard","meta":{"_bbp_topic_count":0,"_bbp_reply_count":0,"_bbp_total_topic_count":0,"_bbp_total_reply_count":0,"_bbp_voice_count":0,"_bbp_anonymous_reply_count":0,"_bbp_topic_count_hidden":0,"_bbp_reply_count_hidden":0,"_bbp_forum_subforum_count":0,"site-sidebar-layout":"default","site-content-layout":"","ast-site-content-layout":"","site-content-style":"default","site-sidebar-style":"default","ast-global-header-display":"","ast-banner-title-visibility":"","ast-main-header-display":"","ast-hfb-above-header-display":"","ast-hfb-below-header-display":"","ast-hfb-mobile-header-display":"","site-post-title":"","ast-breadcrumbs-content":"","ast-featured-img":"","footer-sml-layout":"","theme-transparent-header-meta":"","adv-header-id-meta":"","stick-header-meta":"","header-above-stick-meta":"","header-main-stick-meta":"","header-below-stick-meta":"","astra-migrate-meta-layouts":"default","ast-page-background-enabled":"default","ast-page-background-meta":{"desktop":{"background-color":"var(--ast-global-color-4)","background-image":"","background-repeat":"repeat","background-position":"center center","background-size":"auto","background-attachment":"scroll","background-type":"","background-media":"","overlay-type":"","overlay-color":"","overlay-opacity":"","overlay-gradient":""},"tablet":{"background-color":"","background-image":"","background-repeat":"repeat","background-position":"center center","background-size":"auto","background-attachment":"scroll","background-type":"","background-media":"","overlay-type":"","overlay-color":"","overlay-opacity":"","overlay-gradient":""},"mobile":{"background-color":"","background-image":"","background-repeat":"repeat","background-position":"center center","background-size":"auto","background-attachment":"scroll","background-type":"","background-media":"","overlay-type":"","overlay-color":"","overlay-opacity":"","overlay-gradient":""}},"ast-content-background-meta":{"desktop":{"background-color":"var(--ast-global-color-5)","background-image":"","background-repeat":"repeat","background-position":"center center","background-size":"auto","background-attachment":"scroll","background-type":"","background-media":"","overlay-type":"","overlay-color":"","overlay-opacity":"","overlay-gradient":""},"tablet":{"background-color":"var(--ast-global-color-5)","background-image":"","background-repeat":"repeat","background-position":"center center","background-size":"auto","background-attachment":"scroll","background-type":"","background-media":"","overlay-type":"","overlay-color":"","overlay-opacity":"","overlay-gradient":""},"mobile":{"background-color":"var(--ast-global-color-5)","background-image":"","background-repeat":"repeat","background-position":"center center","background-size":"auto","background-attachment":"scroll","background-type":"","background-media":"","overlay-type":"","overlay-color":"","overlay-opacity":"","overlay-gradient":""}},"footnotes":""},"categories":[3,1,244,29],"tags":[],"class_list":["post-3920","post","type-post","status-publish","format-standard","has-post-thumbnail","hentry","category-eso","category-general","category-laboratori-de-transformacio-educativa","category-portada"],"post_mailing_queue_ids":[],"_links":{"self":[{"href":"https:\/\/agora.xtec.cat\/insdesantacoloma\/wp-json\/wp\/v2\/posts\/3920","targetHints":{"allow":["GET"]}}],"collection":[{"href":"https:\/\/agora.xtec.cat\/insdesantacoloma\/wp-json\/wp\/v2\/posts"}],"about":[{"href":"https:\/\/agora.xtec.cat\/insdesantacoloma\/wp-json\/wp\/v2\/types\/post"}],"author":[{"embeddable":true,"href":"https:\/\/agora.xtec.cat\/insdesantacoloma\/wp-json\/wp\/v2\/users\/1"}],"replies":[{"embeddable":true,"href":"https:\/\/agora.xtec.cat\/insdesantacoloma\/wp-json\/wp\/v2\/comments?post=3920"}],"version-history":[{"count":3,"href":"https:\/\/agora.xtec.cat\/insdesantacoloma\/wp-json\/wp\/v2\/posts\/3920\/revisions"}],"predecessor-version":[{"id":3928,"href":"https:\/\/agora.xtec.cat\/insdesantacoloma\/wp-json\/wp\/v2\/posts\/3920\/revisions\/3928"}],"wp:featuredmedia":[{"embeddable":true,"href":"https:\/\/agora.xtec.cat\/insdesantacoloma\/wp-json\/wp\/v2\/media\/3925"}],"wp:attachment":[{"href":"https:\/\/agora.xtec.cat\/insdesantacoloma\/wp-json\/wp\/v2\/media?parent=3920"}],"wp:term":[{"taxonomy":"category","embeddable":true,"href":"https:\/\/agora.xtec.cat\/insdesantacoloma\/wp-json\/wp\/v2\/categories?post=3920"},{"taxonomy":"post_tag","embeddable":true,"href":"https:\/\/agora.xtec.cat\/insdesantacoloma\/wp-json\/wp\/v2\/tags?post=3920"}],"curies":[{"name":"wp","href":"https:\/\/api.w.org\/{rel}","templated":true}]}}