{"id":3822,"date":"2023-04-24T10:00:38","date_gmt":"2023-04-24T08:00:38","guid":{"rendered":"https:\/\/agora.xtec.cat\/insdesantacoloma\/?p=3822"},"modified":"2023-04-24T10:03:48","modified_gmt":"2023-04-24T08:03:48","slug":"sant-jordi-23-al-9","status":"publish","type":"post","link":"https:\/\/agora.xtec.cat\/insdesantacoloma\/general\/sant-jordi-23-al-9\/","title":{"rendered":"Sant Jordi &#8217;23 al 9"},"content":{"rendered":"<p>Aquest any hem celebrat la diada de Sant Jordi divendres 21 d&#8217;abril. Ha estat una jornada molt especial i amb molta participaci\u00f3 de tothom. Vam tenir tallers i jocs, aix\u00ed com uns Jocs Florals on vam poder escoltar alguns relats i poemes de l&#8217;alumnat. Tamb\u00e9 vam poder comprar detalls fets a m\u00e0 per l&#8217;alumnat i\u00a0 compartir missatges molt especials.<\/p>\n<p><a href=\"https:\/\/agora.xtec.cat\/insdesantacoloma\/wp-content\/uploads\/usu1849\/2023\/04\/IMG-20230421-WA0006.jpg\" data-wp-editing=\"1\"><img loading=\"lazy\" decoding=\"async\" class=\"wp-image-3825 aligncenter\" src=\"https:\/\/agora.xtec.cat\/insdesantacoloma\/wp-content\/uploads\/usu1849\/2023\/04\/IMG-20230421-WA0006.jpg\" alt=\"\" width=\"769\" height=\"447\" srcset=\"https:\/\/agora.xtec.cat\/insdesantacoloma\/wp-content\/uploads\/usu1849\/2023\/04\/IMG-20230421-WA0006.jpg 1024w, https:\/\/agora.xtec.cat\/insdesantacoloma\/wp-content\/uploads\/usu1849\/2023\/04\/IMG-20230421-WA0006-300x174.jpg 300w, https:\/\/agora.xtec.cat\/insdesantacoloma\/wp-content\/uploads\/usu1849\/2023\/04\/IMG-20230421-WA0006-768x446.jpg 768w\" sizes=\"auto, (max-width: 769px) 100vw, 769px\" \/><\/a><br \/>\nLa jornada va estar <strong>organitzada per l&#8217;alumnat de 3r d&#8217;ESO<\/strong> i supervisada pel professorat d&#8217;aquest nivell. Van preparar diferents <strong>activitats<\/strong> al mat\u00ed com tallers d&#8217;escriptura creativa: <strong>haikus en angl\u00e8s i cal\u00b7ligrames<\/strong>, aix\u00ed com un <strong>servei de missatgeria<\/strong> an\u00f2nima per fer arribar breus missatges als i les copmanyes. Tamb\u00e9 van organitzar una petita <strong>gimcana<\/strong> pels grups de 1r i 2n d&#8217;ESO. Per altra banda, l&#8217;alumnat de 4t d&#8217;ESO va concursar a partir d&#8217;un &#8220;<strong>Pasapalabra<\/strong>&#8221; tamb\u00e9 organitzat per 3r.<\/p>\n<p>&nbsp;<\/p>\n<p><a href=\"https:\/\/agora.xtec.cat\/insdesantacoloma\/wp-content\/uploads\/usu1849\/2023\/04\/IMG-20230421-WA0011.jpg\"><img loading=\"lazy\" decoding=\"async\" class=\"alignleft wp-image-3824 \" src=\"https:\/\/agora.xtec.cat\/insdesantacoloma\/wp-content\/uploads\/usu1849\/2023\/04\/IMG-20230421-WA0011-768x1024.jpg\" alt=\"\" width=\"434\" height=\"578\" srcset=\"https:\/\/agora.xtec.cat\/insdesantacoloma\/wp-content\/uploads\/usu1849\/2023\/04\/IMG-20230421-WA0011-768x1024.jpg 768w, https:\/\/agora.xtec.cat\/insdesantacoloma\/wp-content\/uploads\/usu1849\/2023\/04\/IMG-20230421-WA0011-225x300.jpg 225w, https:\/\/agora.xtec.cat\/insdesantacoloma\/wp-content\/uploads\/usu1849\/2023\/04\/IMG-20230421-WA0011-1152x1536.jpg 1152w, https:\/\/agora.xtec.cat\/insdesantacoloma\/wp-content\/uploads\/usu1849\/2023\/04\/IMG-20230421-WA0011.jpg 1536w\" sizes=\"auto, (max-width: 434px) 100vw, 434px\" \/><\/a> <a href=\"https:\/\/agora.xtec.cat\/insdesantacoloma\/wp-content\/uploads\/usu1849\/2023\/04\/IMG-20230421-WA0017.jpg\"><img loading=\"lazy\" decoding=\"async\" class=\"wp-image-3823 alignright\" src=\"https:\/\/agora.xtec.cat\/insdesantacoloma\/wp-content\/uploads\/usu1849\/2023\/04\/IMG-20230421-WA0017.jpg\" alt=\"\" width=\"431\" height=\"574\" srcset=\"https:\/\/agora.xtec.cat\/insdesantacoloma\/wp-content\/uploads\/usu1849\/2023\/04\/IMG-20230421-WA0017.jpg 768w, https:\/\/agora.xtec.cat\/insdesantacoloma\/wp-content\/uploads\/usu1849\/2023\/04\/IMG-20230421-WA0017-225x300.jpg 225w\" sizes=\"auto, (max-width: 431px) 100vw, 431px\" \/><\/a><\/p>\n<p>&nbsp;<\/p>\n<p>&nbsp;<\/p>\n<p>&nbsp;<\/p>\n<p>&nbsp;<\/p>\n<p>&nbsp;<\/p>\n<p>&nbsp;<\/p>\n<p>&nbsp;<\/p>\n<p>&nbsp;<\/p>\n<p>&nbsp;<\/p>\n<p>&nbsp;<\/p>\n<p>&nbsp;<\/p>\n<p>&nbsp;<\/p>\n<p>&nbsp;<\/p>\n<p>&nbsp;<\/p>\n<p>Finalment, despr\u00e9s del pati es va procedir a celebrar els <strong>Jocs Florals de l&#8217;institut,<\/strong> on va participar l&#8217;alumnat en diferents categories com s\u00f3n: catal\u00e0, castell\u00e0 i angl\u00e8s. Tamb\u00e9 es va fer concurs de fotografia matem\u00e0tica. I durant la celebraci\u00f3 i entrega de premis, es van llegir diferents manifests, discursos i poemes, tot fent una diada plena de cultura i molt creativa, on l&#8217;alumnat va poder desenvolupar compet\u00e8ncies tamb\u00e9 importants pel seu dia a dia.<\/p>\n<p>Cal afegir a la jornada l&#8217;agra\u00efment que es va fer a l&#8217;alumnat que forma part de l&#8217;equip de <strong>mediaci\u00f3 i conviv\u00e8ncia del 9<\/strong>, el qual es va emportar una rosa i un diploma per recon\u00e8ixer el seu esfor\u00e7 i col\u00b7laboraci\u00f3 en el dia a dia del centre.<\/p>\n<p><a href=\"https:\/\/agora.xtec.cat\/insdesantacoloma\/wp-content\/uploads\/usu1849\/2023\/04\/20230421_123505-1-scaled-e1682249619633.jpg\"><img loading=\"lazy\" decoding=\"async\" class=\"wp-image-3828 aligncenter\" src=\"https:\/\/agora.xtec.cat\/insdesantacoloma\/wp-content\/uploads\/usu1849\/2023\/04\/20230421_123505-1-scaled-e1682249619633-1024x545.jpg\" alt=\"\" width=\"795\" height=\"423\" srcset=\"https:\/\/agora.xtec.cat\/insdesantacoloma\/wp-content\/uploads\/usu1849\/2023\/04\/20230421_123505-1-scaled-e1682249619633-1024x545.jpg 1024w, https:\/\/agora.xtec.cat\/insdesantacoloma\/wp-content\/uploads\/usu1849\/2023\/04\/20230421_123505-1-scaled-e1682249619633-300x160.jpg 300w, https:\/\/agora.xtec.cat\/insdesantacoloma\/wp-content\/uploads\/usu1849\/2023\/04\/20230421_123505-1-scaled-e1682249619633-768x409.jpg 768w, https:\/\/agora.xtec.cat\/insdesantacoloma\/wp-content\/uploads\/usu1849\/2023\/04\/20230421_123505-1-scaled-e1682249619633-1536x817.jpg 1536w, https:\/\/agora.xtec.cat\/insdesantacoloma\/wp-content\/uploads\/usu1849\/2023\/04\/20230421_123505-1-scaled-e1682249619633-2048x1090.jpg 2048w\" sizes=\"auto, (max-width: 795px) 100vw, 795px\" \/><\/a><\/p>\n<p>Tamb\u00e9 agra\u00efm <strong>a tot el professorat que va col\u00b7laborar i participar<\/strong> per poder fer aquesta diada m\u00e9s especial. Deixem a continuaci\u00f3 un v\u00eddeo amb un recull de moments i imatges del dia: <a href=\"https:\/\/www.youtube.com\/watch?v=yxCWasE0cz8\" target=\"_blank\" rel=\"noopener\">V\u00eddeo Sant Jordi &#8217;23 al 9<\/a><\/p>\n","protected":false},"excerpt":{"rendered":"<p>Aquest any hem celebrat la diada de Sant Jordi divendres 21 d&#8217;abril. Ha estat una jornada molt especial i amb [&hellip;]<\/p>\n","protected":false},"author":1,"featured_media":3836,"comment_status":"open","ping_status":"closed","sticky":false,"template":"","format":"standard","meta":{"_bbp_topic_count":0,"_bbp_reply_count":0,"_bbp_total_topic_count":0,"_bbp_total_reply_count":0,"_bbp_voice_count":0,"_bbp_anonymous_reply_count":0,"_bbp_topic_count_hidden":0,"_bbp_reply_count_hidden":0,"_bbp_forum_subforum_count":0,"site-sidebar-layout":"default","site-content-layout":"","ast-site-content-layout":"","site-content-style":"default","site-sidebar-style":"default","ast-global-header-display":"","ast-banner-title-visibility":"","ast-main-header-display":"","ast-hfb-above-header-display":"","ast-hfb-below-header-display":"","ast-hfb-mobile-header-display":"","site-post-title":"","ast-breadcrumbs-content":"","ast-featured-img":"","footer-sml-layout":"","theme-transparent-header-meta":"","adv-header-id-meta":"","stick-header-meta":"","header-above-stick-meta":"","header-main-stick-meta":"","header-below-stick-meta":"","astra-migrate-meta-layouts":"default","ast-page-background-enabled":"default","ast-page-background-meta":{"desktop":{"background-color":"var(--ast-global-color-4)","background-image":"","background-repeat":"repeat","background-position":"center center","background-size":"auto","background-attachment":"scroll","background-type":"","background-media":"","overlay-type":"","overlay-color":"","overlay-opacity":"","overlay-gradient":""},"tablet":{"background-color":"","background-image":"","background-repeat":"repeat","background-position":"center center","background-size":"auto","background-attachment":"scroll","background-type":"","background-media":"","overlay-type":"","overlay-color":"","overlay-opacity":"","overlay-gradient":""},"mobile":{"background-color":"","background-image":"","background-repeat":"repeat","background-position":"center center","background-size":"auto","background-attachment":"scroll","background-type":"","background-media":"","overlay-type":"","overlay-color":"","overlay-opacity":"","overlay-gradient":""}},"ast-content-background-meta":{"desktop":{"background-color":"var(--ast-global-color-5)","background-image":"","background-repeat":"repeat","background-position":"center center","background-size":"auto","background-attachment":"scroll","background-type":"","background-media":"","overlay-type":"","overlay-color":"","overlay-opacity":"","overlay-gradient":""},"tablet":{"background-color":"var(--ast-global-color-5)","background-image":"","background-repeat":"repeat","background-position":"center center","background-size":"auto","background-attachment":"scroll","background-type":"","background-media":"","overlay-type":"","overlay-color":"","overlay-opacity":"","overlay-gradient":""},"mobile":{"background-color":"var(--ast-global-color-5)","background-image":"","background-repeat":"repeat","background-position":"center center","background-size":"auto","background-attachment":"scroll","background-type":"","background-media":"","overlay-type":"","overlay-color":"","overlay-opacity":"","overlay-gradient":""}},"footnotes":""},"categories":[8,3,5,6,7,1,29],"tags":[],"class_list":["post-3822","post","type-post","status-publish","format-standard","has-post-thumbnail","hentry","category-batxillerat","category-eso","category-eso-2","category-eso-3","category-eso-4","category-general","category-portada"],"post_mailing_queue_ids":[],"_links":{"self":[{"href":"https:\/\/agora.xtec.cat\/insdesantacoloma\/wp-json\/wp\/v2\/posts\/3822","targetHints":{"allow":["GET"]}}],"collection":[{"href":"https:\/\/agora.xtec.cat\/insdesantacoloma\/wp-json\/wp\/v2\/posts"}],"about":[{"href":"https:\/\/agora.xtec.cat\/insdesantacoloma\/wp-json\/wp\/v2\/types\/post"}],"author":[{"embeddable":true,"href":"https:\/\/agora.xtec.cat\/insdesantacoloma\/wp-json\/wp\/v2\/users\/1"}],"replies":[{"embeddable":true,"href":"https:\/\/agora.xtec.cat\/insdesantacoloma\/wp-json\/wp\/v2\/comments?post=3822"}],"version-history":[{"count":3,"href":"https:\/\/agora.xtec.cat\/insdesantacoloma\/wp-json\/wp\/v2\/posts\/3822\/revisions"}],"predecessor-version":[{"id":3839,"href":"https:\/\/agora.xtec.cat\/insdesantacoloma\/wp-json\/wp\/v2\/posts\/3822\/revisions\/3839"}],"wp:featuredmedia":[{"embeddable":true,"href":"https:\/\/agora.xtec.cat\/insdesantacoloma\/wp-json\/wp\/v2\/media\/3836"}],"wp:attachment":[{"href":"https:\/\/agora.xtec.cat\/insdesantacoloma\/wp-json\/wp\/v2\/media?parent=3822"}],"wp:term":[{"taxonomy":"category","embeddable":true,"href":"https:\/\/agora.xtec.cat\/insdesantacoloma\/wp-json\/wp\/v2\/categories?post=3822"},{"taxonomy":"post_tag","embeddable":true,"href":"https:\/\/agora.xtec.cat\/insdesantacoloma\/wp-json\/wp\/v2\/tags?post=3822"}],"curies":[{"name":"wp","href":"https:\/\/api.w.org\/{rel}","templated":true}]}}