{"id":3723,"date":"2023-03-31T09:00:18","date_gmt":"2023-03-31T07:00:18","guid":{"rendered":"https:\/\/agora.xtec.cat\/insdesantacoloma\/?p=3723"},"modified":"2023-04-23T13:21:31","modified_gmt":"2023-04-23T11:21:31","slug":"colonies-1r-i-2n-deso","status":"publish","type":"post","link":"https:\/\/agora.xtec.cat\/insdesantacoloma\/general\/colonies-1r-i-2n-deso\/","title":{"rendered":"Col\u00f2nies 1r i 2n d&#8217;ESO"},"content":{"rendered":"<p>Aquest segon trimestre, l&#8217;alumnat de 1r i 2n d&#8217;ESO han estat de col\u00f2nies durant els dies 20, 21 i 22 de mar\u00e7.<\/p>\n<p>Els grups<a href=\"https:\/\/agora.xtec.cat\/insdesantacoloma\/wp-content\/uploads\/usu1849\/2023\/03\/IMG-20230321-WA0033.jpg\"><img loading=\"lazy\" decoding=\"async\" class=\"alignleft wp-image-3725 \" src=\"https:\/\/agora.xtec.cat\/insdesantacoloma\/wp-content\/uploads\/usu1849\/2023\/03\/IMG-20230321-WA0033.jpg\" alt=\"\" width=\"226\" height=\"301\" srcset=\"https:\/\/agora.xtec.cat\/insdesantacoloma\/wp-content\/uploads\/usu1849\/2023\/03\/IMG-20230321-WA0033.jpg 768w, https:\/\/agora.xtec.cat\/insdesantacoloma\/wp-content\/uploads\/usu1849\/2023\/03\/IMG-20230321-WA0033-225x300.jpg 225w\" sizes=\"auto, (max-width: 226px) 100vw, 226px\" \/><\/a> de <strong>1r d&#8217;ESO van estar a la casa de col\u00f2nies &#8220;El Jou Nature&#8221; a l&#8217;Alt Bergued\u00e0<\/strong>. All\u00e0 van estar rodejats de muntanyes i camps, un paratge id\u00edl\u00b7lic per poder desconnectar i gaudir d&#8217;uns dies ben entretinguts.<\/p>\n<p>Les activitats que van realitzar eren relacionades amb l&#8217;\u00e0mbit cient\u00edfic i esportiu. Per una banda van fer tallers de mineria i paleontologia; i, per l&#8217;altra van poder gaudir d&#8217;activitats esportives com bicis voladores, un p\u00e8ndul gegant i altres activitats a la natura.<\/p>\n<p>Tamb\u00e9 van aprofitar per acomiadar aquesta estada amb una discoteca a la nit de dimarts.<\/p>\n<p>Us deixem l&#8217;enlla\u00e7 amb el recull de fotos dels 3 dies:  <a Target=\"_blank\" href=\"https:\/\/drive.google.com\/drive\/folders\/1n3vsK9Ezs7Nl_ux_dl2e4-V8X2LY_0-5?usp=share_link\">FOTOS COL\u00d2NIES 1r ESO.<\/a><\/p>\n<p>&nbsp;<\/p>\n<p>&nbsp;<\/p>\n<p>&nbsp;<\/p>\n<p><a href=\"https:\/\/agora.xtec.cat\/insdesantacoloma\/wp-content\/uploads\/usu1849\/2023\/03\/a80f1f61-fd7f-47ef-9732-15b6d6bca53f-1-2.jpg\"><img loading=\"lazy\" decoding=\"async\" class=\"alignright wp-image-3734 \" src=\"https:\/\/agora.xtec.cat\/insdesantacoloma\/wp-content\/uploads\/usu1849\/2023\/03\/a80f1f61-fd7f-47ef-9732-15b6d6bca53f-1-2-1024x768.jpg\" alt=\"\" width=\"437\" height=\"328\" srcset=\"https:\/\/agora.xtec.cat\/insdesantacoloma\/wp-content\/uploads\/usu1849\/2023\/03\/a80f1f61-fd7f-47ef-9732-15b6d6bca53f-1-2-1024x768.jpg 1024w, https:\/\/agora.xtec.cat\/insdesantacoloma\/wp-content\/uploads\/usu1849\/2023\/03\/a80f1f61-fd7f-47ef-9732-15b6d6bca53f-1-2-300x225.jpg 300w, https:\/\/agora.xtec.cat\/insdesantacoloma\/wp-content\/uploads\/usu1849\/2023\/03\/a80f1f61-fd7f-47ef-9732-15b6d6bca53f-1-2-768x576.jpg 768w, https:\/\/agora.xtec.cat\/insdesantacoloma\/wp-content\/uploads\/usu1849\/2023\/03\/a80f1f61-fd7f-47ef-9732-15b6d6bca53f-1-2-1536x1152.jpg 1536w, https:\/\/agora.xtec.cat\/insdesantacoloma\/wp-content\/uploads\/usu1849\/2023\/03\/a80f1f61-fd7f-47ef-9732-15b6d6bca53f-1-2-200x150.jpg 200w, https:\/\/agora.xtec.cat\/insdesantacoloma\/wp-content\/uploads\/usu1849\/2023\/03\/a80f1f61-fd7f-47ef-9732-15b6d6bca53f-1-2.jpg 2048w\" sizes=\"auto, (max-width: 437px) 100vw, 437px\" \/><\/a><\/p>\n<p>&nbsp;<\/p>\n<p>Els grups de <strong>2n d&#8217;ESO van marxar a Palafrugell<\/strong>, a la casa de col\u00f2nies <strong>Albatros<\/strong>, gestionada per la Rosa dels Vents.<\/p>\n<p>La tem\u00e0tica d&#8217;aquestes col\u00f2nies era fer-les en angl\u00e8s i combinar-ho amb diferents activitats esportives com un circuit de tirolines, ponts, tir amb arc, escalada, bicicletes i jocs a la platja i jocs de nit per acomiadar-se de l&#8217;estada a la casa.<\/p>\n<p>&nbsp;<\/p>\n<p>Tamb\u00e9 us deixem un enlla\u00e7 amb la carpeta de <a Target=\"_blank\" href=\"target=\"_blank\"\"https:\/\/drive.google.com\/drive\/folders\/1n4y1KKm8biCDAWhzZN9I21Of2FCNqw_G?usp=share_link\">FOTOS COL\u00d2NIES 2n ESO<\/a>.<\/p>\n<p>&nbsp;<\/p>\n<p>En general tots els grups van estar engrescats amb les activitats, i des del centre creiem que la conviv\u00e8ncia i les interaccions que es generen a moments com les col\u00f2nies s\u00f3n molt importants en el desenvolupament personal i social. Van tornar molt contents i contentes de l&#8217;experi\u00e8ncia viscuda.<\/p>\n","protected":false},"excerpt":{"rendered":"<p>Aquest segon trimestre, l&#8217;alumnat de 1r i 2n d&#8217;ESO han estat de col\u00f2nies durant els dies 20, 21 i 22 [&hellip;]<\/p>\n","protected":false},"author":1,"featured_media":3745,"comment_status":"open","ping_status":"closed","sticky":false,"template":"","format":"standard","meta":{"_bbp_topic_count":0,"_bbp_reply_count":0,"_bbp_total_topic_count":0,"_bbp_total_reply_count":0,"_bbp_voice_count":0,"_bbp_anonymous_reply_count":0,"_bbp_topic_count_hidden":0,"_bbp_reply_count_hidden":0,"_bbp_forum_subforum_count":0,"site-sidebar-layout":"default","site-content-layout":"","ast-site-content-layout":"","site-content-style":"default","site-sidebar-style":"default","ast-global-header-display":"","ast-banner-title-visibility":"","ast-main-header-display":"","ast-hfb-above-header-display":"","ast-hfb-below-header-display":"","ast-hfb-mobile-header-display":"","site-post-title":"","ast-breadcrumbs-content":"","ast-featured-img":"","footer-sml-layout":"","theme-transparent-header-meta":"","adv-header-id-meta":"","stick-header-meta":"","header-above-stick-meta":"","header-main-stick-meta":"","header-below-stick-meta":"","astra-migrate-meta-layouts":"default","ast-page-background-enabled":"default","ast-page-background-meta":{"desktop":{"background-color":"var(--ast-global-color-4)","background-image":"","background-repeat":"repeat","background-position":"center center","background-size":"auto","background-attachment":"scroll","background-type":"","background-media":"","overlay-type":"","overlay-color":"","overlay-opacity":"","overlay-gradient":""},"tablet":{"background-color":"","background-image":"","background-repeat":"repeat","background-position":"center center","background-size":"auto","background-attachment":"scroll","background-type":"","background-media":"","overlay-type":"","overlay-color":"","overlay-opacity":"","overlay-gradient":""},"mobile":{"background-color":"","background-image":"","background-repeat":"repeat","background-position":"center center","background-size":"auto","background-attachment":"scroll","background-type":"","background-media":"","overlay-type":"","overlay-color":"","overlay-opacity":"","overlay-gradient":""}},"ast-content-background-meta":{"desktop":{"background-color":"var(--ast-global-color-5)","background-image":"","background-repeat":"repeat","background-position":"center center","background-size":"auto","background-attachment":"scroll","background-type":"","background-media":"","overlay-type":"","overlay-color":"","overlay-opacity":"","overlay-gradient":""},"tablet":{"background-color":"var(--ast-global-color-5)","background-image":"","background-repeat":"repeat","background-position":"center center","background-size":"auto","background-attachment":"scroll","background-type":"","background-media":"","overlay-type":"","overlay-color":"","overlay-opacity":"","overlay-gradient":""},"mobile":{"background-color":"var(--ast-global-color-5)","background-image":"","background-repeat":"repeat","background-position":"center center","background-size":"auto","background-attachment":"scroll","background-type":"","background-media":"","overlay-type":"","overlay-color":"","overlay-opacity":"","overlay-gradient":""}},"footnotes":""},"categories":[3,1,29],"tags":[],"class_list":["post-3723","post","type-post","status-publish","format-standard","has-post-thumbnail","hentry","category-eso","category-general","category-portada"],"post_mailing_queue_ids":[],"_links":{"self":[{"href":"https:\/\/agora.xtec.cat\/insdesantacoloma\/wp-json\/wp\/v2\/posts\/3723","targetHints":{"allow":["GET"]}}],"collection":[{"href":"https:\/\/agora.xtec.cat\/insdesantacoloma\/wp-json\/wp\/v2\/posts"}],"about":[{"href":"https:\/\/agora.xtec.cat\/insdesantacoloma\/wp-json\/wp\/v2\/types\/post"}],"author":[{"embeddable":true,"href":"https:\/\/agora.xtec.cat\/insdesantacoloma\/wp-json\/wp\/v2\/users\/1"}],"replies":[{"embeddable":true,"href":"https:\/\/agora.xtec.cat\/insdesantacoloma\/wp-json\/wp\/v2\/comments?post=3723"}],"version-history":[{"count":4,"href":"https:\/\/agora.xtec.cat\/insdesantacoloma\/wp-json\/wp\/v2\/posts\/3723\/revisions"}],"predecessor-version":[{"id":3810,"href":"https:\/\/agora.xtec.cat\/insdesantacoloma\/wp-json\/wp\/v2\/posts\/3723\/revisions\/3810"}],"wp:featuredmedia":[{"embeddable":true,"href":"https:\/\/agora.xtec.cat\/insdesantacoloma\/wp-json\/wp\/v2\/media\/3745"}],"wp:attachment":[{"href":"https:\/\/agora.xtec.cat\/insdesantacoloma\/wp-json\/wp\/v2\/media?parent=3723"}],"wp:term":[{"taxonomy":"category","embeddable":true,"href":"https:\/\/agora.xtec.cat\/insdesantacoloma\/wp-json\/wp\/v2\/categories?post=3723"},{"taxonomy":"post_tag","embeddable":true,"href":"https:\/\/agora.xtec.cat\/insdesantacoloma\/wp-json\/wp\/v2\/tags?post=3723"}],"curies":[{"name":"wp","href":"https:\/\/api.w.org\/{rel}","templated":true}]}}